{"id":150345,"date":"2025-08-10T09:57:52","date_gmt":"2025-08-10T14:57:52","guid":{"rendered":"https:\/\/lospoliticosveracruz.com.mx\/?p=150345"},"modified":"2025-08-10T09:58:00","modified_gmt":"2025-08-10T14:58:00","slug":"lord-jim","status":"publish","type":"post","link":"https:\/\/lospoliticosveracruz.com.mx\/?p=150345","title":{"rendered":"LORD JIM"},"content":{"rendered":"\n\n\n<p><strong>Jorge V\u00e1zquez Sangabriel<\/strong><\/p>\n\n\n\n<p><em>Breviarios<\/em><\/p>\n\n\n\n<p>\u201cFaltar\u00edanle una o acaso dos pulgadas para tener los seis pies ingleses de altura; era fornido, y, al abordar a la gente, hac\u00edalo combado ligeramente de hombros, avanzando la cabeza y con la mirada fija, profunda, bajo el dosel de las cejas, de tal suerte que evocaba el recuerdo de un toro en el momento de embestir. Recia y alta, como \u00e9l, era tambi\u00e9n su voz, y en su porte ech\u00e1base de ver una especie de ce\u00f1udo aplomo que nada ten\u00eda de agresivo. Parec\u00eda obedecer m\u00e1s bien a cierta necesidad de su temperamento, y pod\u00eda presumirse que tanto rezaba aquel aire consigo como con los dem\u00e1s. Era intachablemente limpio, vestido de inmaculado blanco desde los zapatos hasta el sombrero, y en los varios puertos orientales en que se ganaba el sustento como corredor de agencias proveedoras de barcos, hab\u00eda llegado a adquirir gran popularidad.<\/p>\n\n\n\n<p>Un corredor de los de esta clase no necesita ex\u00e1menes que prueben su suficiencia en cosa alguna de cuantas existen bajo la luz del sol; pero s\u00ed es necesario que sea h\u00e1bil por naturaleza y que sepa demostrarlo en la pr\u00e1ctica.\u201d&nbsp;&nbsp;<\/p>\n\n\n\n<p>As\u00ed inicia una de las destacadas obras de la literatura de Joseph Conrad, quien con profundidad magnetizadora viste de especial brillantez la narraci\u00f3n que por efecto recrea la vida de un hombre que se enfrenta a las vicisitudes de la vida, en donde el acontecer, rinde tributo a la conciencia, con mirada acuciosa, que nos traslada de lo exento al misterioso encuentro de la realidad de la condici\u00f3n humana; Conrad naci\u00f3 el 3 de diciembre de 1857 en Berdichev, Polonia; en Lord Jim, nos va descubriendo algo m\u00e1s que un c\u00f3digo de coraje y nobleza en el protagonista, record\u00e1ndonos personajes de estos tiempos, dignos algunos e indignos otros, condenando de manera aguda y fina los procederes de la ineptitud, la deslealtad y la traici\u00f3n; una constante que se desarrolla en todo n\u00facleo social de cualquier \u00e9poca, y se va al mismo tiempo, experimentando la virtud de otros y la influencia que pocos tienen sobre los m\u00e1s; condiciones que van ligadas, entreveradas ante la necesidad del hombre de socializar, de habitar en comunidad; una f\u00f3rmula que afirma la fuerza de los principales y m\u00e1s decisivos factores de un ser inmerso en una sociedad, pasada y actual, flagelante por el dominio al que esta misma sociedad se somete, sujet\u00e1ndose y sujetando a los individuos con lo establecido; un establishment que sentencia, o exalta efusiva y tendenciosamente la presencia por necesidad propia de un ente social en su interactuar con los dem\u00e1s y con su entorno.<\/p>\n\n\n\n<p>Ingenioso y agudo como lo fue Conrad; acucioso observador, aborda sus obras con natural conocimiento y profundidad psicol\u00f3gica de la condici\u00f3n humana.<\/p>\n\n\n\n<p>Despu\u00e9s de haber recorrido los mares de pr\u00e1cticamente todo el mundo, se ausent\u00f3 de la vida terrenal un 3 de agosto de 1924, en Oswald, regi\u00f3n de Kent, Reino Unido.<\/p>\n\n\n\n<p>A los 17 a\u00f1os de edad, Joseph Conrad, comenz\u00f3 a aprender el oficio de marinero estableci\u00e9ndose en Inglaterra, en donde obtuvo su patente de capit\u00e1n de alta mar.<\/p>\n\n\n\n<p>Referencias tomadas de la obra: Lord Jim.<\/p>\n\n\n\n<p>Autor: Joseph Conrad.<\/p>\n\n\n\n<p>Traducci\u00f3n: Ram\u00f3n D. P\u00e9res.<\/p>\n\n\n\n<p>Editorial: Biblioteca del Universitario, UV.<\/p>\n","protected":false},"excerpt":{"rendered":"<p>Jorge V\u00e1zquez Sangabriel Breviarios \u201cFaltar\u00edanle una o acaso dos pulgadas para tener los seis pies ingleses de altura; era fornido, y, al abordar a la gente, hac\u00edalo combado ligeramente de hombros, avanzando la cabeza y con la mirada fija, profunda, bajo el dosel de las cejas, de tal suerte que evocaba el recuerdo de un [&hellip;]<\/p>\n","protected":false},"author":2,"featured_media":150346,"comment_status":"closed","ping_status":"closed","sticky":false,"template":"","format":"standard","meta":{"_jetpack_newsletter_access":"","_jetpack_dont_email_post_to_subs":false,"_jetpack_newsletter_tier_id":0,"_jetpack_memberships_contains_paywalled_content":false,"_jetpack_memberships_contains_paid_content":false,"footnotes":""},"categories":[75],"tags":[],"class_list":["post-150345","post","type-post","status-publish","format-standard","has-post-thumbnail","hentry","category-cine-libros-y-mas"],"jetpack_featured_media_url":"https:\/\/lospoliticosveracruz.com.mx\/wp-content\/uploads\/2025\/08\/IMG_5372.jpeg","jetpack_sharing_enabled":true,"jetpack_shortlink":"https:\/\/wp.me\/p4Qcd3-D6V","_links":{"self":[{"href":"https:\/\/lospoliticosveracruz.com.mx\/index.php?rest_route=\/wp\/v2\/posts\/150345","targetHints":{"allow":["GET"]}}],"collection":[{"href":"https:\/\/lospoliticosveracruz.com.mx\/index.php?rest_route=\/wp\/v2\/posts"}],"about":[{"href":"https:\/\/lospoliticosveracruz.com.mx\/index.php?rest_route=\/wp\/v2\/types\/post"}],"author":[{"embeddable":true,"href":"https:\/\/lospoliticosveracruz.com.mx\/index.php?rest_route=\/wp\/v2\/users\/2"}],"replies":[{"embeddable":true,"href":"https:\/\/lospoliticosveracruz.com.mx\/index.php?rest_route=%2Fwp%2Fv2%2Fcomments&post=150345"}],"version-history":[{"count":1,"href":"https:\/\/lospoliticosveracruz.com.mx\/index.php?rest_route=\/wp\/v2\/posts\/150345\/revisions"}],"predecessor-version":[{"id":150347,"href":"https:\/\/lospoliticosveracruz.com.mx\/index.php?rest_route=\/wp\/v2\/posts\/150345\/revisions\/150347"}],"wp:featuredmedia":[{"embeddable":true,"href":"https:\/\/lospoliticosveracruz.com.mx\/index.php?rest_route=\/wp\/v2\/media\/150346"}],"wp:attachment":[{"href":"https:\/\/lospoliticosveracruz.com.mx\/index.php?rest_route=%2Fwp%2Fv2%2Fmedia&parent=150345"}],"wp:term":[{"taxonomy":"category","embeddable":true,"href":"https:\/\/lospoliticosveracruz.com.mx\/index.php?rest_route=%2Fwp%2Fv2%2Fcategories&post=150345"},{"taxonomy":"post_tag","embeddable":true,"href":"https:\/\/lospoliticosveracruz.com.mx\/index.php?rest_route=%2Fwp%2Fv2%2Ftags&post=150345"}],"curies":[{"name":"wp","href":"https:\/\/api.w.org\/{rel}","templated":true}]}}