{"id":150352,"date":"2025-08-10T11:17:38","date_gmt":"2025-08-10T16:17:38","guid":{"rendered":"https:\/\/lospoliticosveracruz.com.mx\/?p=150352"},"modified":"2025-08-10T11:17:54","modified_gmt":"2025-08-10T16:17:54","slug":"poza-rica-le-hace-fuchi-a-huerta","status":"publish","type":"post","link":"https:\/\/lospoliticosveracruz.com.mx\/?p=150352","title":{"rendered":"POZA RICA LE HACE FUCHI A HUERTA!"},"content":{"rendered":"\n\n\n<p><strong>Karla M\u00e9ndez&nbsp;<\/strong><\/p>\n\n\n\n<p>Miles de militantes y simpatizantes de MORENA reiteraron su molestia hacia el Senador Manuel Huerta Ladr\u00f3n de Guevara a quien le exigieron su salida del partido por haberlos traicionado.<\/p>\n\n\n\n<p>Durante un mitin la candidata de Poza Rica Adhanely Rodriguez, le hizo una invitaci\u00f3n a Manuel Huerta para que acuda con la ciudadan\u00eda de ese municipio y les d\u00e9 una explicaci\u00f3n por haber apoyado al candidato Emilio Olvera de Movimiento Ciudadano y traicionado al partido del que se dice miembro fundador.<\/p>\n\n\n\n<p>Y es que la candidata de MORENA, record\u00f3 que en la encuesta interna del partido Emilio Olvera perdi\u00f3, pero adem\u00e1s era apoyado por Manuel Huerta, quien al verse derrotado se pas\u00f3 a Movimiento Ciudadano como candidato y aseguran se quiere robar la elecci\u00f3n.<\/p>\n\n\n\n<p>\u00abAprovecho para hacerle una invitaci\u00f3n, un llamado al senador Manuel Huerta Ladr\u00f3n de Guevara, que venga y que le vea cara a cara a su gente. Bienvenido. Le pedimos y le exigimos. Le pedimos y le exigimos que si es gente honesta que venga y nos explique porque se va a estar por otro lado o con otros partidos pol\u00edticos. Pues le decimos. Que renuncie, as\u00ed como lo hizo su candidato.\u00bb<\/p>\n\n\n\n<p>En un un\u00edsono, todos los asistentes para defender el voto en Poza Rica, gritaron \u00abFuera\u00bb a Huerta Ladr\u00f3n de Guevera, ya que aseguran decidi\u00f3 apoyar a varios candidatos de Movimiento Ciudadano(MC) y Partido del Trabajo(PT) en las pasadas elecciones, lo cual es una traici\u00f3n a MORENA.<\/p>\n\n\n\n<p>Cabe recordar que ya se encuentra en la mesa del Comit\u00e9 Ejecutivo Nacional(CEN) de MORENA, la petici\u00f3n con pruebas para la expulsi\u00f3n de Manuel Huerta por traici\u00f3n al partido y no ir acorde a los estatutos que es no mentir, no robar y no traicionar al pueblo.<\/p>\n","protected":false},"excerpt":{"rendered":"<p>Karla M\u00e9ndez&nbsp; Miles de militantes y simpatizantes de MORENA reiteraron su molestia hacia el Senador Manuel Huerta Ladr\u00f3n de Guevara a quien le exigieron su salida del partido por haberlos traicionado. Durante un mitin la candidata de Poza Rica Adhanely Rodriguez, le hizo una invitaci\u00f3n a Manuel Huerta para que acuda con la ciudadan\u00eda de [&hellip;]<\/p>\n","protected":false},"author":2,"featured_media":150353,"comment_status":"closed","ping_status":"closed","sticky":false,"template":"","format":"standard","meta":{"_jetpack_newsletter_access":"","_jetpack_dont_email_post_to_subs":false,"_jetpack_newsletter_tier_id":0,"_jetpack_memberships_contains_paywalled_content":false,"_jetpack_memberships_contains_paid_content":false,"footnotes":""},"categories":[6446],"tags":[],"class_list":["post-150352","post","type-post","status-publish","format-standard","has-post-thumbnail","hentry","category-la-nota"],"jetpack_featured_media_url":"https:\/\/lospoliticosveracruz.com.mx\/wp-content\/uploads\/2025\/08\/IMG_5377.jpeg","jetpack_sharing_enabled":true,"jetpack_shortlink":"https:\/\/wp.me\/p4Qcd3-D72","_links":{"self":[{"href":"https:\/\/lospoliticosveracruz.com.mx\/index.php?rest_route=\/wp\/v2\/posts\/150352","targetHints":{"allow":["GET"]}}],"collection":[{"href":"https:\/\/lospoliticosveracruz.com.mx\/index.php?rest_route=\/wp\/v2\/posts"}],"about":[{"href":"https:\/\/lospoliticosveracruz.com.mx\/index.php?rest_route=\/wp\/v2\/types\/post"}],"author":[{"embeddable":true,"href":"https:\/\/lospoliticosveracruz.com.mx\/index.php?rest_route=\/wp\/v2\/users\/2"}],"replies":[{"embeddable":true,"href":"https:\/\/lospoliticosveracruz.com.mx\/index.php?rest_route=%2Fwp%2Fv2%2Fcomments&post=150352"}],"version-history":[{"count":2,"href":"https:\/\/lospoliticosveracruz.com.mx\/index.php?rest_route=\/wp\/v2\/posts\/150352\/revisions"}],"predecessor-version":[{"id":150355,"href":"https:\/\/lospoliticosveracruz.com.mx\/index.php?rest_route=\/wp\/v2\/posts\/150352\/revisions\/150355"}],"wp:featuredmedia":[{"embeddable":true,"href":"https:\/\/lospoliticosveracruz.com.mx\/index.php?rest_route=\/wp\/v2\/media\/150353"}],"wp:attachment":[{"href":"https:\/\/lospoliticosveracruz.com.mx\/index.php?rest_route=%2Fwp%2Fv2%2Fmedia&parent=150352"}],"wp:term":[{"taxonomy":"category","embeddable":true,"href":"https:\/\/lospoliticosveracruz.com.mx\/index.php?rest_route=%2Fwp%2Fv2%2Fcategories&post=150352"},{"taxonomy":"post_tag","embeddable":true,"href":"https:\/\/lospoliticosveracruz.com.mx\/index.php?rest_route=%2Fwp%2Fv2%2Ftags&post=150352"}],"curies":[{"name":"wp","href":"https:\/\/api.w.org\/{rel}","templated":true}]}}