{"id":150366,"date":"2025-08-10T15:56:27","date_gmt":"2025-08-10T20:56:27","guid":{"rendered":"https:\/\/lospoliticosveracruz.com.mx\/?p=150366"},"modified":"2025-08-12T11:37:06","modified_gmt":"2025-08-12T16:37:06","slug":"rosa-maria-al-rescate-de-centros-comunitarios","status":"publish","type":"post","link":"https:\/\/lospoliticosveracruz.com.mx\/?p=150366","title":{"rendered":"ROSA MAR\u00cdA, AL RESCATE DE CENTROS COMUNITARIOS"},"content":{"rendered":"\n\n\n<p><br><strong>Veracruz:<\/strong>&nbsp;La&nbsp;<strong>alcaldesa electa de Veracruz<\/strong>,&nbsp;<strong>Rosa Mar\u00eda Hern\u00e1ndez Espejo<\/strong>, lament\u00f3 el estado de abandono en que se encuentran los parques y&nbsp;<strong>Centros de Desarrollo Social y Deportivos<\/strong>&nbsp;de la ciudad, as\u00ed como otros espacios p\u00fablicos construidos en colonias marginadas de la ciudad.<\/p>\n\n\n\n\n\n<p>Al realizar un recorrido por los&nbsp;<strong>Centros Comunitarios Las Amapolas 1 y 2<\/strong>&nbsp;\u2014que forman parte del&nbsp;<strong>Programa de Mejoramiento Urbano (PMU)<\/strong>&nbsp;implementado con recursos federales\u2014, la&nbsp;<strong>diputada federal con licencia<\/strong>&nbsp;lament\u00f3 que hoy estos centros y espacios p\u00fablicos presenten un grave deterioro debido a la falta de mantenimiento y cuidado por parte del&nbsp;<strong>gobierno municipal porte\u00f1o<\/strong>, que ten\u00eda la responsabilidad de conservarlos.<\/p>\n\n\n\n<p>\u201cLa falta de empat\u00eda y compromiso con la ciudadan\u00eda se refleja en el abandono de espacios que debieron ser puntos de encuentro, recreaci\u00f3n y desarrollo comunitario\u201d, expres\u00f3&nbsp;<strong>Hern\u00e1ndez Espejo<\/strong>.<\/p>\n\n\n\n<p>Estas obras, impulsadas en 2021 por el entonces&nbsp;<strong>presidente de la Rep\u00fablica<\/strong>,&nbsp;<strong>Andr\u00e9s Manuel L\u00f3pez Obrador<\/strong>, que incluyeron centros culturales, deportivos, parques lineales y espacios de convivencia, representaron una inversi\u00f3n superior a&nbsp;<strong>221 millones de pesos<\/strong>&nbsp;para intervenir m\u00e1s de&nbsp;<strong>50 mil metros cuadrados<\/strong>, con la finalidad de mejorar la calidad de vida de las familias veracruzanas.<\/p>\n\n\n\n<p>La&nbsp;<strong>presidenta municipal electa<\/strong>&nbsp;destac\u00f3 que estos espacios son fundamentales para fortalecer el tejido social, promover la convivencia, la cultura y el deporte, elementos indispensables para el bienestar y desarrollo de las comunidades veracruzanas, por lo que una prioridad de su gobierno municipal ser\u00e1 recuperar y conservar estos lugares para que todas las familias tengan acceso a entornos que fomenten la inclusi\u00f3n y la cohesi\u00f3n social.<\/p>\n\n\n\n<p><\/p>\n","protected":false},"excerpt":{"rendered":"<p>Veracruz:&nbsp;La&nbsp;alcaldesa electa de Veracruz,&nbsp;Rosa Mar\u00eda Hern\u00e1ndez Espejo, lament\u00f3 el estado de abandono en que se encuentran los parques y&nbsp;Centros de Desarrollo Social y Deportivos&nbsp;de la ciudad, as\u00ed como otros espacios p\u00fablicos construidos en colonias marginadas de la ciudad. Al realizar un recorrido por los&nbsp;Centros Comunitarios Las Amapolas 1 y 2&nbsp;\u2014que forman parte del&nbsp;Programa de Mejoramiento [&hellip;]<\/p>\n","protected":false},"author":2,"featured_media":150367,"comment_status":"closed","ping_status":"closed","sticky":false,"template":"","format":"standard","meta":{"_jetpack_newsletter_access":"","_jetpack_dont_email_post_to_subs":false,"_jetpack_newsletter_tier_id":0,"_jetpack_memberships_contains_paywalled_content":false,"_jetpack_memberships_contains_paid_content":false,"footnotes":""},"categories":[73],"tags":[45031,45032,5795,17716,11900],"class_list":["post-150366","post","type-post","status-publish","format-standard","has-post-thumbnail","hentry","category-de-boleto","tag-centros-comunitarios-veracruz","tag-desarrollo-social-veracruz","tag-espacios-publicos","tag-programa-de-mejoramiento-urbano","tag-rosa-maria-hernandez-espejo"],"jetpack_featured_media_url":"https:\/\/lospoliticosveracruz.com.mx\/wp-content\/uploads\/2025\/08\/IMG_5385.jpeg","jetpack_sharing_enabled":true,"jetpack_shortlink":"https:\/\/wp.me\/p4Qcd3-D7g","_links":{"self":[{"href":"https:\/\/lospoliticosveracruz.com.mx\/index.php?rest_route=\/wp\/v2\/posts\/150366","targetHints":{"allow":["GET"]}}],"collection":[{"href":"https:\/\/lospoliticosveracruz.com.mx\/index.php?rest_route=\/wp\/v2\/posts"}],"about":[{"href":"https:\/\/lospoliticosveracruz.com.mx\/index.php?rest_route=\/wp\/v2\/types\/post"}],"author":[{"embeddable":true,"href":"https:\/\/lospoliticosveracruz.com.mx\/index.php?rest_route=\/wp\/v2\/users\/2"}],"replies":[{"embeddable":true,"href":"https:\/\/lospoliticosveracruz.com.mx\/index.php?rest_route=%2Fwp%2Fv2%2Fcomments&post=150366"}],"version-history":[{"count":2,"href":"https:\/\/lospoliticosveracruz.com.mx\/index.php?rest_route=\/wp\/v2\/posts\/150366\/revisions"}],"predecessor-version":[{"id":150498,"href":"https:\/\/lospoliticosveracruz.com.mx\/index.php?rest_route=\/wp\/v2\/posts\/150366\/revisions\/150498"}],"wp:featuredmedia":[{"embeddable":true,"href":"https:\/\/lospoliticosveracruz.com.mx\/index.php?rest_route=\/wp\/v2\/media\/150367"}],"wp:attachment":[{"href":"https:\/\/lospoliticosveracruz.com.mx\/index.php?rest_route=%2Fwp%2Fv2%2Fmedia&parent=150366"}],"wp:term":[{"taxonomy":"category","embeddable":true,"href":"https:\/\/lospoliticosveracruz.com.mx\/index.php?rest_route=%2Fwp%2Fv2%2Fcategories&post=150366"},{"taxonomy":"post_tag","embeddable":true,"href":"https:\/\/lospoliticosveracruz.com.mx\/index.php?rest_route=%2Fwp%2Fv2%2Ftags&post=150366"}],"curies":[{"name":"wp","href":"https:\/\/api.w.org\/{rel}","templated":true}]}}