{"id":150433,"date":"2025-08-11T13:07:42","date_gmt":"2025-08-11T18:07:42","guid":{"rendered":"https:\/\/lospoliticosveracruz.com.mx\/?p=150433"},"modified":"2025-08-11T13:07:57","modified_gmt":"2025-08-11T18:07:57","slug":"le-mete-freno-a-las-cuotas","status":"publish","type":"post","link":"https:\/\/lospoliticosveracruz.com.mx\/?p=150433","title":{"rendered":"LE METE FRENO A LAS CUOTAS!!!"},"content":{"rendered":"\n\n\n<p><strong>Karla M\u00e9ndez<\/strong><\/p>\n\n\n\n<p>La titular de la <strong>Secretar\u00eda de Educaci\u00f3n de Veracruz (SEV)<\/strong>, <strong>Claudia Tello Espinosa<\/strong>, reconoci\u00f3 que se detectaron cobros de forma obligatoria de las llamadas cuotas escolares de las <strong>asociaciones de padres de familia<\/strong>, en varios puntos del estado, por lo que hizo un llamado a los padres y madres de familia a denunciar estos hechos.<\/p>\n\n\n\n<p>A pesar de que la ley establece que la educaci\u00f3n debe ser totalmente gratuita, la <strong>secretaria de Educaci\u00f3n<\/strong> indic\u00f3 que uno de estos casos fue en un <strong>instituto tecnol\u00f3gico del estado<\/strong>, en donde el dinero se reintegrar\u00e1 a los estudiantes afectados.<\/p>\n\n\n\n<p>Y es que, el caso sali\u00f3 a la luz p\u00fablica cuando padres de familia se quejaron por el pago impuesto en el momento de la inscripci\u00f3n, vulnerando sus derechos a la educaci\u00f3n y contradiciendo las pol\u00edticas estatales que promueven la gratuidad en todos los niveles.<\/p>\n\n\n\n<p>\u201cNo hay cuotas para ning\u00fan nivel educativo, no hay obligatoriedad, recuerden que nuestra <strong>gobernadora<\/strong> est\u00e1 impulsando lo que es la gratuidad y precisamente hace unos d\u00edas estuvimos en un tecnol\u00f3gico en el cual estaban haciendo un cobro\u201d.<\/p>\n\n\n\n<p>Ante las quejas de los padres de familia, la <strong>SEV<\/strong> intervino y el dinero cobrado ser\u00e1 devuelto a los estudiantes.<\/p>\n\n\n\n<p>Finalmente, <strong>Tello Espinosa<\/strong> inform\u00f3 que la distribuci\u00f3n en la entidad presenta un avance significativo.<\/p>\n","protected":false},"excerpt":{"rendered":"<p>Karla M\u00e9ndez La titular de la Secretar\u00eda de Educaci\u00f3n de Veracruz (SEV), Claudia Tello Espinosa, reconoci\u00f3 que se detectaron cobros de forma obligatoria de las llamadas cuotas escolares de las asociaciones de padres de familia, en varios puntos del estado, por lo que hizo un llamado a los padres y madres de familia a denunciar [&hellip;]<\/p>\n","protected":false},"author":2,"featured_media":0,"comment_status":"closed","ping_status":"closed","sticky":false,"template":"","format":"standard","meta":{"_jetpack_newsletter_access":"","_jetpack_dont_email_post_to_subs":false,"_jetpack_newsletter_tier_id":0,"_jetpack_memberships_contains_paywalled_content":false,"_jetpack_memberships_contains_paid_content":false,"footnotes":""},"categories":[6446],"tags":[13953,11406,45065,2432,31263],"class_list":["post-150433","post","type-post","status-publish","format-standard","hentry","category-la-nota","tag-claudia-tello-espinosa","tag-cuotas-escolares","tag-educacion-gratuita","tag-secretaria-de-educacion-de-veracruz","tag-sev-veracruz"],"jetpack_featured_media_url":"","jetpack_sharing_enabled":true,"jetpack_shortlink":"https:\/\/wp.me\/p4Qcd3-D8l","_links":{"self":[{"href":"https:\/\/lospoliticosveracruz.com.mx\/index.php?rest_route=\/wp\/v2\/posts\/150433","targetHints":{"allow":["GET"]}}],"collection":[{"href":"https:\/\/lospoliticosveracruz.com.mx\/index.php?rest_route=\/wp\/v2\/posts"}],"about":[{"href":"https:\/\/lospoliticosveracruz.com.mx\/index.php?rest_route=\/wp\/v2\/types\/post"}],"author":[{"embeddable":true,"href":"https:\/\/lospoliticosveracruz.com.mx\/index.php?rest_route=\/wp\/v2\/users\/2"}],"replies":[{"embeddable":true,"href":"https:\/\/lospoliticosveracruz.com.mx\/index.php?rest_route=%2Fwp%2Fv2%2Fcomments&post=150433"}],"version-history":[{"count":2,"href":"https:\/\/lospoliticosveracruz.com.mx\/index.php?rest_route=\/wp\/v2\/posts\/150433\/revisions"}],"predecessor-version":[{"id":150435,"href":"https:\/\/lospoliticosveracruz.com.mx\/index.php?rest_route=\/wp\/v2\/posts\/150433\/revisions\/150435"}],"wp:attachment":[{"href":"https:\/\/lospoliticosveracruz.com.mx\/index.php?rest_route=%2Fwp%2Fv2%2Fmedia&parent=150433"}],"wp:term":[{"taxonomy":"category","embeddable":true,"href":"https:\/\/lospoliticosveracruz.com.mx\/index.php?rest_route=%2Fwp%2Fv2%2Fcategories&post=150433"},{"taxonomy":"post_tag","embeddable":true,"href":"https:\/\/lospoliticosveracruz.com.mx\/index.php?rest_route=%2Fwp%2Fv2%2Ftags&post=150433"}],"curies":[{"name":"wp","href":"https:\/\/api.w.org\/{rel}","templated":true}]}}