{"id":150518,"date":"2025-08-12T16:24:23","date_gmt":"2025-08-12T21:24:23","guid":{"rendered":"https:\/\/lospoliticosveracruz.com.mx\/?p=150518"},"modified":"2025-08-12T16:24:38","modified_gmt":"2025-08-12T21:24:38","slug":"el-sueno-de-los-justos","status":"publish","type":"post","link":"https:\/\/lospoliticosveracruz.com.mx\/?p=150518","title":{"rendered":"EL SUE\u00d1O DE LOS JUSTOS"},"content":{"rendered":"\n\n\n<p><strong>Jorge Arturo Rodr\u00edguez<\/strong><br><em>Tierra de Babel<\/em><\/p>\n\n\n\n<p>No nos hagamos de la vista gorda. Despertemos. Cierto, no hay que ser pesimista, mucho menos fatalista. Pero tampoco nos embriaguemos de optimismo porque la resaca al d\u00eda siguiente es tremenda. Seamos objetivos, realistas. <strong>C\u00e9sar Vallejo<\/strong> escribi\u00f3 el microcuento \u201cDespierto\u201d: \u201cConozco un hombre que dorm\u00eda con sus brazos. Un d\u00eda se los amputaron y qued\u00f3 despierto para siempre.\u201d<\/p>\n\n\n\n<p>M\u00e1s le\u00f1a al fuego, no por favor. Las autoridades hacen como que trabajan para resolver un chingo de problemas que a diario nacen, crecen y se reproducen. \u00bfCu\u00e1ndo mueren esos problemas? Nosotros los ciudadanos -el pueblo sabio\u2026 y jodido-, y aquellos ciudadanos -el pueblo chido que vive en nubes de poder, dinero y gloria- caemos en la indiferencia y el conformismo.<\/p>\n\n\n\n<p>Alguien hace poco me coment\u00f3 que somos, sin querer queriendo, soci\u00f3patas. \u00bfQu\u00e9 es eso? Encuentro -ya saben d\u00f3nde-, que \u201cun soci\u00f3pata es una persona que muestra un patr\u00f3n persistente de comportamiento antisocial, caracterizado por la falta de empat\u00eda, remordimiento y respeto por las normas sociales y los derechos de los dem\u00e1s.\u201d Sin meterme m\u00e1s en mis adorables trastornos y menos en los trastornos de los dem\u00e1s, leo que las caracter\u00edsticas principales de un soci\u00f3pata son:<\/p>\n\n\n\n<p>Falta de empat\u00eda: Dificultad para comprender o compartir los sentimientos de los dem\u00e1s; Falta de remordimiento: No sienten culpa ni arrepentimiento por sus acciones, incluso si causan da\u00f1o a otros; Comportamiento manipulador: Tienden a manipular a los dem\u00e1s para obtener beneficios personales; Incapacidad para seguir normas sociales: Tienen dificultades para adaptarse a las normas y leyes sociales; Irresponsabilidad: Muestran falta de responsabilidad en sus acciones y compromisos; Tendencia a la agresividad: Pueden ser propensos a la agresi\u00f3n y a la violencia; Mentiras y enga\u00f1os: Suelen mentir y enga\u00f1ar a los dem\u00e1s con facilidad.<\/p>\n\n\n\n<p>Y p\u00e1ranle, pa\u2019 qu\u00e9 m\u00e1s. Una sociedad soci\u00f3pata. \u00bfSer\u00e1? <strong>Jos\u00e9 Emilio Pacheco<\/strong> escribi\u00f3 el microcuento \u201cTentador\u201d: \u201cDijo el demonio al cielo: \u2014No me tientes.\u201d<\/p>\n\n\n\n<p>Hay miedo de gritar: \u201c\u00a1Ya basta!\u201d \u201c\u00a1No m\u00e1s mentiras y simulaciones!\u201d <strong>Paul Val\u00e9ry<\/strong> escribi\u00f3: \u201cEl miedo, efecto esencial, base de toda sociedad\u201d. \u00a1Glup!<\/p>\n\n\n\n<p>Y a este desenfrenado animal desbocado que corre hacia la autodestrucci\u00f3n, agr\u00e9guele la justicia que no sabemos a favor de quien est\u00e1. <strong>S. J. Lec<\/strong> dec\u00eda que \u201cla Administraci\u00f3n de la Injusticia est\u00e1 siempre en manos apropiadas\u201d.<\/p>\n\n\n\n<p>La verdad, no hay un minuto sin violencia, aqu\u00ed, all\u00e1 y acull\u00e1. <strong>Herbert Marcuse<\/strong> aseguraba que por muy pac\u00edficas que sean o vayan a ser nuestras manifestaciones, hemos de contar con que se les opone la violencia de las instituciones. \u00a1Sopas!<\/p>\n\n\n\n<p>Pero no nos alteremos, sigamos el ritmo aut\u00f3mata de la sociedad actual. Silencio: nuestros pol\u00edticos y autoridades siguen so\u00f1ando el sue\u00f1o de los justos. <strong>Albert Camus<\/strong> escribi\u00f3 el texto \u201cCompraventa\u201d: \u201cEn un barecito, una sinfonola anula las conversaciones. Para tener cinco minutos de silencio hay que echarle cinco centavos.\u201d<\/p>\n\n\n\n<p>Quien entendi\u00f3\u2026 Pero no la har\u00e9 de tos. Porque, hablando y ablandando la vida, me contaron lo siguiente: \u201cParece que su tos est\u00e1 mejor. &#8211; S\u00ed, estuve practicando toda la noche.\u201d Y, siendo sincero, pong\u00e1monos no tan serios: \u201cCamarero, este filete tiene muchos nervios. Pues normal, es la primera vez que se lo comen.\u201d<\/p>\n\n\n\n<p><strong>Los d\u00edas y los temas<\/strong><\/p>\n\n\n\n<p>Leo en la secci\u00f3n \u201c\u00bfSer\u00e1?\u201d de <em><strong><a href=\"https:\/\/24-horas.mx\/\" data-type=\"link\" data-id=\"https:\/\/24-horas.mx\/\">24-horas.mx<\/a><\/strong><\/em>, de este 12 de agosto, lo siguiente: \u201cDiputados, sin llenadera. Como se lo adelantamos, los diputados van a gastar 29 millones de pesos en su primer informe de actividades. Nos comentan que los legisladores ya recibieron el recurso, pero como si la cantidad fuera poca, un morenista pregunt\u00f3 si el grupo parlamentario les brindar\u00eda m\u00e1s apoyo econ\u00f3mico. Ya olvidaron la famosa frase del expresidente de M\u00e9xico, <strong>Andr\u00e9s Manuel L\u00f3pez Obrador<\/strong>: \u201cno mentir, no robar y nunca traicionar al pueblo de M\u00e9xico\u201d, en otras palabras, \u201cno tienen llenadera. \u00bfSer\u00e1?\u201d<\/p>\n\n\n\n<p>Y en el primer Informe de Gobierno de la presidenta <strong>Claudia Sheinbaum<\/strong>, \u00bfcu\u00e1nto se gastar\u00e1? En fin, ya es costumbre. Pobre M\u00e9xico.<\/p>\n\n\n\n<p>Hace poco, <strong>Albrecht Mohrhardt Doger<\/strong> entrevist\u00f3 a <strong>Jacobo Day\u00e1n<\/strong> y <strong>Javier Sicilia<\/strong>, a prop\u00f3sito del libro <em>Crisis o Apocalipsis. El mal en nuestro tiempo<\/em>. Mohrhardt pregunt\u00f3 a <strong>Sicilia<\/strong>: \u201cMe gustar\u00eda hacerte una pregunta Javier, sobre una de las frases m\u00e1s dolorosas del libro. Hablas de tu experiencia personal, del asesinato de tu hijo, y dices: \u201cM\u00e9xico se vuelve Auschwitz\u201d. Esa afirmaci\u00f3n \u2014tan cruda como contundente\u2014 atraviesa la conversaci\u00f3n, y le da al libro una carga \u00e9tica imposible de ignorar. Frente a una sociedad que parece haber normalizado la violencia, que act\u00faa como si estuviera anestesiada, \u00bfcrees que todav\u00eda es posible que despierte?\u201d<\/p>\n\n\n\n<p><strong>Javier Sicilia<\/strong> contest\u00f3: \u201cEs un reto enorme. Vemos, por ejemplo, crematorios donde aparecen cuerpos almacenados sin identificaci\u00f3n, con responsabilidad directa del Estado por no supervisar o por pr\u00e1cticas de las fiscal\u00edas que terminan borrando el rastro de las v\u00edctimas. Y lo m\u00e1s grave es que ya ni siquiera nos sorprende. Todo esto refleja una ausencia total de Estado de derecho, un Estado capturado por el crimen organizado, desfondado, que ha perdido el control y, peor a\u00fan, el sentido de lo humano.\u201d<\/p>\n\n\n\n<p>Agreg\u00f3: \u201cY en ese contexto, la violencia deja de conmovernos. Como contaba <strong>Primo Levi<\/strong>, hab\u00eda un Sonderkommando en Auschwitz que, despu\u00e9s de trabajar con los cad\u00e1veres, jugaba partidos de f\u00fatbol. Esa es la banalidad del mal, que el infierno se vuelve rutina, y seguimos nuestras vidas como si nada. Eso es lo que est\u00e1 pasando hoy en M\u00e9xico.\u201d (<em><strong><a href=\"https:\/\/www.nexos.com.mx\/\" data-type=\"link\" data-id=\"https:\/\/www.nexos.com.mx\/\">nexos.com.mx<\/a><\/strong><\/em>, 07\/08\/2025).<\/p>\n\n\n\n<p><strong>Jean Baudrillard<\/strong>, hace a\u00f1os, se pregunt\u00f3: \u201c\u00bfDe d\u00f3nde viene ese sentimiento de la abominaci\u00f3n de lo pol\u00edtico? \u00bfSer\u00e1 la impresi\u00f3n de estar artificialmente sometido a una voluntad m\u00e1s est\u00fapida que la tuya, y que su funci\u00f3n se hace inevitablemente grosera?\u201d<\/p>\n\n\n\n<p><strong>De cinismo y anexas<\/strong><\/p>\n\n\n\n<p>Entretanto, van dos ciegos y le dice uno al otro:<br>-Ojal\u00e1 lloviera.<br>-Ojal\u00e1 yo tambi\u00e9n.<\/p>\n\n\n\n<p>En fin, hab\u00eda una vez un chiste tan malo, tan malo que pegaba a los otros chistes. Bueno, est\u00e1 bien, pregunto: \u00bfCu\u00e1l es el colmo de un puerco esp\u00edn? Que le d\u00e9 mala espina.<\/p>\n\n\n\n<p>Hasta la pr\u00f3xima.<\/p>\n","protected":false},"excerpt":{"rendered":"<p>Jorge Arturo Rodr\u00edguezTierra de Babel No nos hagamos de la vista gorda. Despertemos. Cierto, no hay que ser pesimista, mucho menos fatalista. Pero tampoco nos embriaguemos de optimismo porque la resaca al d\u00eda siguiente es tremenda. Seamos objetivos, realistas. C\u00e9sar Vallejo escribi\u00f3 el microcuento \u201cDespierto\u201d: \u201cConozco un hombre que dorm\u00eda con sus brazos. Un d\u00eda [&hellip;]<\/p>\n","protected":false},"author":2,"featured_media":141390,"comment_status":"closed","ping_status":"closed","sticky":false,"template":"","format":"standard","meta":{"_jetpack_newsletter_access":"","_jetpack_dont_email_post_to_subs":false,"_jetpack_newsletter_tier_id":0,"_jetpack_memberships_contains_paywalled_content":false,"_jetpack_memberships_contains_paid_content":false,"footnotes":""},"categories":[70],"tags":[618,9627,5993,17999],"class_list":["post-150518","post","type-post","status-publish","format-standard","has-post-thumbnail","hentry","category-de-opinion","tag-andres-manuel-lopez-obrador","tag-claudia-sheinbaum","tag-javier-sicilia","tag-politica-mexicana"],"jetpack_featured_media_url":"https:\/\/lospoliticosveracruz.com.mx\/wp-content\/uploads\/2025\/04\/Jorge-Arturo-Rodriguez.jpg","jetpack_sharing_enabled":true,"jetpack_shortlink":"https:\/\/wp.me\/p4Qcd3-D9I","_links":{"self":[{"href":"https:\/\/lospoliticosveracruz.com.mx\/index.php?rest_route=\/wp\/v2\/posts\/150518","targetHints":{"allow":["GET"]}}],"collection":[{"href":"https:\/\/lospoliticosveracruz.com.mx\/index.php?rest_route=\/wp\/v2\/posts"}],"about":[{"href":"https:\/\/lospoliticosveracruz.com.mx\/index.php?rest_route=\/wp\/v2\/types\/post"}],"author":[{"embeddable":true,"href":"https:\/\/lospoliticosveracruz.com.mx\/index.php?rest_route=\/wp\/v2\/users\/2"}],"replies":[{"embeddable":true,"href":"https:\/\/lospoliticosveracruz.com.mx\/index.php?rest_route=%2Fwp%2Fv2%2Fcomments&post=150518"}],"version-history":[{"count":2,"href":"https:\/\/lospoliticosveracruz.com.mx\/index.php?rest_route=\/wp\/v2\/posts\/150518\/revisions"}],"predecessor-version":[{"id":150520,"href":"https:\/\/lospoliticosveracruz.com.mx\/index.php?rest_route=\/wp\/v2\/posts\/150518\/revisions\/150520"}],"wp:featuredmedia":[{"embeddable":true,"href":"https:\/\/lospoliticosveracruz.com.mx\/index.php?rest_route=\/wp\/v2\/media\/141390"}],"wp:attachment":[{"href":"https:\/\/lospoliticosveracruz.com.mx\/index.php?rest_route=%2Fwp%2Fv2%2Fmedia&parent=150518"}],"wp:term":[{"taxonomy":"category","embeddable":true,"href":"https:\/\/lospoliticosveracruz.com.mx\/index.php?rest_route=%2Fwp%2Fv2%2Fcategories&post=150518"},{"taxonomy":"post_tag","embeddable":true,"href":"https:\/\/lospoliticosveracruz.com.mx\/index.php?rest_route=%2Fwp%2Fv2%2Ftags&post=150518"}],"curies":[{"name":"wp","href":"https:\/\/api.w.org\/{rel}","templated":true}]}}