{"id":150545,"date":"2025-08-13T07:15:56","date_gmt":"2025-08-13T12:15:56","guid":{"rendered":"https:\/\/lospoliticosveracruz.com.mx\/?p=150545"},"modified":"2025-08-13T07:16:13","modified_gmt":"2025-08-13T12:16:13","slug":"las-redes-del-fesapauv-1","status":"publish","type":"post","link":"https:\/\/lospoliticosveracruz.com.mx\/?p=150545","title":{"rendered":"LAS REDES DEL FESAPAUV (1)"},"content":{"rendered":"\n\n\n<p><strong>Omar Z\u00fa\u00f1iga<\/strong><\/p>\n\n\n\n<p><em>De Primera Mano<\/em><\/p>\n\n\n\n<p>No es gratuito que el sempiterno l\u00edder del FESAPAUV, el sindicato que aglutina a todo el personal acad\u00e9mico de la Universidad Veracruzana&nbsp;<strong>Enrique&nbsp;<\/strong><strong><em>el Papo<\/em><\/strong><strong>&nbsp;Levet Gorozpe<\/strong>, haya sido uno de los mas f\u00e9rreos defensores de la ilegalidad que tiene a&nbsp;<strong>Gerardo Mart\u00edn Aguilar<\/strong>&nbsp;en la antesala de concretar el Golpe de Estado o asalto a Rector\u00eda&nbsp;de la UV.<\/p>\n\n\n\n<p>Se ha destapado una importante y compleja red de nepotismo y complicidades que adem\u00e1s de beneficiar al grupo de Papo (privilegios en todos sentidos, desde plazas de tiempo completo, el consiguiente sueldo y por supuesto el a\u00f1orado servicio m\u00e9dico universitario), son ventajas para \u201cponer a modo\u201d a la comunidad universitaria en favor de Martincillo, busc\u00e1ndoles convencer de que es la&nbsp;mejor opci\u00f3n, aunque sea ilegal e inmoral, es la mejor, porque ellos seguir\u00e1n vi\u00e9ndose&nbsp;beneficiados.<\/p>\n\n\n\n<p>Atr\u00e1s quedaron los duros comentarios del octagenario dirigente&nbsp;<strong>Papo Levet<\/strong>&nbsp;en contra de los funcionarios universitarios, cuando se pact\u00f3 el&nbsp;acarreo de&nbsp;los&nbsp;profesores al simulacro de auscultaci\u00f3n, como bien le dimos cuenta en este espacio.<\/p>\n\n\n\n<p>Fue penoso ver c\u00f3mo&nbsp;las y los&nbsp;dirigentes seccionales, instruidos desde las respectivas dirigencias regionales, ejercieron presi\u00f3n a los profesores por asignatura, incluso de tiempo completo, para que&nbsp;asistieran&nbsp;ante la&nbsp;Yunta de&nbsp;Gobierno&nbsp;y dejar testimonio de que Martincillo es la realeza acad\u00e9mica y administrativa que Veracruz necesita y que ha sido el mejor Rector que ha parido el Estado.<\/p>\n\n\n\n<p>La presi\u00f3n de FESAPAUV fue simple:&nbsp;por el sindicato tienen&nbsp;chamba;&nbsp;decir&nbsp;-incluso pensar-&nbsp;lo contrario&nbsp;a lo instruido sobre el Rectorcito frente a la Yunta de Gobierno,&nbsp;simple y llanamente no ser\u00edan considerados en la asignaci\u00f3n de materias.<\/p>\n\n\n\n<p>En los diversos consejos t\u00e9cnicos,&nbsp;quien manda, incluso a&nbsp;las y&nbsp;los directores, es el sindicato,&nbsp;por conducto de sus dirigentes seccionales.<\/p>\n\n\n\n<p>Y aunque la famosa concertacesi\u00f3n que hablaba el tristemente Carlos Salinas no es nueva entre FESAPAUV y Rector\u00eda, con esta admnistraci\u00f3n ha llegado a niveles que dan asco.<\/p>\n\n\n\n<p>*****<\/p>\n\n\n\n<p>Uno de los cotos&nbsp;de poder del ingeniero es&nbsp;la&nbsp;Vicerrector\u00eda&nbsp;Veracruz-Boca;&nbsp;Papo es jarocho.<\/p>\n\n\n\n<p>El microcampus de&nbsp;Ingenier\u00eda es el nido del sindicalismo universitario;&nbsp;ah\u00ed,&nbsp;s\u00f3lo&nbsp;Papo&nbsp;y en su momento, el ingeniero&nbsp;Fragoso (QEPD)&nbsp;mueven el pandero.<\/p>\n\n\n\n<p>La relaci\u00f3n de&nbsp;nepotismo&nbsp;es larga.<\/p>\n\n\n\n<p><strong>Enrique Levet Rivera<\/strong>, hijo.&nbsp;Obtuvo grado de doctor -seg\u00fan varias versiones y vox populi fue con el respaldo de pap\u00e1-; acad\u00e9mico con Tiempo Completo en&nbsp;el SEA,&nbsp;es&nbsp;del dominio p\u00fablico&nbsp;y por supuesto de sus alumnos,&nbsp;que NO imparte clases&nbsp;y&nbsp;que env\u00eda a&nbsp;alguno&nbsp;de&nbsp;los empleados&nbsp;de su notar\u00eda.<\/p>\n\n\n\n<p>Sus alumnos lo califican como&nbsp;lo que se conoce como&nbsp;un&nbsp;\u201cmaestro barco\u201d; pues sostienen que cuando se llega a aparecer por las aulas es evidente que no se interesa por preparar sus clases, por dar tutor\u00eda\u2026, por cumplir con su funci\u00f3n docente&nbsp;y desquitar su salario, ante la indolente mirada del&nbsp;coordinador del SEA, tambi\u00e9n&nbsp;\u00abexperto t\u00e9cnico\u00bb defensor de la pr\u00f3rroga del rectorcito,&nbsp;y que&nbsp;no se atreve a exigirle que cumpla.<\/p>\n\n\n\n<p>\u00bfLa raz\u00f3n?,&nbsp;trasciende en la vicerrector\u00eda que Papo le habr\u00eda prestado&nbsp;el departamento en el que vive.<\/p>\n\n\n\n<p>*****<\/p>\n\n\n\n<p><strong>Lorena Levet Rivera<\/strong>, hija. Profesora de&nbsp;Tiempo&nbsp;Completo&nbsp;en la Facultad de Nutrici\u00f3n.<\/p>\n\n\n\n<p><strong>Gabriela Levet Remes<\/strong>,&nbsp;sobrina.&nbsp;Sus alumnos la buscan incesamente&nbsp;para realizar tr\u00e1mites del servicio social.&nbsp;Tambi\u00e9n con Tiempo Completo, su fama p\u00fablica en la comunidad universitaria es que asiste m\u00e1ximo una hora por semana.<\/p>\n\n\n\n<p>A ella la involucran tambi\u00e9n en irregularidades por licencias m\u00e9dicas o prestaciones como el \u201ca\u00f1o sab\u00e1tico\u201d para no asistir, adem\u00e1s de que tambi\u00e9n habr\u00eda reembolsos por concepto de servicio m\u00e9dico,&nbsp;que exceden a servicios&nbsp;prestados.<\/p>\n\n\n\n<p>*****<\/p>\n\n\n\n<p><strong>Ernesto Levet Gorozpe<\/strong>, hermano. Tiempo Completo y dirigente seccional de&nbsp;FESAPAUV,&nbsp;se menciona que&nbsp;quien opera&nbsp;realmente, es&nbsp;<strong>Mar\u00eda de Lourdes Castellanos Villalobos<\/strong>, quien a su vez tambi\u00e9n es Tiempo&nbsp;Completo.&nbsp;Su&nbsp;hermana&nbsp;<strong>Rebeca&nbsp;<\/strong><strong>Castellanos Villalobos<\/strong>, tambi\u00e9n incrustada en la n\u00f3mina, ambas en el SEA.<\/p>\n\n\n\n<p><strong>Camilo Ferreira Jim\u00e9nez<\/strong>, c\u00f3nyuge de una de las hermanas de Neto, as\u00ed como&nbsp;<strong>Gonzalo Mart\u00ednez Villaca\u00f1a<\/strong>, esposo de una de sus hijas, fueron beneficiados ambos con Tiempos Completos.<\/p>\n\n\n\n<p>*****<\/p>\n\n\n\n<p>Para documentar el optimismo, si nos dicen que esto no es nepotismo, estamos jodidos.<\/p>\n\n\n\n<p>Y es una red, bien hecha, bien tejida, como de pescador alvarade\u00f1o,&nbsp;y es de Papo, que se beneficia con la continuidad de Martincillo, el peor de los rectores que ha tenido la UV.<\/p>\n\n\n\n<p>\u00a1Qu\u00e9 barbaridad!<\/p>\n\n\n\n<p>deprimera.mano2020@gmail.com<\/p>\n","protected":false},"excerpt":{"rendered":"<p>Omar Z\u00fa\u00f1iga De Primera Mano No es gratuito que el sempiterno l\u00edder del FESAPAUV, el sindicato que aglutina a todo el personal acad\u00e9mico de la Universidad Veracruzana&nbsp;Enrique&nbsp;el Papo&nbsp;Levet Gorozpe, haya sido uno de los mas f\u00e9rreos defensores de la ilegalidad que tiene a&nbsp;Gerardo Mart\u00edn Aguilar&nbsp;en la antesala de concretar el Golpe de Estado o asalto [&hellip;]<\/p>\n","protected":false},"author":2,"featured_media":141427,"comment_status":"closed","ping_status":"closed","sticky":false,"template":"","format":"standard","meta":{"_jetpack_newsletter_access":"","_jetpack_dont_email_post_to_subs":false,"_jetpack_newsletter_tier_id":0,"_jetpack_memberships_contains_paywalled_content":false,"_jetpack_memberships_contains_paid_content":false,"footnotes":""},"categories":[70],"tags":[782,195],"class_list":["post-150545","post","type-post","status-publish","format-standard","has-post-thumbnail","hentry","category-de-opinion","tag-fesapauv","tag-veracruz"],"jetpack_featured_media_url":"https:\/\/lospoliticosveracruz.com.mx\/wp-content\/uploads\/2025\/04\/Omar-Zuniga.jpg","jetpack_sharing_enabled":true,"jetpack_shortlink":"https:\/\/wp.me\/p4Qcd3-Da9","_links":{"self":[{"href":"https:\/\/lospoliticosveracruz.com.mx\/index.php?rest_route=\/wp\/v2\/posts\/150545","targetHints":{"allow":["GET"]}}],"collection":[{"href":"https:\/\/lospoliticosveracruz.com.mx\/index.php?rest_route=\/wp\/v2\/posts"}],"about":[{"href":"https:\/\/lospoliticosveracruz.com.mx\/index.php?rest_route=\/wp\/v2\/types\/post"}],"author":[{"embeddable":true,"href":"https:\/\/lospoliticosveracruz.com.mx\/index.php?rest_route=\/wp\/v2\/users\/2"}],"replies":[{"embeddable":true,"href":"https:\/\/lospoliticosveracruz.com.mx\/index.php?rest_route=%2Fwp%2Fv2%2Fcomments&post=150545"}],"version-history":[{"count":1,"href":"https:\/\/lospoliticosveracruz.com.mx\/index.php?rest_route=\/wp\/v2\/posts\/150545\/revisions"}],"predecessor-version":[{"id":150546,"href":"https:\/\/lospoliticosveracruz.com.mx\/index.php?rest_route=\/wp\/v2\/posts\/150545\/revisions\/150546"}],"wp:featuredmedia":[{"embeddable":true,"href":"https:\/\/lospoliticosveracruz.com.mx\/index.php?rest_route=\/wp\/v2\/media\/141427"}],"wp:attachment":[{"href":"https:\/\/lospoliticosveracruz.com.mx\/index.php?rest_route=%2Fwp%2Fv2%2Fmedia&parent=150545"}],"wp:term":[{"taxonomy":"category","embeddable":true,"href":"https:\/\/lospoliticosveracruz.com.mx\/index.php?rest_route=%2Fwp%2Fv2%2Fcategories&post=150545"},{"taxonomy":"post_tag","embeddable":true,"href":"https:\/\/lospoliticosveracruz.com.mx\/index.php?rest_route=%2Fwp%2Fv2%2Ftags&post=150545"}],"curies":[{"name":"wp","href":"https:\/\/api.w.org\/{rel}","templated":true}]}}