{"id":150568,"date":"2025-08-13T09:57:01","date_gmt":"2025-08-13T14:57:01","guid":{"rendered":"https:\/\/lospoliticosveracruz.com.mx\/?p=150568"},"modified":"2025-08-13T10:04:52","modified_gmt":"2025-08-13T15:04:52","slug":"sucesion-uv-28","status":"publish","type":"post","link":"https:\/\/lospoliticosveracruz.com.mx\/?p=150568","title":{"rendered":"SUCESI\u00d3N UV (28)"},"content":{"rendered":"\n\n\n<p><strong>Sergio Gonz\u00e1lez Levet<\/strong><br><em>Sin tacto<\/em><\/p>\n\n\n\n<p>Si fuera por el amor que muestran por la <strong>instituci\u00f3n<\/strong>, por su voluntad de preservarla en sus fortalezas y prestigiarla ante el mundo, por su voluntad f\u00e9rrea de defender y atenerse a las <strong>leyes<\/strong> que los mismos <strong>universitarios<\/strong> se dieron a partir de la <strong>autonom\u00eda<\/strong>, tanto la <strong>doctora Sara Ladr\u00f3n de Guevara Gonz\u00e1lez<\/strong> -2013-2021- como el <strong>doctor Rafael Arias Lovillo<\/strong> -2004-2013- podr\u00edan ser considerados m\u00e1s <strong>rectores<\/strong> en lo presente que el <strong>doctor Mart\u00edn Aguilar S\u00e1nchez<\/strong> -2021-2025(?)-, quien insiste en que la <strong>Junta de Gobierno<\/strong> contin\u00fae con el otorgamiento de la <strong>pr\u00f3rroga<\/strong> de cuatro a\u00f1os de mandato que seg\u00fan verdaderos especialistas del <strong>Derecho<\/strong> originados en la misma <strong>UV<\/strong>, es totalmente ilegal.<\/p>\n\n\n\n<p>Ellos dos y el tercer rector de la etapa de la <strong>autonom\u00eda<\/strong>, el <strong>doctor V\u00edctor Arredondo \u00c1lvarez<\/strong>, se han manifestado p\u00fablicamente en contra de la medida y est\u00e1n convocando a la <strong>comunidad universitaria<\/strong> para que defienda su derecho a participar en el nombramiento de la nueva autoridad, en un proceso que debi\u00f3 haber empezado el <strong>30 de junio<\/strong> pasado.<\/p>\n\n\n\n<p>Hoy <strong>mi\u00e9rcoles<\/strong>, a partir de las <strong>12:00 h<\/strong>, lanzaremos al aire, en vivo y directo, una entrevista en la que participar\u00e1n tanto la <strong>doctora Ladr\u00f3n de Guevara<\/strong> como el <strong>doctor Arias Lovillo<\/strong>, dentro de la exitosa serie <strong>La UV en Llamas<\/strong>, que ha venido transmitiendo el canal por <strong>Internet NV TV<\/strong>, y que inauguraron precisamente los tres <strong>exrectores<\/strong> de la <strong>autonom\u00eda<\/strong> que fue un programa sumamente visto y comentado, que abon\u00f3 al origen de un <strong>movimiento<\/strong> de <strong>universitarios<\/strong> que se opone a la <strong>perpetuaci\u00f3n<\/strong> del <strong>rector Aguilar S\u00e1nchez<\/strong>. En esta iniciativa llamada <strong>RedUV por la Legalidad<\/strong>, participan activamente m\u00e1s de <strong>500 universitarios<\/strong> y personajes que han trabajado para la <strong>UV<\/strong> o que estudiaron en ella, sin contar los numerosos simpatizantes que ha ganado en las \u00faltimas dos semanas.<\/p>\n\n\n\n<p>La entrevista de hoy ser\u00e1 una oportunidad para escuchar lo que ilustren do\u00f1a <strong>Sara<\/strong> y don <strong>Ra\u00fal<\/strong> sobre los avances del <strong>movimiento<\/strong> para exigir el respeto y el cumplimiento de las <strong>leyes<\/strong> de la <strong>UV<\/strong>, y que se desechen las triqui\u00f1uelas legaloides con las que la <strong>Junta de Gobierno<\/strong> ha otorgado la <strong>pr\u00f3rroga<\/strong> al <strong>Rector<\/strong> en funciones, cuyo nombramiento original culmina el <strong>30 de agosto<\/strong>, es decir, en 18 d\u00edas.<\/p>\n\n\n\n<p>El esfuerzo que hacen los directivos de <strong>NV TV<\/strong> para hacer en directo la entrevista tiene como objetivo que la <strong>comunidad de la UV<\/strong> y la <strong>sociedad veracruzana<\/strong> hallen la oportunidad de manifestar sus ideas y sus opiniones respecto a este caso in\u00e9dito, que ha provocado una gran inquietud dentro de la <strong>casa de estudios<\/strong>, y puede ser el conato de un <strong>movimiento<\/strong> que revolucionar\u00eda la vida normal de la <strong>Universidad Veracruzana<\/strong>.<\/p>\n\n\n\n<p>La emisi\u00f3n de <strong>La UV en Llamas<\/strong> podr\u00e1 ser vista a partir de la siguiente liga, y desde ya se puede entrar a ella para hacer comentarios, que ser\u00e1n publicados tal cual, siempre y cuando se mantengan dentro de las normas de urbanidad:<\/p>\n\n\n\n<p><a href=\"https:\/\/www.facebook.com\/story.php?story_fbid=760026016968384&amp;id=100088829772039&amp;rdid=1JWGf1s5rbi6fosO#.\"><strong><em>https:\/\/www.facebook.com\/story.php?story_fbid=760026016968384&amp;id=100088829772039&amp;rdid=1JWGf1s5rbi6fosO#.<\/em><\/strong><\/a><\/p>\n\n\n\n<p>\ud83d\udce9 <strong><a>sglevet@gmail.com<\/a><\/strong><\/p>\n","protected":false},"excerpt":{"rendered":"<p>Sergio Gonz\u00e1lez LevetSin tacto Si fuera por el amor que muestran por la instituci\u00f3n, por su voluntad de preservarla en sus fortalezas y prestigiarla ante el mundo, por su voluntad f\u00e9rrea de defender y atenerse a las leyes que los mismos universitarios se dieron a partir de la autonom\u00eda, tanto la doctora Sara Ladr\u00f3n de [&hellip;]<\/p>\n","protected":false},"author":2,"featured_media":141432,"comment_status":"closed","ping_status":"closed","sticky":false,"template":"","format":"standard","meta":{"_jetpack_newsletter_access":"","_jetpack_dont_email_post_to_subs":false,"_jetpack_newsletter_tier_id":0,"_jetpack_memberships_contains_paywalled_content":false,"_jetpack_memberships_contains_paid_content":false,"footnotes":""},"categories":[70],"tags":[29146,45158,45159,755,45157],"class_list":["post-150568","post","type-post","status-publish","format-standard","has-post-thumbnail","hentry","category-de-opinion","tag-martin-aguilar-sanchez-2","tag-rafael-arias-lovillo","tag-reduv-por-la-legalidad","tag-sara-ladron-de-guevara","tag-sucesion-uv"],"jetpack_featured_media_url":"https:\/\/lospoliticosveracruz.com.mx\/wp-content\/uploads\/2025\/04\/Levet.jpg","jetpack_sharing_enabled":true,"jetpack_shortlink":"https:\/\/wp.me\/p4Qcd3-Daw","_links":{"self":[{"href":"https:\/\/lospoliticosveracruz.com.mx\/index.php?rest_route=\/wp\/v2\/posts\/150568","targetHints":{"allow":["GET"]}}],"collection":[{"href":"https:\/\/lospoliticosveracruz.com.mx\/index.php?rest_route=\/wp\/v2\/posts"}],"about":[{"href":"https:\/\/lospoliticosveracruz.com.mx\/index.php?rest_route=\/wp\/v2\/types\/post"}],"author":[{"embeddable":true,"href":"https:\/\/lospoliticosveracruz.com.mx\/index.php?rest_route=\/wp\/v2\/users\/2"}],"replies":[{"embeddable":true,"href":"https:\/\/lospoliticosveracruz.com.mx\/index.php?rest_route=%2Fwp%2Fv2%2Fcomments&post=150568"}],"version-history":[{"count":2,"href":"https:\/\/lospoliticosveracruz.com.mx\/index.php?rest_route=\/wp\/v2\/posts\/150568\/revisions"}],"predecessor-version":[{"id":150571,"href":"https:\/\/lospoliticosveracruz.com.mx\/index.php?rest_route=\/wp\/v2\/posts\/150568\/revisions\/150571"}],"wp:featuredmedia":[{"embeddable":true,"href":"https:\/\/lospoliticosveracruz.com.mx\/index.php?rest_route=\/wp\/v2\/media\/141432"}],"wp:attachment":[{"href":"https:\/\/lospoliticosveracruz.com.mx\/index.php?rest_route=%2Fwp%2Fv2%2Fmedia&parent=150568"}],"wp:term":[{"taxonomy":"category","embeddable":true,"href":"https:\/\/lospoliticosveracruz.com.mx\/index.php?rest_route=%2Fwp%2Fv2%2Fcategories&post=150568"},{"taxonomy":"post_tag","embeddable":true,"href":"https:\/\/lospoliticosveracruz.com.mx\/index.php?rest_route=%2Fwp%2Fv2%2Ftags&post=150568"}],"curies":[{"name":"wp","href":"https:\/\/api.w.org\/{rel}","templated":true}]}}