{"id":150573,"date":"2025-08-13T11:10:40","date_gmt":"2025-08-13T16:10:40","guid":{"rendered":"https:\/\/lospoliticosveracruz.com.mx\/?p=150573"},"modified":"2025-08-13T11:11:07","modified_gmt":"2025-08-13T16:11:07","slug":"el-companero-norona-y-lo-que-se-viene","status":"publish","type":"post","link":"https:\/\/lospoliticosveracruz.com.mx\/?p=150573","title":{"rendered":"EL COMPA\u00d1ERO NORO\u00d1A Y LO QUE SE VIENE\u2026"},"content":{"rendered":"\n\n\n<p><strong>Alejandro Aguirre Guerrero<\/strong><\/p>\n\n\n\n<p><em>Al respecto\u2026<br><\/em><br><\/p>\n\n\n\n<p>Se acaba el tiempo de <strong>Gerardo Fern\u00e1ndez Noro\u00f1a<\/strong> como <strong>presidente del Senado<\/strong>, cargo al que ni en un mundo alterno habr\u00edamos pensado llegar\u00eda, pero lo hizo. M\u00e1s de uno sabe que alcanz\u00f3 esa posici\u00f3n porque se sinti\u00f3 poco valorado, lo grit\u00f3 a \u201clos cuatro vientos\u201d y acab\u00f3 siendo \u201csobrevalorado\u201d.<\/p>\n\n\n\n<p>Cuando decidieron (incre\u00edblemente) otorgarle esa distinci\u00f3n en la <strong>c\u00e1mara alta<\/strong>, la frase m\u00e1s recurrente fue aquella de \u201ces poco tiempo, se va r\u00e1pido, tan s\u00f3lo es un a\u00f1o\u201d. Por eso la <strong>presidenta<\/strong> autoriz\u00f3 subirlo a la titularidad de la <strong>mesa directiva<\/strong>, \u201cse calmar\u00e1 y durar\u00e1 un suspiro\u201d, dijeron\u2026 y el suspiro result\u00f3 eterno.<\/p>\n\n\n\n<p><strong>Noro\u00f1a<\/strong> tendr\u00e1 el <strong>14 de agosto<\/strong> su \u00faltimo evento como <strong>presidente del Senado<\/strong>, y se habr\u00e1n acabado las <strong>canonj\u00edas<\/strong> que implican dicha distinci\u00f3n: no m\u00e1s <strong>foros internacionales<\/strong> representando a la <strong>c\u00e1mara alta mexicana<\/strong>, y disminuci\u00f3n considerable en vi\u00e1ticos.<\/p>\n\n\n\n<p>Los privilegios de <strong>Gerardo Fern\u00e1ndez<\/strong> bajar\u00e1n considerablemente, pero seguir\u00e1 teniendo foros (y atenci\u00f3n medi\u00e1tica), a trav\u00e9s de la pol\u00e9mica que suele crear. \u201cNo necesita la <strong>presidencia del Senado<\/strong> para seguir siendo <strong>Noro\u00f1a<\/strong>\u201d, dijeron.<\/p>\n\n\n\n<p>La instrucci\u00f3n es que apenas cierre sus labores como <strong>presidente del Senado<\/strong>, <strong>Noro\u00f1a<\/strong> sea un \u201clegislador m\u00e1s de <strong>Morena<\/strong> y se le bajen los decibeles\u201d, pues varias de sus declaraciones han estado fuera de la prudencia.<\/p>\n\n\n\n<p>Y si bien es cierto <strong>Gerardo Fern\u00e1ndez<\/strong> es \u201cgenio y figura\u201d con o sin investidura, sus afirmaciones p\u00fablicas estaban mucho m\u00e1s \u201cnoro\u00f1escas\u201d de lo normal. Aunado a ello, la investidura de la <strong>presidencia del Senado<\/strong> merece algunas formas.<\/p>\n\n\n\n<p><strong>Noro\u00f1a<\/strong> deber\u00e1 entregar el cargo a una <strong>mujer<\/strong>, y en <strong>Palacio Nacional<\/strong> descansan sabiendo que el <strong>primero de septiembre<\/strong> no habr\u00e1 m\u00e1s \u201cun <strong>Gerardo Fern\u00e1ndez<\/strong>\u201d en la <strong>mesa directiva<\/strong>\u2026 aunque pueda continuar metiendo en aprietos a \u201cla <strong>compa\u00f1era presidenta<\/strong>\u201d.<\/p>\n\n\n\n<p><strong>X:<\/strong> @aaguirre_g<\/p>\n","protected":false},"excerpt":{"rendered":"<p>Alejandro Aguirre Guerrero Al respecto\u2026 Se acaba el tiempo de Gerardo Fern\u00e1ndez Noro\u00f1a como presidente del Senado, cargo al que ni en un mundo alterno habr\u00edamos pensado llegar\u00eda, pero lo hizo. M\u00e1s de uno sabe que alcanz\u00f3 esa posici\u00f3n porque se sinti\u00f3 poco valorado, lo grit\u00f3 a \u201clos cuatro vientos\u201d y acab\u00f3 siendo \u201csobrevalorado\u201d. Cuando [&hellip;]<\/p>\n","protected":false},"author":2,"featured_media":141373,"comment_status":"closed","ping_status":"closed","sticky":false,"template":"","format":"standard","meta":{"_jetpack_newsletter_access":"","_jetpack_dont_email_post_to_subs":false,"_jetpack_newsletter_tier_id":0,"_jetpack_memberships_contains_paywalled_content":false,"_jetpack_memberships_contains_paid_content":false,"footnotes":""},"categories":[70],"tags":[12598,45161,13385,45160],"class_list":["post-150573","post","type-post","status-publish","format-standard","has-post-thumbnail","hentry","category-de-opinion","tag-gerardo-fernandez-norona","tag-morena-mexico","tag-palacio-nacional","tag-presidente-del-senado"],"jetpack_featured_media_url":"https:\/\/lospoliticosveracruz.com.mx\/wp-content\/uploads\/2025\/04\/Alejandro-Aguirre-Guerrero.jpg","jetpack_sharing_enabled":true,"jetpack_shortlink":"https:\/\/wp.me\/p4Qcd3-DaB","_links":{"self":[{"href":"https:\/\/lospoliticosveracruz.com.mx\/index.php?rest_route=\/wp\/v2\/posts\/150573","targetHints":{"allow":["GET"]}}],"collection":[{"href":"https:\/\/lospoliticosveracruz.com.mx\/index.php?rest_route=\/wp\/v2\/posts"}],"about":[{"href":"https:\/\/lospoliticosveracruz.com.mx\/index.php?rest_route=\/wp\/v2\/types\/post"}],"author":[{"embeddable":true,"href":"https:\/\/lospoliticosveracruz.com.mx\/index.php?rest_route=\/wp\/v2\/users\/2"}],"replies":[{"embeddable":true,"href":"https:\/\/lospoliticosveracruz.com.mx\/index.php?rest_route=%2Fwp%2Fv2%2Fcomments&post=150573"}],"version-history":[{"count":1,"href":"https:\/\/lospoliticosveracruz.com.mx\/index.php?rest_route=\/wp\/v2\/posts\/150573\/revisions"}],"predecessor-version":[{"id":150574,"href":"https:\/\/lospoliticosveracruz.com.mx\/index.php?rest_route=\/wp\/v2\/posts\/150573\/revisions\/150574"}],"wp:featuredmedia":[{"embeddable":true,"href":"https:\/\/lospoliticosveracruz.com.mx\/index.php?rest_route=\/wp\/v2\/media\/141373"}],"wp:attachment":[{"href":"https:\/\/lospoliticosveracruz.com.mx\/index.php?rest_route=%2Fwp%2Fv2%2Fmedia&parent=150573"}],"wp:term":[{"taxonomy":"category","embeddable":true,"href":"https:\/\/lospoliticosveracruz.com.mx\/index.php?rest_route=%2Fwp%2Fv2%2Fcategories&post=150573"},{"taxonomy":"post_tag","embeddable":true,"href":"https:\/\/lospoliticosveracruz.com.mx\/index.php?rest_route=%2Fwp%2Fv2%2Ftags&post=150573"}],"curies":[{"name":"wp","href":"https:\/\/api.w.org\/{rel}","templated":true}]}}