{"id":150583,"date":"2025-08-13T12:40:44","date_gmt":"2025-08-13T17:40:44","guid":{"rendered":"https:\/\/lospoliticosveracruz.com.mx\/?p=150583"},"modified":"2025-08-13T12:41:04","modified_gmt":"2025-08-13T17:41:04","slug":"ya-nomas-faltan-los-narcopoliticos","status":"publish","type":"post","link":"https:\/\/lospoliticosveracruz.com.mx\/?p=150583","title":{"rendered":"YA NOM\u00c1S FALTAN LOS NARCOPOL\u00cdTICOS"},"content":{"rendered":"\n\n\n<p><strong>Bernardo Guti\u00e9rrez Parra<\/strong><\/p>\n\n\n\n<p><em>Desde el Caf\u00e9<br><\/em><\/p>\n\n\n\n<p>Hace unas semanas <strong>Servando G\u00f3mez \u201cLa Tuta\u201d<\/strong>, l\u00edder de <strong>Los Caballeros Templarios<\/strong>, promovi\u00f3 un amparo para evitar ser extraditado a <strong>Estados Unidos<\/strong>. Pero ayer las autoridades mexicanas llegaron a su celda en la <strong>prisi\u00f3n del Altiplano<\/strong> y sin decirle mucho lo pusieron en un avi\u00f3n que lo llev\u00f3 al pa\u00eds del norte. Junto con <strong>La Tuta<\/strong> se fueron, entre otros, <strong>Abigael Gonz\u00e1lez Valencia<\/strong>, l\u00edder de <strong>Los Cuinis<\/strong>; <strong>Daniel P\u00e9rez Rojas, El Cachetes<\/strong>, fundador de <strong>Los Zetas<\/strong>, y <strong>Juan Carlos F\u00e9lix Gast\u00e9lum<\/strong>, para un total de 26.<\/p>\n\n\n\n<p>Con ellos, son 55 los individuos de alta peligrosidad que el <strong>gobierno de Claudia Sheinbaum<\/strong> ha enviado a <strong>Estados Unidos<\/strong>. La primera \u201ccuerda\u201d fue en <strong>febrero<\/strong> cuando se enviaron 29, entre los que destacaron <strong>Rafael Caro Quintero<\/strong> y <strong>Antonio Oseguera Cervantes<\/strong>.<\/p>\n\n\n\n<p>El a\u00f1o anterior, y todav\u00eda en el sexenio de <strong>L\u00f3pez Obrador<\/strong>, fue extraditado <strong>Ovidio Guzm\u00e1n<\/strong> y fueron detenidos en suelo norteamericano <strong>Ismael \u201cEl Mayo\u201d Zambada<\/strong> y <strong>Joaqu\u00edn Guzm\u00e1n L\u00f3pez<\/strong>. Lo que desat\u00f3 una guerra en <strong>Sinaloa<\/strong> entre <strong>Mayitos<\/strong> y <strong>Chapitos<\/strong>, que est\u00e1 lejos de terminar.<\/p>\n\n\n\n<p>Salvo <strong>El Mencho<\/strong>, l\u00edder del <strong>CJNG<\/strong>, y los hijos del <strong>Chapo Guzm\u00e1n<\/strong> (entre ellos <strong>Iv\u00e1n Archivaldo<\/strong>), que controlan el <strong>c\u00e1rtel de Sinaloa<\/strong>, la mayor\u00eda de los grandes capos mexicanos est\u00e1n en prisiones de <strong>Estados Unidos<\/strong>.<\/p>\n\n\n\n<p>Nadie, ni sus detractores, puede negar que el <strong>gobierno de Claudia Sheinbaum<\/strong> ha sido quien m\u00e1s ha colaborado con el de <strong>Estados Unidos<\/strong> para poner en las c\u00e1rceles de aquel pa\u00eds a delincuentes de alta peligrosidad. Nadie le puede negar la detenci\u00f3n de delincuentes de toda laya y la destrucci\u00f3n de <strong>laboratorios de fentanilo<\/strong> que han dejado p\u00e9rdidas multimillonarias a los chicos malos.<\/p>\n\n\n\n<p>\u00bfEsto ser\u00e1 suficiente para que <strong>Donald Trump<\/strong> nos perdone los <strong>aranceles<\/strong> y deje de pensar en invadir nuestro suelo patrio?<\/p>\n\n\n\n<p>No.<\/p>\n\n\n\n<p>As\u00ed como el g\u00fcero ha aplaudido las acciones llevadas a cabo por su hom\u00f3loga, ha manifestado su malestar porque no ha hecho nada para detener y llevar a prisi\u00f3n a pol\u00edticos de <strong>Morena<\/strong> vinculados con los criminales.<\/p>\n\n\n\n<p>Y estos tipos suman cientos.<\/p>\n\n\n\n<p>Si hasta hace unas semanas el primero de la lista era el <strong>gobernador de Sinaloa, Rub\u00e9n Rocha Moya<\/strong>, se\u00f1alado por el propio <strong>Mayo Zambada<\/strong> de estar en su n\u00f3mina, fue desbancado por el <strong>senador Ad\u00e1n Augusto L\u00f3pez Hern\u00e1ndez<\/strong> cuando se supo que <strong>Hern\u00e1n Berm\u00fadez Requena<\/strong>, el titular de <strong>Seguridad P\u00fablica<\/strong> cuando fue gobernador de <strong>Tabasco<\/strong>, es l\u00edder del grupo delincuencial <strong>\u201cLa Barredora\u201d<\/strong> y responsable del infierno que se vive en aquella entidad.<\/p>\n\n\n\n<p>El periodista <strong>Raymundo Riva Palacio<\/strong> dice que <strong>L\u00f3pez Obrador<\/strong> le pidi\u00f3 a <strong>Sheinbaum<\/strong> que protegiera a su \u201chermano\u201d <strong>Ad\u00e1n<\/strong> y la dej\u00f3 en un dilema. \u201cPor un lado, su debilidad ante <strong>L\u00f3pez Obrador<\/strong>, que le impide remover al senador, que es lo que quisiera. Por el otro, la creciente presi\u00f3n desde <strong>Washington<\/strong>. <strong>Sheinbaum<\/strong> ha sido informada que el <strong>gobierno de Estados Unidos<\/strong> tiene concluida una investigaci\u00f3n sobre los presuntos negocios criminales del <strong>senador doble A<\/strong>, y toda su red de relaciones en el lado oscuro de la ley, que involucran de manera profunda a exfuncionarios durante su gobierno en <strong>Tabasco<\/strong>, en la <strong>Secretar\u00eda de Gobernaci\u00f3n<\/strong>, empresarios y pol\u00edticos en cargos de elecci\u00f3n popular, as\u00ed como exgobernadores\u201d.<\/p>\n\n\n\n<p>Por muy agradecida que est\u00e9 con su mentor <strong>Andr\u00e9s Manuel L\u00f3pez Obrador<\/strong>, <strong>Claudia Sheinbaum<\/strong> se tendr\u00e1 que desembarazar de \u00e9l m\u00e1s temprano que tarde. No por el bien de la <strong>Rep\u00fablica<\/strong> sino por su bien pol\u00edtico, personal y hasta hist\u00f3rico. No creo que quiera pasar a la historia como t\u00edtere del tabasque\u00f1o, que es de lo que ya la acusan.<\/p>\n\n\n\n<p>Y una manera de hacerlo ser\u00e1 enviando a prisi\u00f3n a los <strong>Ad\u00e1n Augusto<\/strong>, los <strong>Rocha Moya<\/strong>, los <strong>Monreal<\/strong> y decenas y decenas de <strong>Cuitl\u00e1huacs<\/strong>, que andan pavone\u00e1ndose por ah\u00ed al amparo de la <strong>impunidad<\/strong>.<\/p>\n\n\n\n<p><a>bernagup28@gmail.com<\/a><\/p>\n","protected":false},"excerpt":{"rendered":"<p>Bernardo Guti\u00e9rrez Parra Desde el Caf\u00e9 Hace unas semanas Servando G\u00f3mez \u201cLa Tuta\u201d, l\u00edder de Los Caballeros Templarios, promovi\u00f3 un amparo para evitar ser extraditado a Estados Unidos. Pero ayer las autoridades mexicanas llegaron a su celda en la prisi\u00f3n del Altiplano y sin decirle mucho lo pusieron en un avi\u00f3n que lo llev\u00f3 al [&hellip;]<\/p>\n","protected":false},"author":2,"featured_media":141479,"comment_status":"closed","ping_status":"closed","sticky":false,"template":"","format":"standard","meta":{"_jetpack_newsletter_access":"","_jetpack_dont_email_post_to_subs":false,"_jetpack_newsletter_tier_id":0,"_jetpack_memberships_contains_paywalled_content":false,"_jetpack_memberships_contains_paid_content":false,"footnotes":""},"categories":[70],"tags":[18624,9627,45173,45172],"class_list":["post-150583","post","type-post","status-publish","format-standard","has-post-thumbnail","hentry","category-de-opinion","tag-cartel-de-sinaloa","tag-claudia-sheinbaum","tag-extradiciones-a-estados-unidos","tag-narcopoliticos-mexico"],"jetpack_featured_media_url":"https:\/\/lospoliticosveracruz.com.mx\/wp-content\/uploads\/2025\/04\/Bernardo-Gutierrez-Parra.jpg","jetpack_sharing_enabled":true,"jetpack_shortlink":"https:\/\/wp.me\/p4Qcd3-DaL","_links":{"self":[{"href":"https:\/\/lospoliticosveracruz.com.mx\/index.php?rest_route=\/wp\/v2\/posts\/150583","targetHints":{"allow":["GET"]}}],"collection":[{"href":"https:\/\/lospoliticosveracruz.com.mx\/index.php?rest_route=\/wp\/v2\/posts"}],"about":[{"href":"https:\/\/lospoliticosveracruz.com.mx\/index.php?rest_route=\/wp\/v2\/types\/post"}],"author":[{"embeddable":true,"href":"https:\/\/lospoliticosveracruz.com.mx\/index.php?rest_route=\/wp\/v2\/users\/2"}],"replies":[{"embeddable":true,"href":"https:\/\/lospoliticosveracruz.com.mx\/index.php?rest_route=%2Fwp%2Fv2%2Fcomments&post=150583"}],"version-history":[{"count":2,"href":"https:\/\/lospoliticosveracruz.com.mx\/index.php?rest_route=\/wp\/v2\/posts\/150583\/revisions"}],"predecessor-version":[{"id":150585,"href":"https:\/\/lospoliticosveracruz.com.mx\/index.php?rest_route=\/wp\/v2\/posts\/150583\/revisions\/150585"}],"wp:featuredmedia":[{"embeddable":true,"href":"https:\/\/lospoliticosveracruz.com.mx\/index.php?rest_route=\/wp\/v2\/media\/141479"}],"wp:attachment":[{"href":"https:\/\/lospoliticosveracruz.com.mx\/index.php?rest_route=%2Fwp%2Fv2%2Fmedia&parent=150583"}],"wp:term":[{"taxonomy":"category","embeddable":true,"href":"https:\/\/lospoliticosveracruz.com.mx\/index.php?rest_route=%2Fwp%2Fv2%2Fcategories&post=150583"},{"taxonomy":"post_tag","embeddable":true,"href":"https:\/\/lospoliticosveracruz.com.mx\/index.php?rest_route=%2Fwp%2Fv2%2Ftags&post=150583"}],"curies":[{"name":"wp","href":"https:\/\/api.w.org\/{rel}","templated":true}]}}