{"id":150587,"date":"2025-08-13T15:55:39","date_gmt":"2025-08-13T20:55:39","guid":{"rendered":"https:\/\/lospoliticosveracruz.com.mx\/?p=150587"},"modified":"2025-08-13T17:34:21","modified_gmt":"2025-08-13T22:34:21","slug":"bombardean-a-mosquitos","status":"publish","type":"post","link":"https:\/\/lospoliticosveracruz.com.mx\/?p=150587","title":{"rendered":"BOMBARDEAN A MOSQUITOS!"},"content":{"rendered":"\n\n\n<p><strong>Karla M\u00e9ndez<\/strong><\/p>\n\n\n\n<p>El titular de la&nbsp;<strong>Secretar\u00eda de Salud<\/strong>,&nbsp;<strong>Valent\u00edn Herrera Alarc\u00f3n<\/strong>, destac\u00f3 que el objetivo de los trabajos en contra del&nbsp;<strong>dengue<\/strong>&nbsp;es preservar la&nbsp;<strong>salud<\/strong>&nbsp;de los&nbsp;<strong>veracruzanos<\/strong>, por eso este&nbsp;<strong>mi\u00e9rcoles<\/strong>&nbsp;se llev\u00f3 a cabo la inauguraci\u00f3n de la&nbsp;<strong>\u201cSegunda Jornada Nacional de Lucha contra el Dengue\u201d<\/strong>, desde el municipio de&nbsp;<strong>P\u00e1nuco<\/strong>.<\/p>\n\n\n\n<p>Ante esto, por instrucci\u00f3n de la gobernadora Roc\u00edo Nahle Garc\u00eda, para hacer frente al dengue en la regi\u00f3n norte de Veracruz, se llevan a cabo acciones de combate a trav\u00e9s de herramientas tecnol\u00f3gicas como son los drones, para evitar la propagaci\u00f3n del mosco que genera este padecimiento.<\/p>\n\n\n\n<p>Es por ello que, este d\u00eda se dio la demostraci\u00f3n de las acciones que se llevan a cabo para el reforzamiento al combate de criaderos del mosquito&nbsp;<strong>Aedes aegypti<\/strong>, as\u00ed como la aplicaci\u00f3n de campa\u00f1as de&nbsp;<strong>descacharrizaci\u00f3n<\/strong>&nbsp;y&nbsp;<strong>fumigaciones<\/strong>&nbsp;a trav\u00e9s de&nbsp;<strong>brigadas de vectores<\/strong>, as\u00ed como&nbsp;<strong>drones<\/strong>.<\/p>\n\n\n\n<p>\u201cHay sitios de muy dif\u00edcil acceso y para ello hay un dron que nos permita fumigar los sitios dif\u00edciles, los recovecos que no pueden entrar ni vectores o el personal, van a fumigar con este aparato.\u201d<\/p>\n\n\n\n<p>El tambi\u00e9n titular de los&nbsp;<strong>Servicios de Salud de Veracruz (SESVER)<\/strong>&nbsp;dej\u00f3 en claro que no se trata de fumigar por fumigar, ya que la&nbsp;<strong>prevenci\u00f3n<\/strong>&nbsp;hasta en un 65 por ciento evita el aumento de los casos de&nbsp;<strong>dengue<\/strong>.<\/p>\n\n\n\n<p>Finalmente, destac\u00f3 que por ello las acciones de concientizaci\u00f3n que lleva a cabo el&nbsp;<strong>Estado<\/strong>&nbsp;donde \u201cse hace equipo con todos\u201d, sin importar \u201ccolores\u201d, donde el objetivo com\u00fan es la&nbsp;<strong>salud<\/strong>&nbsp;de los ciudadanos.<\/p>\n\n\n\n<p><\/p>\n","protected":false},"excerpt":{"rendered":"<p>Karla M\u00e9ndez El titular de la&nbsp;Secretar\u00eda de Salud,&nbsp;Valent\u00edn Herrera Alarc\u00f3n, destac\u00f3 que el objetivo de los trabajos en contra del&nbsp;dengue&nbsp;es preservar la&nbsp;salud&nbsp;de los&nbsp;veracruzanos, por eso este&nbsp;mi\u00e9rcoles&nbsp;se llev\u00f3 a cabo la inauguraci\u00f3n de la&nbsp;\u201cSegunda Jornada Nacional de Lucha contra el Dengue\u201d, desde el municipio de&nbsp;P\u00e1nuco. Ante esto, por instrucci\u00f3n de la gobernadora Roc\u00edo Nahle Garc\u00eda, para [&hellip;]<\/p>\n","protected":false},"author":2,"featured_media":150588,"comment_status":"closed","ping_status":"closed","sticky":false,"template":"","format":"standard","meta":{"_jetpack_newsletter_access":"","_jetpack_dont_email_post_to_subs":false,"_jetpack_newsletter_tier_id":0,"_jetpack_memberships_contains_paywalled_content":false,"_jetpack_memberships_contains_paid_content":false,"footnotes":""},"categories":[6446],"tags":[45174,45176,45044,41241],"class_list":["post-150587","post","type-post","status-publish","format-standard","has-post-thumbnail","hentry","category-la-nota","tag-drones-contra-el-dengue","tag-fumigacion-con-drones","tag-secretaria-de-salud-veracruz","tag-valentin-herrera-alarcon"],"jetpack_featured_media_url":"https:\/\/lospoliticosveracruz.com.mx\/wp-content\/uploads\/2025\/08\/dron.jpg","jetpack_sharing_enabled":true,"jetpack_shortlink":"https:\/\/wp.me\/p4Qcd3-DaP","_links":{"self":[{"href":"https:\/\/lospoliticosveracruz.com.mx\/index.php?rest_route=\/wp\/v2\/posts\/150587","targetHints":{"allow":["GET"]}}],"collection":[{"href":"https:\/\/lospoliticosveracruz.com.mx\/index.php?rest_route=\/wp\/v2\/posts"}],"about":[{"href":"https:\/\/lospoliticosveracruz.com.mx\/index.php?rest_route=\/wp\/v2\/types\/post"}],"author":[{"embeddable":true,"href":"https:\/\/lospoliticosveracruz.com.mx\/index.php?rest_route=\/wp\/v2\/users\/2"}],"replies":[{"embeddable":true,"href":"https:\/\/lospoliticosveracruz.com.mx\/index.php?rest_route=%2Fwp%2Fv2%2Fcomments&post=150587"}],"version-history":[{"count":2,"href":"https:\/\/lospoliticosveracruz.com.mx\/index.php?rest_route=\/wp\/v2\/posts\/150587\/revisions"}],"predecessor-version":[{"id":150595,"href":"https:\/\/lospoliticosveracruz.com.mx\/index.php?rest_route=\/wp\/v2\/posts\/150587\/revisions\/150595"}],"wp:featuredmedia":[{"embeddable":true,"href":"https:\/\/lospoliticosveracruz.com.mx\/index.php?rest_route=\/wp\/v2\/media\/150588"}],"wp:attachment":[{"href":"https:\/\/lospoliticosveracruz.com.mx\/index.php?rest_route=%2Fwp%2Fv2%2Fmedia&parent=150587"}],"wp:term":[{"taxonomy":"category","embeddable":true,"href":"https:\/\/lospoliticosveracruz.com.mx\/index.php?rest_route=%2Fwp%2Fv2%2Fcategories&post=150587"},{"taxonomy":"post_tag","embeddable":true,"href":"https:\/\/lospoliticosveracruz.com.mx\/index.php?rest_route=%2Fwp%2Fv2%2Ftags&post=150587"}],"curies":[{"name":"wp","href":"https:\/\/api.w.org\/{rel}","templated":true}]}}