{"id":150591,"date":"2025-08-13T16:50:11","date_gmt":"2025-08-13T21:50:11","guid":{"rendered":"https:\/\/lospoliticosveracruz.com.mx\/?p=150591"},"modified":"2025-08-13T16:50:25","modified_gmt":"2025-08-13T21:50:25","slug":"paty-mochilas","status":"publish","type":"post","link":"https:\/\/lospoliticosveracruz.com.mx\/?p=150591","title":{"rendered":"PATY, MOCHILAS!"},"content":{"rendered":"\n\n\n<p><strong>Veracruz:<\/strong>&nbsp;La&nbsp;<strong>alcaldesa Paty Lobeira<\/strong>&nbsp;anunci\u00f3 que, por cuarto a\u00f1o consecutivo, llevar\u00e1 a cabo la entrega gratuita de&nbsp;<strong>mochilas<\/strong>&nbsp;y&nbsp;<strong>\u00fatiles escolares<\/strong>&nbsp;a todos los&nbsp;<strong>estudiantes<\/strong>&nbsp;de las&nbsp;<strong>escuelas primarias p\u00fablicas<\/strong>&nbsp;del municipio, con el objetivo de apoyar la&nbsp;<strong>econom\u00eda familiar<\/strong>&nbsp;y fomentar la&nbsp;<strong>educaci\u00f3n<\/strong>.<\/p>\n\n\n\n<p>Durante una transmisi\u00f3n en vivo desde la&nbsp;<strong>colonia La Pochota<\/strong>, donde visit\u00f3 a la familia&nbsp;<strong>Licona Ag\u00fcero<\/strong>, beneficiaria del&nbsp;<strong>Programa de Apoyo Escolar Municipal<\/strong>, la&nbsp;<strong>alcaldesa<\/strong>&nbsp;dio a conocer que este a\u00f1o se distribuir\u00e1n&nbsp;<strong>45 mil kits escolares<\/strong>&nbsp;a partir de la&nbsp;<strong>primera semana<\/strong>&nbsp;del regreso a clases.<\/p>\n\n\n\n<p>Inform\u00f3 que cada paquete incluye&nbsp;<strong>mochila<\/strong>,&nbsp;<strong>l\u00e1piz<\/strong>,&nbsp;<strong>escuadra<\/strong>,&nbsp;<strong>regla<\/strong>,&nbsp;<strong>caja de 12 colores<\/strong>,&nbsp;<strong>comp\u00e1s<\/strong>,&nbsp;<strong>tijeras<\/strong>,&nbsp;<strong>libretas<\/strong>,&nbsp;<strong>sacapuntas<\/strong>&nbsp;y&nbsp;<strong>goma<\/strong>.&nbsp;<strong>Paty Lobeira<\/strong>&nbsp;pidi\u00f3 a los&nbsp;<strong>padres de familia<\/strong>&nbsp;no adquirir estos art\u00edculos antes del inicio del&nbsp;<strong>ciclo escolar<\/strong>, ya que ser\u00e1n entregados por el&nbsp;<strong>Ayuntamiento de Veracruz<\/strong>.<\/p>\n\n\n\n<p>\u201cEste apoyo representa un&nbsp;<strong>ahorro importante<\/strong>&nbsp;para las&nbsp;<strong>familias<\/strong>&nbsp;y es un detalle para todos nuestros&nbsp;<strong>ni\u00f1os veracruzanos<\/strong>. Creemos firmemente en la&nbsp;<strong>educaci\u00f3n<\/strong>&nbsp;como base de su futuro\u201d, expres\u00f3.<\/p>\n\n\n\n<p>La&nbsp;<strong>alcaldesa<\/strong>&nbsp;record\u00f3 que en a\u00f1os anteriores tambi\u00e9n se entregaron&nbsp;<strong>tenis escolares<\/strong>, aunque este a\u00f1o el paquete se centrar\u00e1 en&nbsp;<strong>mochilas<\/strong>&nbsp;y&nbsp;<strong>\u00fatiles<\/strong>&nbsp;debido a la log\u00edstica que implica su distribuci\u00f3n.<\/p>\n\n\n\n<p><\/p>\n","protected":false},"excerpt":{"rendered":"<p>Veracruz:&nbsp;La&nbsp;alcaldesa Paty Lobeira&nbsp;anunci\u00f3 que, por cuarto a\u00f1o consecutivo, llevar\u00e1 a cabo la entrega gratuita de&nbsp;mochilas&nbsp;y&nbsp;\u00fatiles escolares&nbsp;a todos los&nbsp;estudiantes&nbsp;de las&nbsp;escuelas primarias p\u00fablicas&nbsp;del municipio, con el objetivo de apoyar la&nbsp;econom\u00eda familiar&nbsp;y fomentar la&nbsp;educaci\u00f3n. Durante una transmisi\u00f3n en vivo desde la&nbsp;colonia La Pochota, donde visit\u00f3 a la familia&nbsp;Licona Ag\u00fcero, beneficiaria del&nbsp;Programa de Apoyo Escolar Municipal, la&nbsp;alcaldesa&nbsp;dio a conocer [&hellip;]<\/p>\n","protected":false},"author":2,"featured_media":150592,"comment_status":"closed","ping_status":"closed","sticky":false,"template":"","format":"standard","meta":{"_jetpack_newsletter_access":"","_jetpack_dont_email_post_to_subs":false,"_jetpack_newsletter_tier_id":0,"_jetpack_memberships_contains_paywalled_content":false,"_jetpack_memberships_contains_paid_content":false,"footnotes":""},"categories":[73],"tags":[],"class_list":["post-150591","post","type-post","status-publish","format-standard","has-post-thumbnail","hentry","category-de-boleto"],"jetpack_featured_media_url":"https:\/\/lospoliticosveracruz.com.mx\/wp-content\/uploads\/2025\/08\/IMG_5521.jpeg","jetpack_sharing_enabled":true,"jetpack_shortlink":"https:\/\/wp.me\/p4Qcd3-DaT","_links":{"self":[{"href":"https:\/\/lospoliticosveracruz.com.mx\/index.php?rest_route=\/wp\/v2\/posts\/150591","targetHints":{"allow":["GET"]}}],"collection":[{"href":"https:\/\/lospoliticosveracruz.com.mx\/index.php?rest_route=\/wp\/v2\/posts"}],"about":[{"href":"https:\/\/lospoliticosveracruz.com.mx\/index.php?rest_route=\/wp\/v2\/types\/post"}],"author":[{"embeddable":true,"href":"https:\/\/lospoliticosveracruz.com.mx\/index.php?rest_route=\/wp\/v2\/users\/2"}],"replies":[{"embeddable":true,"href":"https:\/\/lospoliticosveracruz.com.mx\/index.php?rest_route=%2Fwp%2Fv2%2Fcomments&post=150591"}],"version-history":[{"count":2,"href":"https:\/\/lospoliticosveracruz.com.mx\/index.php?rest_route=\/wp\/v2\/posts\/150591\/revisions"}],"predecessor-version":[{"id":150594,"href":"https:\/\/lospoliticosveracruz.com.mx\/index.php?rest_route=\/wp\/v2\/posts\/150591\/revisions\/150594"}],"wp:featuredmedia":[{"embeddable":true,"href":"https:\/\/lospoliticosveracruz.com.mx\/index.php?rest_route=\/wp\/v2\/media\/150592"}],"wp:attachment":[{"href":"https:\/\/lospoliticosveracruz.com.mx\/index.php?rest_route=%2Fwp%2Fv2%2Fmedia&parent=150591"}],"wp:term":[{"taxonomy":"category","embeddable":true,"href":"https:\/\/lospoliticosveracruz.com.mx\/index.php?rest_route=%2Fwp%2Fv2%2Fcategories&post=150591"},{"taxonomy":"post_tag","embeddable":true,"href":"https:\/\/lospoliticosveracruz.com.mx\/index.php?rest_route=%2Fwp%2Fv2%2Ftags&post=150591"}],"curies":[{"name":"wp","href":"https:\/\/api.w.org\/{rel}","templated":true}]}}