{"id":150596,"date":"2025-08-13T18:23:23","date_gmt":"2025-08-13T23:23:23","guid":{"rendered":"https:\/\/lospoliticosveracruz.com.mx\/?p=150596"},"modified":"2025-08-13T18:23:40","modified_gmt":"2025-08-13T23:23:40","slug":"le-toco-a-villa-aldama","status":"publish","type":"post","link":"https:\/\/lospoliticosveracruz.com.mx\/?p=150596","title":{"rendered":"LE TOC\u00d3 A VILLA ALDAMA!"},"content":{"rendered":"\n\n\n<p><br><strong>Villa Aldama:<\/strong>\u00a0La\u00a0<strong>Secretar\u00eda de Trabajo, Previsi\u00f3n Social y Productividad (STPSP)<\/strong>\u00a0realiz\u00f3 en la\u00a0<strong>Casa del Adulto Mayor<\/strong>, la\u00a0<strong>vig\u00e9sima tercera edici\u00f3n<\/strong>\u00a0de la\u00a0<strong>Caravana de Servicios<\/strong>, acercando\u00a0<strong>313 vacantes laborales<\/strong>\u00a0a trav\u00e9s de\u00a0<strong>empresas<\/strong>\u00a0y\u00a0<strong>programas de vinculaci\u00f3n<\/strong>\u00a0que promueven\u00a0<strong>empleo digno<\/strong>\u00a0y\u00a0<strong>oportunidades de inclusi\u00f3n<\/strong>.<\/p>\n\n\n\n<p>En esta jornada se ofertaron&nbsp;<strong>53 vacantes<\/strong>&nbsp;mediante la&nbsp;<strong>Bolsa de Trabajo del Servicio Nacional de Empleo<\/strong>, con la participaci\u00f3n de empresas como&nbsp;<strong>Laboratorio de An\u00e1lisis Cl\u00ednicos Argus<\/strong>,&nbsp;<strong>COMEX<\/strong>,&nbsp;<strong>Hotel Fiesta Inn<\/strong>&nbsp;y&nbsp;<strong>Taquer\u00eda La Vecindad<\/strong>, en perfiles como&nbsp;<strong>auxiliar qu\u00edmico<\/strong>,&nbsp;<strong>soldador<\/strong>,&nbsp;<strong>barista<\/strong>,&nbsp;<strong>maestro alba\u00f1il<\/strong>&nbsp;y&nbsp;<strong>mec\u00e1nico de maquinaria pesada<\/strong>.<\/p>\n\n\n\n<p>El&nbsp;<strong>Programa de Movilidad Laboral Interna<\/strong>&nbsp;puso a disposici\u00f3n&nbsp;<strong>180 oportunidades<\/strong>&nbsp;en empresas como&nbsp;<strong>Agrizar<\/strong>,&nbsp;<strong>Berrimex<\/strong>,&nbsp;<strong>Green World<\/strong>,&nbsp;<strong>Bioparques<\/strong>&nbsp;y&nbsp;<strong>KUKA Home<\/strong>, mientras que la&nbsp;<strong>Movilidad Laboral Externa<\/strong>&nbsp;ofert\u00f3&nbsp;<strong>80 plazas<\/strong>&nbsp;para&nbsp;<strong>personal de enfermer\u00eda<\/strong>&nbsp;en&nbsp;<strong>Alemania<\/strong>, como parte de acuerdos internacionales coordinados por la&nbsp;<strong>STPSP<\/strong>.<\/p>\n\n\n\n<p>Adem\u00e1s de la&nbsp;<strong>vinculaci\u00f3n laboral<\/strong>, la&nbsp;<strong>Caravana<\/strong>&nbsp;ofreci\u00f3 servicios de&nbsp;<strong>orientaci\u00f3n ocupacional<\/strong>,&nbsp;<strong>reclutamiento<\/strong>,&nbsp;<strong>capacitaciones<\/strong>&nbsp;y&nbsp;<strong>promoci\u00f3n de derechos laborales<\/strong>, con la participaci\u00f3n de la&nbsp;<strong>Procuradur\u00eda de la Defensa del Trabajo<\/strong>, el&nbsp;<strong>Centro de Conciliaci\u00f3n Laboral de Veracruz<\/strong>, as\u00ed como el&nbsp;<strong>Instituto de Capacitaci\u00f3n para el Trabajo del Estado de Veracruz<\/strong>.<\/p>\n\n\n\n<p><\/p>\n","protected":false},"excerpt":{"rendered":"<p>Villa Aldama:\u00a0La\u00a0Secretar\u00eda de Trabajo, Previsi\u00f3n Social y Productividad (STPSP)\u00a0realiz\u00f3 en la\u00a0Casa del Adulto Mayor, la\u00a0vig\u00e9sima tercera edici\u00f3n\u00a0de la\u00a0Caravana de Servicios, acercando\u00a0313 vacantes laborales\u00a0a trav\u00e9s de\u00a0empresas\u00a0y\u00a0programas de vinculaci\u00f3n\u00a0que promueven\u00a0empleo digno\u00a0y\u00a0oportunidades de inclusi\u00f3n. En esta jornada se ofertaron&nbsp;53 vacantes&nbsp;mediante la&nbsp;Bolsa de Trabajo del Servicio Nacional de Empleo, con la participaci\u00f3n de empresas como&nbsp;Laboratorio de An\u00e1lisis Cl\u00ednicos Argus,&nbsp;COMEX,&nbsp;Hotel [&hellip;]<\/p>\n","protected":false},"author":2,"featured_media":150597,"comment_status":"closed","ping_status":"closed","sticky":false,"template":"","format":"standard","meta":{"_jetpack_newsletter_access":"","_jetpack_dont_email_post_to_subs":false,"_jetpack_newsletter_tier_id":0,"_jetpack_memberships_contains_paywalled_content":false,"_jetpack_memberships_contains_paid_content":false,"footnotes":""},"categories":[73],"tags":[45181,45184,45185,45183],"class_list":["post-150596","post","type-post","status-publish","format-standard","has-post-thumbnail","hentry","category-de-boleto","tag-caravana-de-servicios-veracruz","tag-movilidad-laboral-internacional","tag-oportunidades-de-trabajo-veracruz","tag-stpsp-vacantes-laborales"],"jetpack_featured_media_url":"https:\/\/lospoliticosveracruz.com.mx\/wp-content\/uploads\/2025\/08\/IMG_5524.jpeg","jetpack_sharing_enabled":true,"jetpack_shortlink":"https:\/\/wp.me\/p4Qcd3-DaY","_links":{"self":[{"href":"https:\/\/lospoliticosveracruz.com.mx\/index.php?rest_route=\/wp\/v2\/posts\/150596","targetHints":{"allow":["GET"]}}],"collection":[{"href":"https:\/\/lospoliticosveracruz.com.mx\/index.php?rest_route=\/wp\/v2\/posts"}],"about":[{"href":"https:\/\/lospoliticosveracruz.com.mx\/index.php?rest_route=\/wp\/v2\/types\/post"}],"author":[{"embeddable":true,"href":"https:\/\/lospoliticosveracruz.com.mx\/index.php?rest_route=\/wp\/v2\/users\/2"}],"replies":[{"embeddable":true,"href":"https:\/\/lospoliticosveracruz.com.mx\/index.php?rest_route=%2Fwp%2Fv2%2Fcomments&post=150596"}],"version-history":[{"count":2,"href":"https:\/\/lospoliticosveracruz.com.mx\/index.php?rest_route=\/wp\/v2\/posts\/150596\/revisions"}],"predecessor-version":[{"id":150599,"href":"https:\/\/lospoliticosveracruz.com.mx\/index.php?rest_route=\/wp\/v2\/posts\/150596\/revisions\/150599"}],"wp:featuredmedia":[{"embeddable":true,"href":"https:\/\/lospoliticosveracruz.com.mx\/index.php?rest_route=\/wp\/v2\/media\/150597"}],"wp:attachment":[{"href":"https:\/\/lospoliticosveracruz.com.mx\/index.php?rest_route=%2Fwp%2Fv2%2Fmedia&parent=150596"}],"wp:term":[{"taxonomy":"category","embeddable":true,"href":"https:\/\/lospoliticosveracruz.com.mx\/index.php?rest_route=%2Fwp%2Fv2%2Fcategories&post=150596"},{"taxonomy":"post_tag","embeddable":true,"href":"https:\/\/lospoliticosveracruz.com.mx\/index.php?rest_route=%2Fwp%2Fv2%2Ftags&post=150596"}],"curies":[{"name":"wp","href":"https:\/\/api.w.org\/{rel}","templated":true}]}}