{"id":150619,"date":"2025-08-14T08:38:51","date_gmt":"2025-08-14T13:38:51","guid":{"rendered":"https:\/\/lospoliticosveracruz.com.mx\/?p=150619"},"modified":"2025-08-14T08:39:06","modified_gmt":"2025-08-14T13:39:06","slug":"huerta-y-morena-durmiendo-con-el-enemigo","status":"publish","type":"post","link":"https:\/\/lospoliticosveracruz.com.mx\/?p=150619","title":{"rendered":"HUERTA Y MORENA, DURMIENDO CON EL ENEMIGO"},"content":{"rendered":"\n\n\n<p><strong>Yamiri Rodr\u00edguez Madrid<\/strong><\/p>\n\n\n\n<p><strong>La vuelta a Veracruz en un teclazo<\/strong><\/p>\n\n\n\n<p>En reiteradas ocasiones hemos se\u00f1alado que el mayor opositor de&nbsp;<strong>Morena<\/strong>&nbsp;en&nbsp;<strong>Veracruz<\/strong>&nbsp;es su&nbsp;<strong>senador, Manuel Huerta Ladr\u00f3n de Guevara<\/strong>. El&nbsp;<strong>l\u00edder estatal del PAN, Federico Salom\u00f3n Molina<\/strong>, suena tibio cuando critica al&nbsp;<strong>partido en el poder<\/strong>;&nbsp;<strong>Adolfo Ram\u00edrez Arana<\/strong>&nbsp;tiene la misma fuerza de un&nbsp;<strong>Tehuac\u00e1n<\/strong>&nbsp;destapado el viernes, pero cuando&nbsp;<strong>Huerta<\/strong>&nbsp;sale a&nbsp;<strong>medios<\/strong>&nbsp;es agresivo con sus correligionarios. Por su puesto que en todo&nbsp;<strong>partido pol\u00edtico<\/strong>&nbsp;debe haber&nbsp;<strong>autocr\u00edtica<\/strong>, m\u00e1xime cuando se est\u00e1 en el&nbsp;<strong>poder<\/strong>, pero lo del&nbsp;<strong>exdelegado de Bienestar<\/strong>, es corrosivo.<\/p>\n\n\n\n<p>Si tan mal est\u00e1n las cosas para \u00e9l, si tan inc\u00f3modo se siente con el actuar de la&nbsp;<strong>dirigencia<\/strong>&nbsp;y con acciones de&nbsp;<strong>gobierno<\/strong>, \u00bfpor qu\u00e9 no renuncia a su&nbsp;<strong>esca\u00f1o en el Senado<\/strong>? \u00bfpor qu\u00e9 pelea y pelea posiciones para su gente? Esto viene a colaci\u00f3n por las recientes declaraciones del&nbsp;<strong>l\u00edder morenista, Esteban Ram\u00edrez Zepeta<\/strong>&nbsp;y del&nbsp;<strong>delegado federal del Bienestar, Juan Javier G\u00f3mez Cazar\u00edn<\/strong>, se\u00f1alando precisamente el actuar de su correligionario.<\/p>\n\n\n\n<p>En primer t\u00e9rmino, el&nbsp;<strong>l\u00edder<\/strong>&nbsp;de su&nbsp;<strong>partido<\/strong>&nbsp;acus\u00f3 que&nbsp;<strong>Huerta<\/strong>&nbsp;es un&nbsp;<strong>senador<\/strong>&nbsp;que no trabaja en pro del&nbsp;<strong>movimiento<\/strong>&nbsp;y como ejemplo calific\u00f3 como una burla que&nbsp;<strong>excandidatos<\/strong>&nbsp;de otros&nbsp;<strong>partidos pol\u00edticos<\/strong>&nbsp;le agradezcan el apoyo recibido en el pasado&nbsp;<strong>proceso electoral<\/strong>.<\/p>\n\n\n\n<p>Luego,&nbsp;<strong>G\u00f3mez Cazar\u00edn<\/strong>&nbsp;public\u00f3 un texto en el que afirm\u00f3 que dentro del&nbsp;<strong>Movimiento<\/strong>&nbsp;deben tener bien identificados a los&nbsp;<strong>alacranes<\/strong>&nbsp;que los quieren dividir, que buscan inyectar su ponzo\u00f1a, que obedecen a su naturaleza, que destilan veneno, que meten ciza\u00f1a, que ya han traicionado muchas veces y est\u00e1n listos para volverlo a hacer. Y aunque no cit\u00f3 su nombre, luego circul\u00f3 sus acostumbrados mensajes en el que a\u00f1adi\u00f3 la foto de&nbsp;<strong>Huerta<\/strong>&nbsp;con el cuerpo de un alacr\u00e1n.<\/p>\n\n\n\n<p>Su mensaje lo remat\u00f3 diciendo: \u201cNi siquiera se merecen que les deseemos alg\u00fan mal. Nom\u00e1s con no darle ride para cruzar los r\u00edos con nosotros es suficiente. Para acabar les dejo con otro dicho: la leche y los cul\u2026.pables se cortan solos. PD. Es bueno escuchar a todos algunos dicen no le hagan caso a ese alacr\u00e1n que lo hacen m\u00e1s famoso, pero en mi rancho a los alacranes los aplastamos para que no sigan envenenando a los dem\u00e1s, y eso haremos con este alacr\u00e1n panz\u00f3n\u201d.<\/p>\n\n\n\n<p>De cara a su&nbsp;<strong>primer informe<\/strong>&nbsp;como&nbsp;<strong>Senador<\/strong>,&nbsp;<strong>Huerta<\/strong>&nbsp;sale amedrentado, diciendo que no se les olvide que \u00e9l es&nbsp;<strong>fundador<\/strong>, aunque les duele, y que m\u00e1s les vale andar derechitos y ponerse a chambear. Ojal\u00e1 lo mismo le dijera, en su calidad de&nbsp;<strong>fundador del movimiento<\/strong>, a su compa\u00f1ero&nbsp;<strong>Ad\u00e1n Augusto<\/strong>, quien est\u00e1 envuelto en un&nbsp;<strong>tufo de pudrici\u00f3n<\/strong>&nbsp;y con quien se retrata a cada ratito. O bien, al&nbsp;<strong>extenuado hijo<\/strong>&nbsp;del&nbsp;<strong>expresidente L\u00f3pez Obrador<\/strong>, a quien defiende de sus austeros viajes al&nbsp;<strong>Oriente<\/strong>.<\/p>\n\n\n\n<p>Lo cierto es que&nbsp;<strong>Manuel Huerta<\/strong>&nbsp;no termina por entender que, en este momento, est\u00e1 parado del lado incorrecto de la historia y que sus ansias por verse en la&nbsp;<strong>boleta<\/strong>&nbsp;en el&nbsp;<strong>2030<\/strong>, se tendr\u00e1n que controlar pues son m\u00e1s sus contrarios que sus aliados\u2026 as\u00ed el show de&nbsp;<strong>Huerta<\/strong>.<\/p>\n\n\n\n<p>@YamiriRodr\u00edguez<\/p>\n\n\n\n<p><\/p>\n","protected":false},"excerpt":{"rendered":"<p>Yamiri Rodr\u00edguez Madrid La vuelta a Veracruz en un teclazo En reiteradas ocasiones hemos se\u00f1alado que el mayor opositor de&nbsp;Morena&nbsp;en&nbsp;Veracruz&nbsp;es su&nbsp;senador, Manuel Huerta Ladr\u00f3n de Guevara. El&nbsp;l\u00edder estatal del PAN, Federico Salom\u00f3n Molina, suena tibio cuando critica al&nbsp;partido en el poder;&nbsp;Adolfo Ram\u00edrez Arana&nbsp;tiene la misma fuerza de un&nbsp;Tehuac\u00e1n&nbsp;destapado el viernes, pero cuando&nbsp;Huerta&nbsp;sale a&nbsp;medios&nbsp;es agresivo con [&hellip;]<\/p>\n","protected":false},"author":2,"featured_media":141413,"comment_status":"closed","ping_status":"closed","sticky":false,"template":"","format":"standard","meta":{"_jetpack_newsletter_access":"","_jetpack_dont_email_post_to_subs":false,"_jetpack_newsletter_tier_id":0,"_jetpack_memberships_contains_paywalled_content":false,"_jetpack_memberships_contains_paid_content":false,"footnotes":""},"categories":[70],"tags":[17053,12695,45203,45204,45043],"class_list":["post-150619","post","type-post","status-publish","format-standard","has-post-thumbnail","hentry","category-de-opinion","tag-esteban-ramirez-zepeta","tag-juan-javier-gomez-cazarin","tag-manuel-huerta-veracruz","tag-morena-conflictos-internos","tag-politica-veracruz"],"jetpack_featured_media_url":"https:\/\/lospoliticosveracruz.com.mx\/wp-content\/uploads\/2025\/04\/Yamiri-Rodriguez-Madrid.jpg","jetpack_sharing_enabled":true,"jetpack_shortlink":"https:\/\/wp.me\/p4Qcd3-Dbl","_links":{"self":[{"href":"https:\/\/lospoliticosveracruz.com.mx\/index.php?rest_route=\/wp\/v2\/posts\/150619","targetHints":{"allow":["GET"]}}],"collection":[{"href":"https:\/\/lospoliticosveracruz.com.mx\/index.php?rest_route=\/wp\/v2\/posts"}],"about":[{"href":"https:\/\/lospoliticosveracruz.com.mx\/index.php?rest_route=\/wp\/v2\/types\/post"}],"author":[{"embeddable":true,"href":"https:\/\/lospoliticosveracruz.com.mx\/index.php?rest_route=\/wp\/v2\/users\/2"}],"replies":[{"embeddable":true,"href":"https:\/\/lospoliticosveracruz.com.mx\/index.php?rest_route=%2Fwp%2Fv2%2Fcomments&post=150619"}],"version-history":[{"count":2,"href":"https:\/\/lospoliticosveracruz.com.mx\/index.php?rest_route=\/wp\/v2\/posts\/150619\/revisions"}],"predecessor-version":[{"id":150621,"href":"https:\/\/lospoliticosveracruz.com.mx\/index.php?rest_route=\/wp\/v2\/posts\/150619\/revisions\/150621"}],"wp:featuredmedia":[{"embeddable":true,"href":"https:\/\/lospoliticosveracruz.com.mx\/index.php?rest_route=\/wp\/v2\/media\/141413"}],"wp:attachment":[{"href":"https:\/\/lospoliticosveracruz.com.mx\/index.php?rest_route=%2Fwp%2Fv2%2Fmedia&parent=150619"}],"wp:term":[{"taxonomy":"category","embeddable":true,"href":"https:\/\/lospoliticosveracruz.com.mx\/index.php?rest_route=%2Fwp%2Fv2%2Fcategories&post=150619"},{"taxonomy":"post_tag","embeddable":true,"href":"https:\/\/lospoliticosveracruz.com.mx\/index.php?rest_route=%2Fwp%2Fv2%2Ftags&post=150619"}],"curies":[{"name":"wp","href":"https:\/\/api.w.org\/{rel}","templated":true}]}}