{"id":150689,"date":"2025-08-15T06:53:25","date_gmt":"2025-08-15T11:53:25","guid":{"rendered":"https:\/\/lospoliticosveracruz.com.mx\/?p=150689"},"modified":"2025-08-15T06:53:38","modified_gmt":"2025-08-15T11:53:38","slug":"el-veracruz-de-nahle","status":"publish","type":"post","link":"https:\/\/lospoliticosveracruz.com.mx\/?p=150689","title":{"rendered":"EL VERACRUZ DE NAHLE"},"content":{"rendered":"\n\n\n<p><br><strong>Ricardo Chua<\/strong><\/p>\n\n\n\n<p><em>Sale y Vale<\/em><\/p>\n\n\n\n<p>A pesar que en m\u00faltiples ocasiones en este espacio.. Se ha se\u00f1alado que GRAN PARTE de la responsabilidad de las crisis pol\u00edticas y gobierno que vive la administraci\u00f3n de Roc\u00edo Nahle Garc\u00eda en Veracruz.. Se deb\u00edan a la nula labor que realizaban, su equipo de trabajo y asesores pol\u00edticos-medi\u00e1ticos, que debido a ello, no la pod\u00edan sacar de esos conflictos ni a ella, ni al Gobierno del Estado.. Sin embargo, la gobernadora tambi\u00e9n tiene parte de esa responsabilidad en los problemas que arrastra su gesti\u00f3n, desde hace meses porque ha faltado visi\u00f3n de que GOBERNAR es una acci\u00f3n colectiva y es lo que no entienden en Palacio de Gobierno.. Por lo que pareciera que como nadie se siente responsable, dejan que el Estado se \u00abhunda\u00bb..<\/p>\n\n\n\n<p>Esta forma particular de gobernar de los 5 \u00faltimos gobernadores de Veracruz, ha sido un GRAN ERROR.. Mismo que empez\u00f3 desde el sexenio de Fidel Herrera Beltr\u00e1n, del 2004 al 2010, cuya pr\u00e1ctica es que el mandatario estatal ponga en su gobierno a todos los subsecretarios de cada dependencia, que imponga a los contralores internos de las mismas secretar\u00edas.. Lo que se ha convertido en una \u00abbatalla interna\u00bb en cada secretar\u00eda.. Ah\u00ed est\u00e1 la equivocaci\u00f3n porque lo que deben de hacer, es dejarle la libertad de designaci\u00f3n a cada titular de las secretar\u00edas de despacho, que componen en este gobierno.. Para que cada secretario ponga a su equipo de trabajo y ah\u00ed s\u00ed podr\u00e1n echarle la culpa de los errores que comentan en sus acciones o funci\u00f3n p\u00fablica..<\/p>\n\n\n\n<p>Por eso, en este sexenio que reci\u00e9n empieza de Roc\u00edo Nahle Garc\u00eda, NO PUEDE CULPAR a muchos de ellos de estas crisis que vive su administraci\u00f3n, en algunas de sus \u00e1reas porque estos errores fueron de ella.. Ya que al estar \u00abmanoseadas\u00bb las designaciones de sus funcionarios, es obvio que los secretarios de las dependencias, no operan con confianza con sus subalternos porque no los conocen..Se los impusieron y en muchas ocasiones apenas estaban tomando posesi\u00f3n del cargo y ah\u00ed mismo les avisaban que ya ten\u00edan un subsecretario, coordinador, director o un contralor interno.. Por lo tanto, en cierta forma algunos de ellos se salvan de esa responsabilidad..<\/p>\n\n\n\n<p>Ah\u00ed est\u00e1 el ejemplo de la SEDECOP con Ernesto P\u00e9rez Astorga y Eduardo Vega Yunes, al\u00edas \u00abTato\u00bb.. Secretario y subsecretario, respectivamente, ambos no se quieren, no se \u00abtragan\u00bb, ni se \u00abmastican\u00bb.. Hay lucha de poder.. Pero Roc\u00edo Nahle decidi\u00f3 que Vega Yunes fuera el subsecretario de Astorga.. Y este tuvo que decir: \u00abSi gobernadora\u00bb, no hab\u00eda vuelta de hoja.. Miguel Alem\u00e1n Velasco, como gobernador, fue el \u00faltimo que permiti\u00f3 que sus secretarios pusieran a sus subsecretarios y los dem\u00e1s funcionarios de su dependencia.. Si quer\u00edan colocar a alguien de su confianza.. Consultaba con su secretario en turno.. En esa interacci\u00f3n, se evitaban roces, fricciones y todos a trabajar.. Alem\u00e1n tuvo crisis de otro tipo, fueron nacionales, pero no pol\u00edticas en Veracruz.. Llev\u00f3 bien su sexenio..<\/p>\n\n\n\n<p>Este ejemplo deja en claro a Roc\u00edo Nahle.. Que con todo lo que le ha pasado en los \u00faltimos meses de su administraci\u00f3n y las crisis que ha tenido que sortear.. Es que no puede tomar decisiones de todo de manera unipersonal, tiene que delegar con quienes conozcan la labor que emprende su gobierno.. Motivo por el cual, es que ella como gobernadora NO PUEDE TENER funcionarios de \u00abpose\u00bb o s\u00f3lo \u00abfiguritas\u00bb en el gabinete estatal como el caso de Ricardo Ahued o Jos\u00e9 Manuel Pozos Castro.. Porque no le resuelven nada cuando su gobierno tiene conflicto y esos problemas se vuelven crisis.. Lo dem\u00e1s es historia porque la exposici\u00f3n medi\u00e1tica, no s\u00f3lo es en Veracruz sino a nivel nacional..<\/p>\n\n\n\n<p>Al no delegar y no permitir que el responsable para cada \u00e1rea de gobierno, pueda operar, actuar, decidir y tomar acciones sin que todo lo tengan que consultar con Palacio de Gobierno.. Es que mejor, para no meterse en problemas de m\u00e1s, estos funcionarios mejor se desaparecen de los reflectores de la opini\u00f3n p\u00fablica y, entonces, ah\u00ed es cuando pareciera que la gobernadora no tiene a nadie que le ayude a gobernar, a sortear con los graves casos que puede tener un gobierno estatal.. Pero tambi\u00e9n, se dice al interior de MORENA, es que ella lo ha decidido hacer as\u00ed y es como se presentan este tipo de consecuencias.. Ella se lleva los reflectores, la exposici\u00f3n p\u00fablica.. Pero tambi\u00e9n se lleva los reclamos y el \u00abgolpeteo\u00bb pol\u00edtico..<\/p>\n\n\n\n<p>Un dato adem\u00e1s que la gobernadora tambi\u00e9n ya debi\u00f3 darse cuenta, en esta \u00faltimas semanas, del \u00abgolpeteo\u00bb pol\u00edtico y medi\u00e1tico.. Que NO SE PUEDE GOBERNAR CON LOS AMIGOS.. A los amigos se les debe tener en una fiesta, en un asado o en una reuni\u00f3n donde el gobernante se pueda relajar un poco y luego empezar a tomar decisiones.. Tambi\u00e9n se les puede tener en otro lado, dentro o fuera, del gobierno, pero desde luego tambi\u00e9n que pueden estar en otras \u00e1reas.. Pero no en el \u00e1rea de Gobernaci\u00f3n por cumplir los compromisos pol\u00edticos, como lo est\u00e1 haciendo ella, ya que por la amistad o el afecto, no le puedes recriminar la falta de atenci\u00f3n como funcionario p\u00fablico y que esa acci\u00f3n est\u00e1 provocando crisis en tu gobierno..<\/p>\n\n\n\n<p>Adem\u00e1s ella sabe que tiene que sostener una lucha pol\u00edtica.. Con la militancia \u00abdura\u00bb de MORENA, donde est\u00e1n los \u00abcuitl\u00e1huistas\u00bb, para que los trabajos pol\u00edticos de su partido.. Tampoco se presenten nuevas crisis pol\u00edticas.. Pero por eso, debe fijarse bien a qui\u00e9n le encarga este asunto.. Ya que ella como funcionaria, no tiene un nuevo equipo en su gobierno.. La gobernadora tendr\u00e1 que pensar en un nuevo equipo.. Inclusive arriesgarse, a que invite a su gabinete a gente que no tiene partido, que no milita en MORENA, que son miembros de la sociedad civil.. As\u00ed que no le queda de otra, tendr\u00e1 que reforzar toda est\u00e1 \u00faltima parte de lo arriba se\u00f1alado , porque si no van a continuar en la ingobernabilidad y la crisis..<\/p>\n\n\n\n<p>REFLEXI\u00d3N.. Si algo le debe quedar claro a Roc\u00edo Nahle, que seguramente sus asesores pol\u00edticos no se lo dicen o no se lo explican, es que a una sociedad dentro de un Estado.. Sobre todo SI NO LA CONOCES.. No se le debe tratar de CONQUISTAR CON FUERZA SINO QUE SE LE CONQUISTA CON NECESIDAD.. Nicol\u00e1s Maquiavelo dec\u00eda, hace cientos de a\u00f1os: \u00abEl Pr\u00edncipe sabio har\u00e1 que todos dependan de \u00e9l\u00bb.. Si se analiza, se puede deducir que la DEPENDENCIA es una PRISI\u00d3N sin barrotes.. A la ciudadan\u00eda hay que darle algo, que no puedan conseguir sin su gobernante.. Despu\u00e9s toca darle las soluciones, pero s\u00f3lo a problemas que el mismo gobernante sembr\u00f3.. Ya que en esta sociedad actual, entre un ciudadano y su gobernante, se deduce que EL RESPETO PUEDE FALLAR\u2026 EL AMOR PUEDE IRSE.. PERO LA NECESIDAD TE VUELVE INTOCABLE.. M\u00e1s claro, ni el agua, m\u00e1s no se puede.. SI LO ENTENDI\u00d3, LO ENTENDI\u00d3.. SINO AMEN..<\/p>\n","protected":false},"excerpt":{"rendered":"<p>Ricardo Chua Sale y Vale A pesar que en m\u00faltiples ocasiones en este espacio.. Se ha se\u00f1alado que GRAN PARTE de la responsabilidad de las crisis pol\u00edticas y gobierno que vive la administraci\u00f3n de Roc\u00edo Nahle Garc\u00eda en Veracruz.. Se deb\u00edan a la nula labor que realizaban, su equipo de trabajo y asesores pol\u00edticos-medi\u00e1ticos, que [&hellip;]<\/p>\n","protected":false},"author":2,"featured_media":141434,"comment_status":"closed","ping_status":"closed","sticky":false,"template":"","format":"standard","meta":{"_jetpack_newsletter_access":"","_jetpack_dont_email_post_to_subs":false,"_jetpack_newsletter_tier_id":0,"_jetpack_memberships_contains_paywalled_content":false,"_jetpack_memberships_contains_paid_content":false,"footnotes":""},"categories":[70],"tags":[1026,3578,195],"class_list":["post-150689","post","type-post","status-publish","format-standard","has-post-thumbnail","hentry","category-de-opinion","tag-morena","tag-rocio-nahle","tag-veracruz"],"jetpack_featured_media_url":"https:\/\/lospoliticosveracruz.com.mx\/wp-content\/uploads\/2025\/04\/Chua-e1761364658706.jpg","jetpack_sharing_enabled":true,"jetpack_shortlink":"https:\/\/wp.me\/p4Qcd3-Dct","_links":{"self":[{"href":"https:\/\/lospoliticosveracruz.com.mx\/index.php?rest_route=\/wp\/v2\/posts\/150689","targetHints":{"allow":["GET"]}}],"collection":[{"href":"https:\/\/lospoliticosveracruz.com.mx\/index.php?rest_route=\/wp\/v2\/posts"}],"about":[{"href":"https:\/\/lospoliticosveracruz.com.mx\/index.php?rest_route=\/wp\/v2\/types\/post"}],"author":[{"embeddable":true,"href":"https:\/\/lospoliticosveracruz.com.mx\/index.php?rest_route=\/wp\/v2\/users\/2"}],"replies":[{"embeddable":true,"href":"https:\/\/lospoliticosveracruz.com.mx\/index.php?rest_route=%2Fwp%2Fv2%2Fcomments&post=150689"}],"version-history":[{"count":1,"href":"https:\/\/lospoliticosveracruz.com.mx\/index.php?rest_route=\/wp\/v2\/posts\/150689\/revisions"}],"predecessor-version":[{"id":150690,"href":"https:\/\/lospoliticosveracruz.com.mx\/index.php?rest_route=\/wp\/v2\/posts\/150689\/revisions\/150690"}],"wp:featuredmedia":[{"embeddable":true,"href":"https:\/\/lospoliticosveracruz.com.mx\/index.php?rest_route=\/wp\/v2\/media\/141434"}],"wp:attachment":[{"href":"https:\/\/lospoliticosveracruz.com.mx\/index.php?rest_route=%2Fwp%2Fv2%2Fmedia&parent=150689"}],"wp:term":[{"taxonomy":"category","embeddable":true,"href":"https:\/\/lospoliticosveracruz.com.mx\/index.php?rest_route=%2Fwp%2Fv2%2Fcategories&post=150689"},{"taxonomy":"post_tag","embeddable":true,"href":"https:\/\/lospoliticosveracruz.com.mx\/index.php?rest_route=%2Fwp%2Fv2%2Ftags&post=150689"}],"curies":[{"name":"wp","href":"https:\/\/api.w.org\/{rel}","templated":true}]}}