{"id":150691,"date":"2025-08-15T07:00:13","date_gmt":"2025-08-15T12:00:13","guid":{"rendered":"https:\/\/lospoliticosveracruz.com.mx\/?p=150691"},"modified":"2025-08-15T07:00:51","modified_gmt":"2025-08-15T12:00:51","slug":"de-un-dia-luminoso-a-la-noche-mas-negra","status":"publish","type":"post","link":"https:\/\/lospoliticosveracruz.com.mx\/?p=150691","title":{"rendered":"DE UN D\u00cdA LUMINOSO A LA NOCHE M\u00c1S NEGRA"},"content":{"rendered":"\n\n\n<p><br><br><strong>Bernardo Guti\u00e9rrez Parra<\/strong><\/p>\n\n\n\n<p><em>Desde el Caf\u00e9<\/em><br>Este mi\u00e9rcoles el INEGI dio a conocer una noticia que ya se ve\u00eda venir: que la pobreza disminuy\u00f3 en el sexenio de Andr\u00e9s Manuel L\u00f3pez Obrador. La sorpresa fue el porcentaje.<\/p>\n\n\n\n<p>El INEGI manifest\u00f3 que la pobreza baj\u00f3 de 41.9 por ciento en 2018 a 29.6 por ciento en 2024. Lo que traducido al castellano quiere decir que cuando el tabasque\u00f1o lleg\u00f3 al poder hab\u00eda 52 millones de mexicanos en pobreza y cuando se fue dej\u00f3 38.5 millones. Es decir, 13.5 millones dejaron de ser pobres.<\/p>\n\n\n\n<p>Ayer en su ma\u00f1anera Claudia Sheinbaum calific\u00f3 el hecho como \u201cUna haza\u00f1a de la Cuarta Transformaci\u00f3n\u201d y agreg\u00f3 que esto \u201cdemuestra que el modelo (de la 4T) s\u00ed funciona, porque no solo reduce la pobreza, sino tambi\u00e9n la desigualdad\u201d.<\/p>\n\n\n\n<p>Pero aqu\u00ed entre tu y yo lector, \u00bffue una haza\u00f1a? No. \u00bfUn milagro? Tampoco. \u00bfUna chiripa? Menos. Fue un atrevimiento de Andr\u00e9s Manuel que le sali\u00f3 muy bien ya que aument\u00f3 el sueldo a los trabajadores y cuadruplic\u00f3 los apoyos sociales.<\/p>\n\n\n\n<p>Cuando lleg\u00f3 a la presidencia el salario m\u00ednimo era de 88.40 pesos diarios, pero en 2019 lo aument\u00f3 a 102.68 pesos. En 2020 el aumento fue de 123.22 pesos. En 2021 fue de 141.70 pesos. En 2022 el salario aument\u00f3 a 172.87 pesos. En 2023 fue de 207.44 pesos y en 2024 el aumento fue de 248.93 pesos diarios. Algo nunca visto.<\/p>\n\n\n\n<p>Aumentar el salario de los trabajadores es un modelo que s\u00ed funciona, pero que por miedo a la inflaci\u00f3n no lo llevaron a la pr\u00e1ctica los gobiernos de Miguel de la Madrid, Salinas, Zedillo, Fox, Calder\u00f3n y Pe\u00f1a Nieto que aprobaban aumentos miserables (de 4, 5 o 7 pesos diarios) y hab\u00eda que aplaudirles. En ese sentido el tabasque\u00f1o les demostr\u00f3 que s\u00ed se pod\u00eda y los dej\u00f3 en rid\u00edculo.<\/p>\n\n\n\n<p>Pero los programas sociales son otra cosa.<\/p>\n\n\n\n<p>No me gustar\u00eda estar en los zapatos de Claudia Sheinbaum en el quinto o sexto a\u00f1o de su gobierno cuando tenga que decir: \u201cCon la pena, pero los apoyos en efectivo que se han estado entregando cada dos meses con mexicana alegr\u00eda, se suspenden por falta de liquidez monetaria\u201d.<\/p>\n\n\n\n<p>La disminuci\u00f3n de la pobreza fue lo bonito que dio a conocer el INEGI, pero su encuesta lleva otros datos.<\/p>\n\n\n\n<p>En 2022 el CONEVAL confirm\u00f3 la tendencia a la baja de la pobreza en general, pero a\u00f1adi\u00f3 que la poblaci\u00f3n sin servicios de salud se hab\u00eda disparado de 16.2 por ciento en 2018 a 39.1 cuatro a\u00f1os despu\u00e9s.<\/p>\n\n\n\n<p>La encuesta del INEGI dice que de 2018 a 2024, 24 millones 400 mil mexicanos dejaron de tener acceso a servicios de salud. Y la poblaci\u00f3n vulnerable por carencias sociales pas\u00f3 de 26.4 por ciento en 2018, a 32.2 por ciento en 2024.<\/p>\n\n\n\n<p>Vaya con las contradicciones porque mientras por un lado la pobreza cay\u00f3, por el otro las carencias sociales est\u00e1n aumentando. Y nada de esto se inform\u00f3 en la ma\u00f1anera.<\/p>\n\n\n\n<p>Eso s\u00ed, de que son impresionantes los n\u00fameros del INEGI sobre la pobreza vaya que lo son. No creo que haya otro pa\u00eds en el mundo que pueda presumir de haberle dado una buena tarascada a esa miserable en apenas seis a\u00f1os.<\/p>\n\n\n\n<p>La pregunta es \u00bfpor cu\u00e1nto tiempo?<\/p>\n\n\n\n<p>Porque (hay que reiterarlo), los programas sociales no durar\u00e1n toda la vida y no se ve en el horizonte otro presidente que aumente los salarios al ritmo que lo hizo Andr\u00e9s Manuel.<\/p>\n\n\n\n<p>La disminuci\u00f3n de la pobreza que fue festejada a todo volumen en Palacio Nacional est\u00e1 sostenida con alfileres. \u00bfQu\u00e9 har\u00e1 la doctora Sheinbaum cuando por el motivo que sea los pobres se vuelvan a multiplicar y el d\u00eda alegre y luminoso (como lo fue este jueves) se convierta en la noche m\u00e1s negra?<\/p>\n\n\n\n<p>bernagup28@gmail.com<\/p>\n","protected":false},"excerpt":{"rendered":"<p>Bernardo Guti\u00e9rrez Parra Desde el Caf\u00e9Este mi\u00e9rcoles el INEGI dio a conocer una noticia que ya se ve\u00eda venir: que la pobreza disminuy\u00f3 en el sexenio de Andr\u00e9s Manuel L\u00f3pez Obrador. La sorpresa fue el porcentaje. El INEGI manifest\u00f3 que la pobreza baj\u00f3 de 41.9 por ciento en 2018 a 29.6 por ciento en 2024. [&hellip;]<\/p>\n","protected":false},"author":2,"featured_media":141479,"comment_status":"closed","ping_status":"closed","sticky":false,"template":"","format":"standard","meta":{"_jetpack_newsletter_access":"","_jetpack_dont_email_post_to_subs":false,"_jetpack_newsletter_tier_id":0,"_jetpack_memberships_contains_paywalled_content":false,"_jetpack_memberships_contains_paid_content":false,"footnotes":""},"categories":[70],"tags":[618,9627,178,1026,97,3578,195],"class_list":["post-150691","post","type-post","status-publish","format-standard","has-post-thumbnail","hentry","category-de-opinion","tag-andres-manuel-lopez-obrador","tag-claudia-sheinbaum","tag-inegi","tag-morena","tag-pobreza","tag-rocio-nahle","tag-veracruz"],"jetpack_featured_media_url":"https:\/\/lospoliticosveracruz.com.mx\/wp-content\/uploads\/2025\/04\/Bernardo-Gutierrez-Parra.jpg","jetpack_sharing_enabled":true,"jetpack_shortlink":"https:\/\/wp.me\/p4Qcd3-Dcv","_links":{"self":[{"href":"https:\/\/lospoliticosveracruz.com.mx\/index.php?rest_route=\/wp\/v2\/posts\/150691","targetHints":{"allow":["GET"]}}],"collection":[{"href":"https:\/\/lospoliticosveracruz.com.mx\/index.php?rest_route=\/wp\/v2\/posts"}],"about":[{"href":"https:\/\/lospoliticosveracruz.com.mx\/index.php?rest_route=\/wp\/v2\/types\/post"}],"author":[{"embeddable":true,"href":"https:\/\/lospoliticosveracruz.com.mx\/index.php?rest_route=\/wp\/v2\/users\/2"}],"replies":[{"embeddable":true,"href":"https:\/\/lospoliticosveracruz.com.mx\/index.php?rest_route=%2Fwp%2Fv2%2Fcomments&post=150691"}],"version-history":[{"count":1,"href":"https:\/\/lospoliticosveracruz.com.mx\/index.php?rest_route=\/wp\/v2\/posts\/150691\/revisions"}],"predecessor-version":[{"id":150692,"href":"https:\/\/lospoliticosveracruz.com.mx\/index.php?rest_route=\/wp\/v2\/posts\/150691\/revisions\/150692"}],"wp:featuredmedia":[{"embeddable":true,"href":"https:\/\/lospoliticosveracruz.com.mx\/index.php?rest_route=\/wp\/v2\/media\/141479"}],"wp:attachment":[{"href":"https:\/\/lospoliticosveracruz.com.mx\/index.php?rest_route=%2Fwp%2Fv2%2Fmedia&parent=150691"}],"wp:term":[{"taxonomy":"category","embeddable":true,"href":"https:\/\/lospoliticosveracruz.com.mx\/index.php?rest_route=%2Fwp%2Fv2%2Fcategories&post=150691"},{"taxonomy":"post_tag","embeddable":true,"href":"https:\/\/lospoliticosveracruz.com.mx\/index.php?rest_route=%2Fwp%2Fv2%2Ftags&post=150691"}],"curies":[{"name":"wp","href":"https:\/\/api.w.org\/{rel}","templated":true}]}}