{"id":150700,"date":"2025-08-15T09:12:14","date_gmt":"2025-08-15T14:12:14","guid":{"rendered":"https:\/\/lospoliticosveracruz.com.mx\/?p=150700"},"modified":"2025-08-15T09:12:46","modified_gmt":"2025-08-15T14:12:46","slug":"bacheando-el-camino-rumbo-al-informe","status":"publish","type":"post","link":"https:\/\/lospoliticosveracruz.com.mx\/?p=150700","title":{"rendered":"BACHEANDO EL CAMINO RUMBO AL INFORME"},"content":{"rendered":"\n\n\n<p><br><strong>Felipe de Jes\u00fas Fern\u00e1ndez Basilio<\/strong><\/p>\n\n\n\n<p><em>Desde a Janela<\/em><\/p>\n\n\n\n<p>Recuerdo que cuando comenzaba esta administraci\u00f3n que se autodenomin\u00f3 del segundo piso de la&nbsp;<strong>transformaci\u00f3n<\/strong>&nbsp;que no fue ni tampoco ser\u00e1 hablaban de tapar todos los hoyos (muchos de ellos verdaderos cr\u00e1teres) que se han formado casi en la totalidad de la red carretera nacional.<\/p>\n\n\n\n<p>Al parecer todo qued\u00f3 en pura palabrer\u00eda, ya que las aludidas v\u00edas de comunicaci\u00f3n en su mayor\u00eda siguen igual o m\u00e1s deterioradas que hace un a\u00f1o.<\/p>\n\n\n\n<p>En contraste a estos hechos, en el terreno de la propaganda vemos que s\u00ed est\u00e1n aplicando el llamado \u201cbacheo\u201d al discurso oficial con la publicaci\u00f3n de un informe del&nbsp;<strong>INEGI<\/strong>&nbsp;en el que se se\u00f1ala una supuesta disminuci\u00f3n de la pobreza en los casi siete a\u00f1os que llevamos de la transformaci\u00f3n que no fue ni tampoco ser\u00e1.<\/p>\n\n\n\n<p>Estos datos que tanto festina el gobierno, nos dicen que disminuy\u00f3 la pobreza debido a los aumentos salariales, la transferencia de recursos p\u00fablicos y el aumento de las remesas.<\/p>\n\n\n\n<p>Con ello pretenden decir que la autopista de la transformaci\u00f3n tiene ocho carriles en cada sentido y un trazo tan envidiable que har\u00e1 que el arribo al tan ansiado estado de bienestar sea m\u00e1s pronto de lo que esperamos.<\/p>\n\n\n\n<p>Sin embargo, si nos fijamos bien en las cuentas alegres que pregonan con tanto ah\u00ednco, nos daremos cuenta que solo est\u00e1n echando chapopote de mala calidad en la misma brecha de siempre.<\/p>\n\n\n\n<p>Empecemos con el aumento de los salarios, eso es una cosa magn\u00edfica en s\u00ed misma debido a que todo trabajo debe de ser justamente remunerado a fin de quien lo realiza pueda vivir mejor y si aumenta, pues es algo que se tiene que celebrar.<\/p>\n\n\n\n<p>El problema es que el salario, como todo en esta vida, tiene un origen y ese origen es la productividad de la fuente de trabajo que se encarga de cubrirlo y es all\u00ed en donde los n\u00fameros dejan de ser tan bonitos.<\/p>\n\n\n\n<p>As\u00ed es, la productividad de las fuentes de trabajo no ha aumentado al ritmo que lo ha hecho el salario y ello tiene como inconvenientes el que no se creen nuevas fuentes de trabajo y que la informalidad, que como su nombre lo indica se desarrolla al margen de los decretos gubernamentales, siga siendo una gran protagonista en la vida laboral en&nbsp;<strong>M\u00e9xico<\/strong>.<\/p>\n\n\n\n<p>A los que venden comida o ch\u00e1charas en la calle (as\u00ed sean empleados de alguien) de poco les sirve que cada a\u00f1o el gobierno aumente el&nbsp;<strong>salario m\u00ednimo<\/strong>.<\/p>\n\n\n\n<p>Y ya que tocamos este tema, vale la pena comentar el que por decreto el gobierno orden\u00f3 que las aplicaciones de transporte de pasajeros tienen que dar prestaciones de&nbsp;<strong>seguridad social<\/strong>&nbsp;a sus asociados; esto a priori suena bien, solo que para cubrir dichas prestaciones las aplicaciones tendr\u00e1n que aumentar sus costos a los usuarios y tal vez pierdan a muchos en beneficio de los taxis, los cuales en su gran mayor\u00eda tienen como conductores a empleados en la informalidad y con condiciones muy precarias de trabajo.<\/p>\n\n\n\n<p>\u00bfAcaso creen que el taxista promedio que no es titular de sus placas ni due\u00f1o del autom\u00f3vil y tiene diariamente que pagar su cuota, lavar el auto y dejarlo con gasolina recibe alg\u00fan tipo de seguridad social por parte del, generalmente pol\u00edtico, que tiene muchas concesiones de taxi?<\/p>\n\n\n\n<p>Ven como los n\u00fameros que presume el gobierno parecen alegres pero no lo son tanto.<\/p>\n\n\n\n<p>Ahora vamos con las transferencias de dinero, mal llamadas programas sociales, que se hacen sin ton ni son y por lo mismo carecen de alg\u00fan objetivo productivo y solo sirven para comprar votos.<\/p>\n\n\n\n<p>Un verdadero programa social, como su nombre lo indica, tiene un objetivo espec\u00edfico, el cual en \u00faltima instancia consiste en la autosuficiencia de quien lo recibe, cosa que no se ha visto en estos \u00faltimos siete a\u00f1os.<\/p>\n\n\n\n<p>Por \u00faltimo, hablar del aumento de las remesas enviadas desde fuera del pa\u00eds es directamente proporcional a hablar del fracaso de las pol\u00edticas econ\u00f3micas y sociales del gobierno en turno.<\/p>\n\n\n\n<p>Y esto se explica en el sentido de que si m\u00e1s&nbsp;<strong>mexicanos<\/strong>&nbsp;tienen que emigrar a otras naciones para buscar el sustento que no consiguen en su patria es porque simplemente algo se est\u00e1 haciendo mal en materia de desarrollo econ\u00f3mico y laboral.<\/p>\n\n\n\n<p>As\u00ed es, podr\u00e1n presumir una supuesta disminuci\u00f3n de la pobreza pero mientras no haya un crecimiento real de la econom\u00eda, esta no ser\u00e1 m\u00e1s que un plasta de chapopote mal aplicado en un bache.<\/p>\n\n\n\n<p><strong>felfebas@gmail.com<\/strong><\/p>\n\n\n\n<p><strong>Twitter: @FelipeFBasilio<\/strong><\/p>\n\n\n\n<p><\/p>\n","protected":false},"excerpt":{"rendered":"<p>Felipe de Jes\u00fas Fern\u00e1ndez Basilio Desde a Janela Recuerdo que cuando comenzaba esta administraci\u00f3n que se autodenomin\u00f3 del segundo piso de la&nbsp;transformaci\u00f3n&nbsp;que no fue ni tampoco ser\u00e1 hablaban de tapar todos los hoyos (muchos de ellos verdaderos cr\u00e1teres) que se han formado casi en la totalidad de la red carretera nacional. Al parecer todo qued\u00f3 [&hellip;]<\/p>\n","protected":false},"author":2,"featured_media":141384,"comment_status":"closed","ping_status":"closed","sticky":false,"template":"","format":"standard","meta":{"_jetpack_newsletter_access":"","_jetpack_dont_email_post_to_subs":false,"_jetpack_newsletter_tier_id":0,"_jetpack_memberships_contains_paywalled_content":false,"_jetpack_memberships_contains_paid_content":false,"footnotes":""},"categories":[70],"tags":[45246,12710,45189,45247],"class_list":["post-150700","post","type-post","status-publish","format-standard","has-post-thumbnail","hentry","category-de-opinion","tag-economia-y-crecimiento-real","tag-felipe-de-jesus-fernandez-basilio","tag-inegi-pobreza-mexico","tag-programas-sociales-mexico"],"jetpack_featured_media_url":"https:\/\/lospoliticosveracruz.com.mx\/wp-content\/uploads\/2025\/04\/Felipe-Fernandez-Basilio.jpg","jetpack_sharing_enabled":true,"jetpack_shortlink":"https:\/\/wp.me\/p4Qcd3-DcE","_links":{"self":[{"href":"https:\/\/lospoliticosveracruz.com.mx\/index.php?rest_route=\/wp\/v2\/posts\/150700","targetHints":{"allow":["GET"]}}],"collection":[{"href":"https:\/\/lospoliticosveracruz.com.mx\/index.php?rest_route=\/wp\/v2\/posts"}],"about":[{"href":"https:\/\/lospoliticosveracruz.com.mx\/index.php?rest_route=\/wp\/v2\/types\/post"}],"author":[{"embeddable":true,"href":"https:\/\/lospoliticosveracruz.com.mx\/index.php?rest_route=\/wp\/v2\/users\/2"}],"replies":[{"embeddable":true,"href":"https:\/\/lospoliticosveracruz.com.mx\/index.php?rest_route=%2Fwp%2Fv2%2Fcomments&post=150700"}],"version-history":[{"count":2,"href":"https:\/\/lospoliticosveracruz.com.mx\/index.php?rest_route=\/wp\/v2\/posts\/150700\/revisions"}],"predecessor-version":[{"id":150702,"href":"https:\/\/lospoliticosveracruz.com.mx\/index.php?rest_route=\/wp\/v2\/posts\/150700\/revisions\/150702"}],"wp:featuredmedia":[{"embeddable":true,"href":"https:\/\/lospoliticosveracruz.com.mx\/index.php?rest_route=\/wp\/v2\/media\/141384"}],"wp:attachment":[{"href":"https:\/\/lospoliticosveracruz.com.mx\/index.php?rest_route=%2Fwp%2Fv2%2Fmedia&parent=150700"}],"wp:term":[{"taxonomy":"category","embeddable":true,"href":"https:\/\/lospoliticosveracruz.com.mx\/index.php?rest_route=%2Fwp%2Fv2%2Fcategories&post=150700"},{"taxonomy":"post_tag","embeddable":true,"href":"https:\/\/lospoliticosveracruz.com.mx\/index.php?rest_route=%2Fwp%2Fv2%2Ftags&post=150700"}],"curies":[{"name":"wp","href":"https:\/\/api.w.org\/{rel}","templated":true}]}}