{"id":150780,"date":"2025-08-17T12:10:56","date_gmt":"2025-08-17T17:10:56","guid":{"rendered":"https:\/\/lospoliticosveracruz.com.mx\/?p=150780"},"modified":"2025-08-17T12:11:08","modified_gmt":"2025-08-17T17:11:08","slug":"90-anos-del-stprm","status":"publish","type":"post","link":"https:\/\/lospoliticosveracruz.com.mx\/?p=150780","title":{"rendered":"90 A\u00d1OS DEL STPRM"},"content":{"rendered":"\n\n\n<p><br><br><strong>Juan de Dios S\u00e1nchez Abreu<\/strong><\/p>\n\n\n\n<p>El Gordito de Oro<\/p>\n\n\n\n<p>\u2022 El&nbsp;<strong>Foro de Comunicaci\u00f3n<\/strong>&nbsp;ser\u00e1 el d\u00eda&nbsp;<strong>viernes 14 de noviembre<\/strong>&nbsp;del presente a\u00f1o, en las instalaciones del&nbsp;<strong>Hotel H.B.<\/strong>, de la ciudad de&nbsp;<strong>Xalapa, Veracruz<\/strong>, en horario de 9:00 am a 15:00 hrs v\u00eda presencial. Organizado por la&nbsp;<strong>Asociaci\u00f3n Mexicana de Comunicadores y Periodistas del Estado de Veracruz (Amecope-Veracruz)<\/strong>. Todav\u00eda tenemos espacios, est\u00e1s a tiempo de inscribirte.<\/p>\n\n\n\n<p>Informes con&nbsp;<strong>Lic. Juan de Dios S\u00e1nchez Abreu<\/strong>, al cel. 2281013502 (v\u00eda WhatsApp).<\/p>\n\n\n\n<p>Este&nbsp;<strong>jueves 28 de agosto<\/strong>&nbsp;ser\u00e1 el&nbsp;<strong>31 Aniversario \u201cDemocracia Sindical\u201d<\/strong>&nbsp;del&nbsp;<strong>Sindicato de Trabajadores Ferrocarrileros de la Rep\u00fablica Mexicana (STFRM)<\/strong>. Con su \u00fanico y aut\u00e9ntico l\u00edder&nbsp;<strong>Don V\u00edctor Flores Morales<\/strong>. \u00a1En hora buena!<\/p>\n\n\n\n<p>El pasado&nbsp;<strong>viernes 15 de agosto de 2025<\/strong>&nbsp;se celebraron los&nbsp;<strong>90 a\u00f1os de la fundaci\u00f3n del Sindicato de Trabajadores Petroleros de la Rep\u00fablica Mexicana (STPRM)<\/strong>&nbsp;que encabeza su gran l\u00edder el&nbsp;<strong>Ing. Ricardo Aldana Prieto<\/strong>. Se celebr\u00f3 un a\u00f1o m\u00e1s de unidad, de compromiso y de trabajo. Pero sobre todo de una visi\u00f3n transformadora en pro de todos los trabajadores petroleros de&nbsp;<strong>M\u00e9xico<\/strong>.<\/p>\n\n\n\n<p>\u201cSeguimos trabajando fuerte por nuestros amigos los trabajadores, recorriendo el pa\u00eds para palpar en vivo las necesidades que tienen en cada \u00e1rea de trabajo. Adem\u00e1s, est\u00e1n en pl\u00e1ticas con la empresa&nbsp;<strong>Pemex<\/strong>&nbsp;para obtener los mejores beneficios en nuestra revisi\u00f3n de contrato. Tambi\u00e9n hemos venido desarrollando las jornadas deportivas petroleras en estrecha unidad con la empresa para que los compa\u00f1eros trabajadores y sus familias participen con pasi\u00f3n y compromiso representando a su secci\u00f3n con mucha energ\u00eda. En estas actividades ganamos todos, porque gana la unidad\u201d.<\/p>\n\n\n\n<p><strong>Aldana<\/strong>&nbsp;agradeci\u00f3 de manera especial el respaldo al sindicato del&nbsp;<strong>Dr. V\u00edctor Rodr\u00edguez Padilla<\/strong>, Director General de&nbsp;<strong>Petroleros Mexicanos<\/strong>, por su gran valor y apoyo para cumplir con esta disposici\u00f3n contractual que garantiza a los trabajadores el derecho al deporte, la recreaci\u00f3n y la cultura. Felicitamos al veracruzano l\u00edder nacional de los Petroleros, al&nbsp;<strong>Ing. Ricardo Aldana Prieto<\/strong>&nbsp;y a sus 36 secretarios generales de las diferentes secciones sindicales del pa\u00eds por el gran trabajo que vienen realizando en conjunto en el&nbsp;<strong>STPRM<\/strong>.<\/p>\n\n\n\n<p><strong>\u201cUNIDOS VENCEREMOS\u201d<\/strong><\/p>\n\n\n\n<p><em>El l\u00edder Estatal de Morena Esteban Ram\u00edrez Zepeta y el senador Manuel Huerta Ladr\u00f3n de Guevara no ayudan mucho a la gobernadora Roc\u00edo Nahle con ese pleito casero que traen dentro de su partido, ya que si siguen en ese plan cada d\u00eda la gente va a empezar a decepcionarse de ellos, a pesar de que se entreguen a trav\u00e9s de gobierno federal los programas sociales se van a ir de Morena (ah\u00ed est\u00e1 el ejemplo del PRI). Este a\u00f1o ya el pueblo sabio les dio un toque electoral, en las elecciones municipales donde Morena no sac\u00f3 los votos municipales que pensaba sacar. Primero el PT se fue de su lado y solo les gan\u00f3 municipios y mucha militancia, en segunda bajaron en su votaci\u00f3n casi un 50 % comparada con la elecci\u00f3n de la gobernadora. Adem\u00e1s, el Estado anda muy caliente en materia de seguridad y otras\u2026 Ah\u00ed es en donde los morenos deben de ponerse a trabajar y as\u00ed poder respaldar a la gobernadora. Ojal\u00e1 Zepeta y Huerta entiendan el mensaje y sigan el ejemplo de Roc\u00edo Nahle, que no para de trabajar por Veracruz. (Veracruz est\u00e1 de moda).<\/em><\/p>\n\n\n\n<p>*<strong>Felipe Pineda Barradas<\/strong>, diputado local por&nbsp;<strong>Cosamaloapan<\/strong>, anda en plena campa\u00f1a permanente haciendo promesas de alto riesgo en nombre de la gobernadora&nbsp;<strong>Roc\u00edo Nahle<\/strong>, ya que como es secretario de la mesa directiva de la&nbsp;<strong>LXVII Legislatura del Congreso del Estado de Veracruz<\/strong>&nbsp;ha intensificado su presencia p\u00fablica en distintas regiones de la cuenca del&nbsp;<strong>Papaloapan<\/strong>, consolid\u00e1ndose como una figura visible de la&nbsp;<strong>4T<\/strong>&nbsp;en el sur del estado.<\/p>\n\n\n\n<p>Sin embargo, su activismo ha generado inquietud y cr\u00edtica por compromisos que podr\u00edan exceder sus facultades como legislador.&nbsp;<strong>Pineda Barradas<\/strong>&nbsp;ha sido visto acompa\u00f1ando a la gobernadora&nbsp;<strong>Nahle<\/strong>&nbsp;y a distintos alcaldes en eventos oficiales y pol\u00edticos, incluyendo arranques de obras en municipios que no le corresponde a sus distritos. Entre las demarcaciones que ha visitado se encuentran&nbsp;<strong>Alvarado, Salta Barranca, La Mixtequilla, Carlos A. Carrillo, Las Choapas, Acayucan y Tezonapa<\/strong>&nbsp;entre otros.<\/p>\n\n\n\n<p>Aunque este tipo de actividades proselitistas no es ajeno a los actores pol\u00edticos de la&nbsp;<strong>Cuarta Transformaci\u00f3n<\/strong>, lo que ha encendido alertas pol\u00edticas es el uso de su investidura para hacer compromisos en nombre del gobierno del estado y de la se\u00f1ora gobernadora.<\/p>\n\n\n\n<p>De acuerdo con fuentes locales, el legislador ha prometido gestionar cargos p\u00fablicos en la administraci\u00f3n estatal y en los ayuntamientos que entrar\u00e1n en funci\u00f3n a partir de 2026, as\u00ed como intervenir en la asignaci\u00f3n de proyectos, programas sociales y recursos p\u00fablicos. Tambi\u00e9n ha declarado tener capacidad de intervenci\u00f3n con dependencias como el&nbsp;<strong>ORFIS, SIOP, CAEV, SEV, SESVER<\/strong>&nbsp;e incluso con el&nbsp;<strong>Congreso Federal<\/strong>, ofreciendo respaldo o protecci\u00f3n ante posibles auditor\u00edas o revisiones administrativas.<\/p>\n\n\n\n<p>Estas acciones han provocado incomodidad entre sus compa\u00f1eros funcionarios estatales, alcaldes y delegados de gobierno en&nbsp;<strong>Cosamaloapan<\/strong>, quienes ven en estas pr\u00e1cticas una intromisi\u00f3n en esferas de decisi\u00f3n que no le corresponden, adem\u00e1s de una posible instrumentalizaci\u00f3n pol\u00edtica de recursos p\u00fablicos.<\/p>\n\n\n\n<p>La situaci\u00f3n ha derivado en un crecimiento de malestar pol\u00edtico en el \u00e1mbito local, alimentando especulaciones sobre una campa\u00f1a anticipada o estrategias de posicionamiento personal bajo el cobijo de la estructura estatal.***<\/p>\n\n\n\n<p>Nos leemos la pr\u00f3xima semana. Te invitamos a que nos sigas por todas nuestras plataformas y redes digitales, entrevista y noticias&nbsp;<strong>INNOVA &#8211; DIGITAL-L\u00daDICO<\/strong>.<\/p>\n\n\n\n<p>Con&nbsp;<strong>\u201cEL GORDITO DE ORO\u201d<\/strong>&nbsp;y la revista imprenta y virtual&nbsp;<strong>INNOVA-DIGITAL<\/strong>.<\/p>\n\n\n\n<p>www.agenciainnovadigital.<\/p>\n\n\n\n<p><\/p>\n","protected":false},"excerpt":{"rendered":"<p>Juan de Dios S\u00e1nchez Abreu El Gordito de Oro \u2022 El&nbsp;Foro de Comunicaci\u00f3n&nbsp;ser\u00e1 el d\u00eda&nbsp;viernes 14 de noviembre&nbsp;del presente a\u00f1o, en las instalaciones del&nbsp;Hotel H.B., de la ciudad de&nbsp;Xalapa, Veracruz, en horario de 9:00 am a 15:00 hrs v\u00eda presencial. Organizado por la&nbsp;Asociaci\u00f3n Mexicana de Comunicadores y Periodistas del Estado de Veracruz (Amecope-Veracruz). Todav\u00eda tenemos [&hellip;]<\/p>\n","protected":false},"author":2,"featured_media":141259,"comment_status":"closed","ping_status":"closed","sticky":false,"template":"","format":"standard","meta":{"_jetpack_newsletter_access":"","_jetpack_dont_email_post_to_subs":false,"_jetpack_newsletter_tier_id":0,"_jetpack_memberships_contains_paywalled_content":false,"_jetpack_memberships_contains_paid_content":false,"footnotes":""},"categories":[70],"tags":[3659,45291,37934,3578,45290],"class_list":["post-150780","post","type-post","status-publish","format-standard","has-post-thumbnail","hentry","category-de-opinion","tag-cosamaloapan","tag-esteban-zepeta","tag-ricardo-aldana-prieto","tag-rocio-nahle","tag-sindicato-petroleros"],"jetpack_featured_media_url":"https:\/\/lospoliticosveracruz.com.mx\/wp-content\/uploads\/2025\/04\/Juan-Sanchez-Abreu.jpg","jetpack_sharing_enabled":true,"jetpack_shortlink":"https:\/\/wp.me\/p4Qcd3-DdW","_links":{"self":[{"href":"https:\/\/lospoliticosveracruz.com.mx\/index.php?rest_route=\/wp\/v2\/posts\/150780","targetHints":{"allow":["GET"]}}],"collection":[{"href":"https:\/\/lospoliticosveracruz.com.mx\/index.php?rest_route=\/wp\/v2\/posts"}],"about":[{"href":"https:\/\/lospoliticosveracruz.com.mx\/index.php?rest_route=\/wp\/v2\/types\/post"}],"author":[{"embeddable":true,"href":"https:\/\/lospoliticosveracruz.com.mx\/index.php?rest_route=\/wp\/v2\/users\/2"}],"replies":[{"embeddable":true,"href":"https:\/\/lospoliticosveracruz.com.mx\/index.php?rest_route=%2Fwp%2Fv2%2Fcomments&post=150780"}],"version-history":[{"count":2,"href":"https:\/\/lospoliticosveracruz.com.mx\/index.php?rest_route=\/wp\/v2\/posts\/150780\/revisions"}],"predecessor-version":[{"id":150782,"href":"https:\/\/lospoliticosveracruz.com.mx\/index.php?rest_route=\/wp\/v2\/posts\/150780\/revisions\/150782"}],"wp:featuredmedia":[{"embeddable":true,"href":"https:\/\/lospoliticosveracruz.com.mx\/index.php?rest_route=\/wp\/v2\/media\/141259"}],"wp:attachment":[{"href":"https:\/\/lospoliticosveracruz.com.mx\/index.php?rest_route=%2Fwp%2Fv2%2Fmedia&parent=150780"}],"wp:term":[{"taxonomy":"category","embeddable":true,"href":"https:\/\/lospoliticosveracruz.com.mx\/index.php?rest_route=%2Fwp%2Fv2%2Fcategories&post=150780"},{"taxonomy":"post_tag","embeddable":true,"href":"https:\/\/lospoliticosveracruz.com.mx\/index.php?rest_route=%2Fwp%2Fv2%2Ftags&post=150780"}],"curies":[{"name":"wp","href":"https:\/\/api.w.org\/{rel}","templated":true}]}}