{"id":150811,"date":"2025-08-18T05:26:06","date_gmt":"2025-08-18T10:26:06","guid":{"rendered":"https:\/\/lospoliticosveracruz.com.mx\/?p=150811"},"modified":"2025-08-18T05:26:28","modified_gmt":"2025-08-18T10:26:28","slug":"el-abandono-a-empresarios-y-centros-industriales","status":"publish","type":"post","link":"https:\/\/lospoliticosveracruz.com.mx\/?p=150811","title":{"rendered":"EL ABANDONO A EMPRESARIOS Y CENTROS INDUSTRIALES"},"content":{"rendered":"\n<p><strong>Ricardo Chua<\/strong><\/p>\n\n\n\n<p><em>Sale y Vale<\/em><\/p>\n\n\n\n<p>Se supone y se piensa que por tener a la principal Ciudad Industrial del sureste de M\u00e9xico.. La \u00abBruno Pagliai\u00bb, la que est\u00e1 ubicada al poniente de la ciudad de Veracruz.. Cuya ubicaci\u00f3n est\u00e1 en una zona estrat\u00e9gica porque tiene acceso directo a las autopistas que van al centro, sur y norte del Estado.. Y que por esa raz\u00f3n, tiene que ser un centro industrial, que tenga todas las comodidades posibles para el empresariado que tiene sus naves industriales y edificios en este sitio.. Donde operan alrededor de 300 empresas en este lugar y laboran miles de trabajadores.. Para que desde ah\u00ed puedan hacer negocios y sigan fomentando el empleo e inversi\u00f3n en la zona.. Pues pareciera que no es as\u00ed.. Hay quejas de los empresarios del p\u00e9simo estado f\u00edsico de este lugar..<\/p>\n\n\n\n<p>Ya que este fin de semana, al interior de plena ciudad industrial aparecieron MANTAS, donde se manifestaba la inconformidad de los empresarios del lugar, y que estaban colocadas en sus naves y patios industriales de sus empresas.. Se\u00f1alando que exig\u00edan un plan de mantenimiento real en la \u00abBruno Pagliai\u00bb y que no quer\u00edan m\u00e1s simulaciones.. Ya que las condiciones f\u00edsicas del lugar y el abandono que tiene del estado f\u00edsico de la carretera al interior, la falta de alumbrado p\u00fablico en sus avenidas, las fachadas alrededor de las empresas, la basura que se amontona y hasta los derrames que hay de qu\u00edmicos en este sitio.. Ya les llen\u00f3 \u00abel buche de piedritas\u00bb a los industriales y comerciantes del lugar.. Por ello decidieron protestar de esta manera..<\/p>\n\n\n\n<p>Lo que el sector empresarial exig\u00eda con estas mantas colocadas en muchas de las compa\u00f1\u00edas, que est\u00e1n ah\u00ed instaladas en la Ciudad Industrial \u00abBruno Pagliai\u00bb.. Que las autoridades del Gobierno del Estado de Veracruz, pongan m\u00e1s atenci\u00f3n a estos problemas que se tienen en el mantenimiento de lo que este sitio.. Y que se haga una investigaci\u00f3n del por qu\u00e9 han abandonado este lugar, que se supone que es el m\u00e1s importante de toda la zona sur-sureste del pa\u00eds.. Sobre todo porque dentro del organigrama de la Secretar\u00eda de Finanzas y Planeaci\u00f3n del Estado (SEFIPLAN), que es la dependencia encargada de estos asuntos, hay una direcci\u00f3n que tiene que ver con estos temas..<\/p>\n\n\n\n<p>Seg\u00fan la direcci\u00f3n que est\u00e1 a cargo de este mantenimiento.. Es la Direcci\u00f3n General del \u00abFondo del Futuro\u00bb, que pertenece a la SEFIPLAN, que en este momento, se encuentra a cargo de Ana Laura del \u00c1ngel Olivares.. A la cual, le est\u00e1n pidiendo explicaci\u00f3n, como se han se\u00f1alado esas mantas, de qu\u00e9 pas\u00f3 con los trabajos de mantenimiento para que este centro industrial, est\u00e9 al 100 por ciento funcionando.. Y esto ya no cause molest\u00edas ante el sector empresarial de este lugar, por las deplorables condiciones f\u00edsicas que tienen todas las avenidas que componen esta ciudad industrial.. Lugar que debe de ser un polo de desarrollo para la entidad.. Pero pareciera que desean todo lo contrario..<\/p>\n\n\n\n<p>De la misma manera, cuentan que de acuerdo a los comentarios de los visitantes a la Ciudad Industrial, que acuden a este lugar como inversionistas, empresarios, comerciantes o trabajadores, es que todos aquellos que han ido a la zona, en los \u00faltimos a\u00f1os.. Ven que d\u00eda a d\u00eda el sitio se viene desmoronando.. Que por ejemplo cuando en Veracruz puerto, hay lluvias torrenciales, sobre todo en esta temporada de verano, mejor prefieren ir hasta dos d\u00edas despu\u00e9s de que pasaron estas precipitaciones pluviales porque no les es posible pasar por los baches, donde alguno de ellos tienen m\u00e1s de 50 cent\u00edmetros de profundidad.. Esos son los comentarios del mal estado de sus avenidas..<\/p>\n\n\n\n<p>Adem\u00e1s de que se quejan de los accesos porque el tr\u00e1fico pesado es permanente.. Y con avenidas en muy mal estado, pues, esto empeora m\u00e1s.. Ya que en muchas ocasiones los trailers, son los que se detienen porque no quieren pasar por esos \u00abcr\u00e1teres\u00bb llamados baches, ya que si este tipo de transporte se les complica pasar.. Se tienen que imaginar que puede suceder cuando un auto o una camioneta pickups intentan circular por ah\u00ed, s\u00f3lo sufren al pasar porque una llanta se les puede da\u00f1ar o el veh\u00edculo averiar.. Y eso se puede notar cuando los empleados entran con motos para ir a sus centros de trabajo.. Prefieren circular por las banquetas porque la vialidad se vuelve peligrosa para sus automotores..<\/p>\n\n\n\n<p>En pocas palabras, todos los empresarios e industriales del lugar.. Ya est\u00e1n molestos por las quejas de sus empleados y sus clientes por la falta de mantenimiento a la \u00abCiudad Industrial\u00bb.. Y por ello, como medida de presi\u00f3n est\u00e1n buscando la manera de que todo esto les pueda ser solucionado.. Ya que por eso hay una dependencia del gobierno estatal, que es encargada de la administraci\u00f3n de la \u00abBruno Pagliai\u00bb, como es el Fondo del Futuro, que entre sus funciones es de supervisar el mantenimiento en general y que este sitio siempre cuente con agua potable para su mejor funcionamiento.. As\u00ed que le tendr\u00e1n que poner atenci\u00f3n.. Porque esto puede desatar otra crisis, ya no pol\u00edtica, sino con el sector empresarial.. Y eso si le da mala imagen a un gobierno.. AMEN\u2026<\/p>\n\n\n\n<p>MORENA, AL ESTILO PRI\u2026<\/p>\n\n\n\n<p>Tal como sucede en el pa\u00eds, en Veracruz, no puede ser la excepci\u00f3n.. Con el fin de que MORENA no le pase como el PRD.. Donde puede desaparecer por no tener un partido de manera territorial.. Hoy MORENA inici\u00f3 sus asambleas seccionales a quienes ser\u00e1n los presidentes de cada distrito seccional y de esa manera, puedan lograr una conjugaci\u00f3n territorial para que junto con la militancia y sus simpatizantes, dejen de ser ya un movimiento y se puedan convertir en un partido pol\u00edtico con estructura y manejo de territorio para estar preparados pol\u00edticamente para las elecciones intermedias a diputados federales, Congresos Locales y gubernaturas en 2027..<\/p>\n\n\n\n<p>MORENA est\u00e1 consciente que si no hace este tipo de acciones.. Al estilo del \u00abviejo\u00bb PRI, de tener seccionales en sus municipios para mantener el control pol\u00edtico.. Ir\u00edan de camino al \u00abmatadero\u00bb.. Ya que se dieron cuenta los \u00abMorenos\u00bb que la \u00abMarca\u00bb de su partido, ya no les da en muchas regiones del pa\u00eds y de Veracruz, para poder ganar elecciones.. Antes con el hecho de ser de MORENA con eso ganabas una elecci\u00f3n, cualquiera que fuera, ahora ya no sucede as\u00ed.. Por eso har\u00e1n un partido territorial, que desplace al movimiento, con estructuras y comit\u00e9s seccionales como hace algunas d\u00e9cadas lo hizo el PRI.. EL PRIMOR ES EL PRIMOR.. AMEN..<\/p>\n","protected":false},"excerpt":{"rendered":"<p>Ricardo Chua Sale y Vale Se supone y se piensa que por tener a la principal Ciudad Industrial del sureste de M\u00e9xico.. La \u00abBruno Pagliai\u00bb, la que est\u00e1 ubicada al poniente de la ciudad de Veracruz.. Cuya ubicaci\u00f3n est\u00e1 en una zona estrat\u00e9gica porque tiene acceso directo a las autopistas que van al centro, sur [&hellip;]<\/p>\n","protected":false},"author":2,"featured_media":141434,"comment_status":"closed","ping_status":"closed","sticky":false,"template":"","format":"standard","meta":{"_jetpack_newsletter_access":"","_jetpack_dont_email_post_to_subs":false,"_jetpack_newsletter_tier_id":0,"_jetpack_memberships_contains_paywalled_content":false,"_jetpack_memberships_contains_paid_content":false,"footnotes":""},"categories":[70],"tags":[10475,21906,1026,195],"class_list":["post-150811","post","type-post","status-publish","format-standard","has-post-thumbnail","hentry","category-de-opinion","tag-bruno-pagliai","tag-ciudad-industrial","tag-morena","tag-veracruz"],"jetpack_featured_media_url":"https:\/\/lospoliticosveracruz.com.mx\/wp-content\/uploads\/2025\/04\/Chua-e1761364658706.jpg","jetpack_sharing_enabled":true,"jetpack_shortlink":"https:\/\/wp.me\/p4Qcd3-Der","_links":{"self":[{"href":"https:\/\/lospoliticosveracruz.com.mx\/index.php?rest_route=\/wp\/v2\/posts\/150811","targetHints":{"allow":["GET"]}}],"collection":[{"href":"https:\/\/lospoliticosveracruz.com.mx\/index.php?rest_route=\/wp\/v2\/posts"}],"about":[{"href":"https:\/\/lospoliticosveracruz.com.mx\/index.php?rest_route=\/wp\/v2\/types\/post"}],"author":[{"embeddable":true,"href":"https:\/\/lospoliticosveracruz.com.mx\/index.php?rest_route=\/wp\/v2\/users\/2"}],"replies":[{"embeddable":true,"href":"https:\/\/lospoliticosveracruz.com.mx\/index.php?rest_route=%2Fwp%2Fv2%2Fcomments&post=150811"}],"version-history":[{"count":1,"href":"https:\/\/lospoliticosveracruz.com.mx\/index.php?rest_route=\/wp\/v2\/posts\/150811\/revisions"}],"predecessor-version":[{"id":150812,"href":"https:\/\/lospoliticosveracruz.com.mx\/index.php?rest_route=\/wp\/v2\/posts\/150811\/revisions\/150812"}],"wp:featuredmedia":[{"embeddable":true,"href":"https:\/\/lospoliticosveracruz.com.mx\/index.php?rest_route=\/wp\/v2\/media\/141434"}],"wp:attachment":[{"href":"https:\/\/lospoliticosveracruz.com.mx\/index.php?rest_route=%2Fwp%2Fv2%2Fmedia&parent=150811"}],"wp:term":[{"taxonomy":"category","embeddable":true,"href":"https:\/\/lospoliticosveracruz.com.mx\/index.php?rest_route=%2Fwp%2Fv2%2Fcategories&post=150811"},{"taxonomy":"post_tag","embeddable":true,"href":"https:\/\/lospoliticosveracruz.com.mx\/index.php?rest_route=%2Fwp%2Fv2%2Ftags&post=150811"}],"curies":[{"name":"wp","href":"https:\/\/api.w.org\/{rel}","templated":true}]}}