{"id":150905,"date":"2025-08-19T22:30:00","date_gmt":"2025-08-20T03:30:00","guid":{"rendered":"https:\/\/lospoliticosveracruz.com.mx\/?p=150905"},"modified":"2025-08-18T19:36:10","modified_gmt":"2025-08-19T00:36:10","slug":"virus-de-ego-y-poder","status":"publish","type":"post","link":"https:\/\/lospoliticosveracruz.com.mx\/?p=150905","title":{"rendered":"VIRUS DE EGO Y PODER"},"content":{"rendered":"\n\n\n<p><strong>Salvador Mu\u00f1oz<\/strong><\/p>\n\n\n\n<p><em>Los Pol\u00edticos<\/em><\/p>\n\n\n\n<p>Mientras en&nbsp;<strong>Tatahuicapan<\/strong>&nbsp;se combat\u00eda un brote de&nbsp;<strong>infecciones diarreicas por E. coli<\/strong>&nbsp;que afect\u00f3 a m\u00e1s de&nbsp;<strong>200 personas<\/strong>, la&nbsp;<strong>Secretar\u00eda de Salud<\/strong>&nbsp;no solo puso en marcha&nbsp;<strong>brigadas m\u00e9dicas<\/strong>, sino que tambi\u00e9n despleg\u00f3 acciones para&nbsp;<strong>analizar el agua de los manantiales<\/strong>&nbsp;y atender de ra\u00edz el problema.<\/p>\n\n\n\n<p>Y aunque pareciera suficiente trabajo, a esa agenda se suma el&nbsp;<strong>combate al dengue<\/strong>, ahora con&nbsp;<strong>drones<\/strong>como aliados para&nbsp;<strong>nebulizar en zonas de dif\u00edcil acceso<\/strong>.&nbsp;<strong>Innovaci\u00f3n tecnol\u00f3gica contra moscos<\/strong>, nada mal.<\/p>\n\n\n\n<p>Pero no todo termina ah\u00ed para la&nbsp;<strong>Secretar\u00eda de Salud<\/strong>\u2026 Ahora,&nbsp;<strong>Tamaulipas<\/strong>&nbsp;obliga a mirar al&nbsp;<strong>norte del estado<\/strong>, pues se registraron casos de&nbsp;<strong>viruela s\u00edmica<\/strong>&nbsp;con el vecino y, con ello, la advertencia de reforzar el&nbsp;<strong>cerco sanitario<\/strong>&nbsp;para que no cruce hacia&nbsp;<strong>Veracruz<\/strong>.<\/p>\n\n\n\n<p>O sea, la&nbsp;<strong>Secretar\u00eda de Salud<\/strong>&nbsp;anda en lo suyo:&nbsp;<strong>previniendo, atendiendo, conteniendo<\/strong>.&nbsp;<strong>Trabajo de campo<\/strong>\u2026 bueno, para estar ad hoc:&nbsp;<strong>de territorio total<\/strong>.<\/p>\n\n\n\n<p>Ahora bien, si en un lado se suda la camiseta, en otros pareciera que el esfuerzo m\u00e1ximo es el&nbsp;<strong>filtro bonito de Instagram<\/strong>&nbsp;o la&nbsp;<strong>foto casual para Facebook<\/strong>.<\/p>\n\n\n\n<p>Para prueba de esto, la visita sorpresa de&nbsp;<strong>Roc\u00edo Nahle<\/strong>&nbsp;a&nbsp;<strong>Zongolica<\/strong>&nbsp;donde se encontr\u00f3\u2026 o m\u00e1s bien dicho: donde&nbsp;<strong>no encontr\u00f3 medicamentos<\/strong>, y s\u00ed&nbsp;<strong>vac\u00edos los anaqueles<\/strong>.<\/p>\n\n\n\n<p>No me crean, pero dicen que esta \u201cvisita\u201d no ser\u00e1 la \u00fanica sorpresa que d\u00e9 la&nbsp;<strong>gobernadora<\/strong>, quien estar\u00eda alistando m\u00e1s&nbsp;<strong>recorridos a hospitales y centros de salud<\/strong>; y si me apuran, aprovechando su constante&nbsp;<strong>ir y venir por Veracruz<\/strong>, le va a caer de repente a la&nbsp;<strong>SIOP<\/strong>&nbsp;antes de caer en un \u201cm\u00e9ndigo\u201d bache; as\u00ed como en dem\u00e1s&nbsp;<strong>dependencias<\/strong>&nbsp;que se encuentre en el camino.<\/p>\n\n\n\n<p>Es decir, \u00a1<strong>a chambear se\u00f1ores!<\/strong>&nbsp;No les vaya a caer el&nbsp;<strong>chahuixtle<\/strong>!<\/p>\n\n\n\n<p>Claro, mientras unos trabajan en el&nbsp;<strong>territorio<\/strong>, otros se dedican al&nbsp;<strong>protagonismo digital<\/strong>, y los m\u00e1s abusados, a convertir sus&nbsp;<strong>oficinas en centros de poder<\/strong>&nbsp;(o de joder, seg\u00fan se vea). Aprovechan que el&nbsp;<strong>titular de Salud<\/strong>&nbsp;anda de la&nbsp;<strong>Ceca a la Meca<\/strong>, ya es&nbsp;<strong>P\u00e1nuco<\/strong>, en&nbsp;<strong>Tatahuicapan<\/strong>, pasando por&nbsp;<strong>Xalapa<\/strong>&nbsp;y con la&nbsp;<strong>mira puesta en la frontera con Tamaulipas<\/strong>. Mientras, desde el&nbsp;<strong>mullido sill\u00f3n<\/strong>, es f\u00e1cil mover piezas y hacer&nbsp;<strong>despidos a discreci\u00f3n<\/strong>. Al fin que, si no hay&nbsp;<strong>foto ni posteo<\/strong>, no hay problema, \u00bfverdad?<\/p>\n\n\n\n<p>Al final, la diferencia queda clara: la&nbsp;<strong>Secretar\u00eda de Salud<\/strong>&nbsp;enfrenta&nbsp;<strong>bacterias<\/strong>,&nbsp;<strong>moscos<\/strong>&nbsp;y&nbsp;<strong>virus<\/strong>\u2026 y en otras oficinas, el virus es el&nbsp;<strong>ego y del poder<\/strong>.<\/p>\n\n\n\n<p><\/p>\n","protected":false},"excerpt":{"rendered":"<p>Salvador Mu\u00f1oz Los Pol\u00edticos Mientras en&nbsp;Tatahuicapan&nbsp;se combat\u00eda un brote de&nbsp;infecciones diarreicas por E. coli&nbsp;que afect\u00f3 a m\u00e1s de&nbsp;200 personas, la&nbsp;Secretar\u00eda de Salud&nbsp;no solo puso en marcha&nbsp;brigadas m\u00e9dicas, sino que tambi\u00e9n despleg\u00f3 acciones para&nbsp;analizar el agua de los manantiales&nbsp;y atender de ra\u00edz el problema. Y aunque pareciera suficiente trabajo, a esa agenda se suma el&nbsp;combate al [&hellip;]<\/p>\n","protected":false},"author":2,"featured_media":141805,"comment_status":"closed","ping_status":"closed","sticky":false,"template":"","format":"standard","meta":{"_jetpack_newsletter_access":"","_jetpack_dont_email_post_to_subs":false,"_jetpack_newsletter_tier_id":0,"_jetpack_memberships_contains_paywalled_content":false,"_jetpack_memberships_contains_paid_content":false,"footnotes":""},"categories":[70],"tags":[45439,45440,45438,45044],"class_list":["post-150905","post","type-post","status-publish","format-standard","has-post-thumbnail","hentry","category-de-opinion","tag-brote-e-coli-tatahuicapan","tag-drones-contra-dengue-2025","tag-rocio-nahle-hospitales-veracruz","tag-secretaria-de-salud-veracruz"],"jetpack_featured_media_url":"https:\/\/lospoliticosveracruz.com.mx\/wp-content\/uploads\/2025\/04\/Chava-Munoz-1.jpg","jetpack_sharing_enabled":true,"jetpack_shortlink":"https:\/\/wp.me\/p4Qcd3-DfX","_links":{"self":[{"href":"https:\/\/lospoliticosveracruz.com.mx\/index.php?rest_route=\/wp\/v2\/posts\/150905","targetHints":{"allow":["GET"]}}],"collection":[{"href":"https:\/\/lospoliticosveracruz.com.mx\/index.php?rest_route=\/wp\/v2\/posts"}],"about":[{"href":"https:\/\/lospoliticosveracruz.com.mx\/index.php?rest_route=\/wp\/v2\/types\/post"}],"author":[{"embeddable":true,"href":"https:\/\/lospoliticosveracruz.com.mx\/index.php?rest_route=\/wp\/v2\/users\/2"}],"replies":[{"embeddable":true,"href":"https:\/\/lospoliticosveracruz.com.mx\/index.php?rest_route=%2Fwp%2Fv2%2Fcomments&post=150905"}],"version-history":[{"count":1,"href":"https:\/\/lospoliticosveracruz.com.mx\/index.php?rest_route=\/wp\/v2\/posts\/150905\/revisions"}],"predecessor-version":[{"id":150906,"href":"https:\/\/lospoliticosveracruz.com.mx\/index.php?rest_route=\/wp\/v2\/posts\/150905\/revisions\/150906"}],"wp:featuredmedia":[{"embeddable":true,"href":"https:\/\/lospoliticosveracruz.com.mx\/index.php?rest_route=\/wp\/v2\/media\/141805"}],"wp:attachment":[{"href":"https:\/\/lospoliticosveracruz.com.mx\/index.php?rest_route=%2Fwp%2Fv2%2Fmedia&parent=150905"}],"wp:term":[{"taxonomy":"category","embeddable":true,"href":"https:\/\/lospoliticosveracruz.com.mx\/index.php?rest_route=%2Fwp%2Fv2%2Fcategories&post=150905"},{"taxonomy":"post_tag","embeddable":true,"href":"https:\/\/lospoliticosveracruz.com.mx\/index.php?rest_route=%2Fwp%2Fv2%2Ftags&post=150905"}],"curies":[{"name":"wp","href":"https:\/\/api.w.org\/{rel}","templated":true}]}}