{"id":151155,"date":"2025-08-21T22:02:54","date_gmt":"2025-08-22T03:02:54","guid":{"rendered":"https:\/\/lospoliticosveracruz.com.mx\/?p=151155"},"modified":"2025-08-21T22:03:20","modified_gmt":"2025-08-22T03:03:20","slug":"llego-la-chamba-3","status":"publish","type":"post","link":"https:\/\/lospoliticosveracruz.com.mx\/?p=151155","title":{"rendered":"LLEG\u00d3 LA CHAMBA!"},"content":{"rendered":"\n\n\n<p><br>Tuxpan: En el marco de la Segunda Feria Nacional de Empleo para las Juventudes, se ofertaron 503 plazas y 94 vacantes por parte de 33 empresas, entre ellas Inspection and Reworking de M\u00e9xico, T\u00e1cita Caf\u00e9, Gold Citrus S.A. de C.V., Productora de Tarimas, Tracmorsa y la Secretar\u00eda de Marina.<\/p>\n\n\n\n<p>La jornada incluy\u00f3 una bolsa de trabajo con 129 puestos, as\u00ed como movilidad laboral interna, con 30 plazas en vi\u00f1edos de Sonora, y externa, con 60 vacantes de enfermer\u00eda en Alemania, lo que representa un amplio abanico de oportunidades para quienes buscan empleo, tanto en la regi\u00f3n como dentro y fuera del pa\u00eds.<\/p>\n\n\n\n<p>El secretario de Trabajo, Previsi\u00f3n Social y Productividad, Luis Arturo Santiago Mart\u00ednez, se\u00f1al\u00f3 que la meta es alcanzar 50 caravanas de servicios y 30 ferias del empleo al cierre del presente a\u00f1o, lo que permitir\u00e1 recorrer entre 80 y 100 municipios, acercando oportunidades laborales.<\/p>\n\n\n\n<p>Reiter\u00f3 que, con la Cuarta Transformaci\u00f3n, en el pa\u00eds se han invertido 139 mil millones de pesos en las juventudes, cifra que representa 19 veces m\u00e1s que lo destinado en cinco sexenios anteriores.<\/p>\n\n\n\n<p>\u201cM\u00e9xico cuenta con una tasa de desocupaci\u00f3n nacional de 2.7%, similar a la de Jap\u00f3n y menor que la de pa\u00edses como Estados Unidos, Canad\u00e1 o Espa\u00f1a; en Veracruz estamos todav\u00eda mejor, con una tasa de 2.0%, por eso seguimos organizando ferias y caravanas con bolsa de trabajo\u201d.<\/p>\n","protected":false},"excerpt":{"rendered":"<p>Tuxpan: En el marco de la Segunda Feria Nacional de Empleo para las Juventudes, se ofertaron 503 plazas y 94 vacantes por parte de 33 empresas, entre ellas Inspection and Reworking de M\u00e9xico, T\u00e1cita Caf\u00e9, Gold Citrus S.A. de C.V., Productora de Tarimas, Tracmorsa y la Secretar\u00eda de Marina. La jornada incluy\u00f3 una bolsa de [&hellip;]<\/p>\n","protected":false},"author":2,"featured_media":151156,"comment_status":"closed","ping_status":"closed","sticky":false,"template":"","format":"standard","meta":{"_jetpack_newsletter_access":"","_jetpack_dont_email_post_to_subs":false,"_jetpack_newsletter_tier_id":0,"_jetpack_memberships_contains_paywalled_content":false,"_jetpack_memberships_contains_paid_content":false,"footnotes":""},"categories":[73],"tags":[13215,8861],"class_list":["post-151155","post","type-post","status-publish","format-standard","has-post-thumbnail","hentry","category-de-boleto","tag-prevision-social-y-productividad","tag-trabajo"],"jetpack_featured_media_url":"https:\/\/lospoliticosveracruz.com.mx\/wp-content\/uploads\/2025\/08\/IMG_5784.jpeg","jetpack_sharing_enabled":true,"jetpack_shortlink":"https:\/\/wp.me\/p4Qcd3-DjZ","_links":{"self":[{"href":"https:\/\/lospoliticosveracruz.com.mx\/index.php?rest_route=\/wp\/v2\/posts\/151155","targetHints":{"allow":["GET"]}}],"collection":[{"href":"https:\/\/lospoliticosveracruz.com.mx\/index.php?rest_route=\/wp\/v2\/posts"}],"about":[{"href":"https:\/\/lospoliticosveracruz.com.mx\/index.php?rest_route=\/wp\/v2\/types\/post"}],"author":[{"embeddable":true,"href":"https:\/\/lospoliticosveracruz.com.mx\/index.php?rest_route=\/wp\/v2\/users\/2"}],"replies":[{"embeddable":true,"href":"https:\/\/lospoliticosveracruz.com.mx\/index.php?rest_route=%2Fwp%2Fv2%2Fcomments&post=151155"}],"version-history":[{"count":2,"href":"https:\/\/lospoliticosveracruz.com.mx\/index.php?rest_route=\/wp\/v2\/posts\/151155\/revisions"}],"predecessor-version":[{"id":151158,"href":"https:\/\/lospoliticosveracruz.com.mx\/index.php?rest_route=\/wp\/v2\/posts\/151155\/revisions\/151158"}],"wp:featuredmedia":[{"embeddable":true,"href":"https:\/\/lospoliticosveracruz.com.mx\/index.php?rest_route=\/wp\/v2\/media\/151156"}],"wp:attachment":[{"href":"https:\/\/lospoliticosveracruz.com.mx\/index.php?rest_route=%2Fwp%2Fv2%2Fmedia&parent=151155"}],"wp:term":[{"taxonomy":"category","embeddable":true,"href":"https:\/\/lospoliticosveracruz.com.mx\/index.php?rest_route=%2Fwp%2Fv2%2Fcategories&post=151155"},{"taxonomy":"post_tag","embeddable":true,"href":"https:\/\/lospoliticosveracruz.com.mx\/index.php?rest_route=%2Fwp%2Fv2%2Ftags&post=151155"}],"curies":[{"name":"wp","href":"https:\/\/api.w.org\/{rel}","templated":true}]}}