{"id":151247,"date":"2025-08-24T11:08:25","date_gmt":"2025-08-24T16:08:25","guid":{"rendered":"https:\/\/lospoliticosveracruz.com.mx\/?p=151247"},"modified":"2025-08-24T11:08:42","modified_gmt":"2025-08-24T16:08:42","slug":"huyen-dejando-estela-de-muerte","status":"publish","type":"post","link":"https:\/\/lospoliticosveracruz.com.mx\/?p=151247","title":{"rendered":"HUYEN DEJANDO ESTELA DE MUERTE!"},"content":{"rendered":"\n\n\n<p><strong>Alejandro \u00c1vila<\/strong><\/p>\n\n\n\n<p><em>Alvarado<\/em><\/p>\n\n\n\n<p>Un fatal accidente se suscit\u00f3 la ma\u00f1ana de este domingo 24 de agosto sobre la carretera federal 180 en el municipio de Alvarado.<\/p>\n\n\n\n<p>Los hechos ocurrieron alrededor de las 5:30 de la ma\u00f1ana a la altura de la localidad de Arbolillo, donde un autob\u00fas de la l\u00ednea Sotavento invadi\u00f3 carril e impact\u00f3 a un autom\u00f3vil Chevrolet Aveo color rojo con placas YJW-499-B.<\/p>\n\n\n\n<p>Los tripulantes del autom\u00f3vil fallecieron al instante, tras los trabajos del Cuerpo de Bomberos de Alvarado para liberar a las personas prensadas, el saldo del siniestro fue de cinco personas fallecidas, dos adultos y tres menores de edad (dos dos varones y una ni\u00f1a).<\/p>\n\n\n\n<p>El conductor del autob\u00fas de pasajes Sotavento y su cobrador huyeron del lugar, por lo que se encuentran las autoridades ministeriales en b\u00fasqueda de los responsables.<\/p>\n\n\n\n<p>Aproximadamente a las 9:30 de la ma\u00f1ana terminaron las labores de rescate por lo que la circulaci\u00f3n fue liberada en su totalidad.<\/p>\n","protected":false},"excerpt":{"rendered":"<p>Alejandro \u00c1vila Alvarado Un fatal accidente se suscit\u00f3 la ma\u00f1ana de este domingo 24 de agosto sobre la carretera federal 180 en el municipio de Alvarado. Los hechos ocurrieron alrededor de las 5:30 de la ma\u00f1ana a la altura de la localidad de Arbolillo, donde un autob\u00fas de la l\u00ednea Sotavento invadi\u00f3 carril e impact\u00f3 [&hellip;]<\/p>\n","protected":false},"author":2,"featured_media":151248,"comment_status":"closed","ping_status":"closed","sticky":false,"template":"","format":"standard","meta":{"_jetpack_newsletter_access":"","_jetpack_dont_email_post_to_subs":false,"_jetpack_newsletter_tier_id":0,"_jetpack_memberships_contains_paywalled_content":false,"_jetpack_memberships_contains_paid_content":false,"footnotes":""},"categories":[6446],"tags":[],"class_list":["post-151247","post","type-post","status-publish","format-standard","has-post-thumbnail","hentry","category-la-nota"],"jetpack_featured_media_url":"https:\/\/lospoliticosveracruz.com.mx\/wp-content\/uploads\/2025\/08\/IMG_5871.jpeg","jetpack_sharing_enabled":true,"jetpack_shortlink":"https:\/\/wp.me\/p4Qcd3-Dlt","_links":{"self":[{"href":"https:\/\/lospoliticosveracruz.com.mx\/index.php?rest_route=\/wp\/v2\/posts\/151247","targetHints":{"allow":["GET"]}}],"collection":[{"href":"https:\/\/lospoliticosveracruz.com.mx\/index.php?rest_route=\/wp\/v2\/posts"}],"about":[{"href":"https:\/\/lospoliticosveracruz.com.mx\/index.php?rest_route=\/wp\/v2\/types\/post"}],"author":[{"embeddable":true,"href":"https:\/\/lospoliticosveracruz.com.mx\/index.php?rest_route=\/wp\/v2\/users\/2"}],"replies":[{"embeddable":true,"href":"https:\/\/lospoliticosveracruz.com.mx\/index.php?rest_route=%2Fwp%2Fv2%2Fcomments&post=151247"}],"version-history":[{"count":1,"href":"https:\/\/lospoliticosveracruz.com.mx\/index.php?rest_route=\/wp\/v2\/posts\/151247\/revisions"}],"predecessor-version":[{"id":151249,"href":"https:\/\/lospoliticosveracruz.com.mx\/index.php?rest_route=\/wp\/v2\/posts\/151247\/revisions\/151249"}],"wp:featuredmedia":[{"embeddable":true,"href":"https:\/\/lospoliticosveracruz.com.mx\/index.php?rest_route=\/wp\/v2\/media\/151248"}],"wp:attachment":[{"href":"https:\/\/lospoliticosveracruz.com.mx\/index.php?rest_route=%2Fwp%2Fv2%2Fmedia&parent=151247"}],"wp:term":[{"taxonomy":"category","embeddable":true,"href":"https:\/\/lospoliticosveracruz.com.mx\/index.php?rest_route=%2Fwp%2Fv2%2Fcategories&post=151247"},{"taxonomy":"post_tag","embeddable":true,"href":"https:\/\/lospoliticosveracruz.com.mx\/index.php?rest_route=%2Fwp%2Fv2%2Ftags&post=151247"}],"curies":[{"name":"wp","href":"https:\/\/api.w.org\/{rel}","templated":true}]}}