{"id":151280,"date":"2025-08-25T08:24:24","date_gmt":"2025-08-25T13:24:24","guid":{"rendered":"https:\/\/lospoliticosveracruz.com.mx\/?p=151280"},"modified":"2025-08-25T08:24:56","modified_gmt":"2025-08-25T13:24:56","slug":"el-vnu-y-el-ppm-del-pan","status":"publish","type":"post","link":"https:\/\/lospoliticosveracruz.com.mx\/?p=151280","title":{"rendered":"EL VNU Y EL PPM DEL PAN"},"content":{"rendered":"\n<p><strong>Omar Z\u00fa\u00f1iga<\/strong><\/p>\n\n\n\n<p><em>De Primera Mano<\/em> <\/p>\n\n\n\n<p>A partir del 5 de noviembre de 2024, hace casi un a\u00f1o, tomaron protesta las y los diputados a la LXVII Legistatura del Estado de Veracruz.<\/p>\n\n\n\n<p>En ese combo, abanderada por el Partido Acci\u00f3n Nacional iba&nbsp;<strong>Montserrat Ortega Ruiz<\/strong>, que para efectos \u00fanica y exclusivamente informativos, es c\u00f3nyuge de&nbsp;<strong>Jos\u00e9 \u201cPepe\u201d Mancha<\/strong>, ex presidente&nbsp;del CDE del PAN.<\/p>\n\n\n\n<p>Montserrat llego como diputada plurinominal, es decir, no&nbsp;fue&nbsp;a la elecci\u00f3n y no gan\u00f3 una, lleg\u00f3 a la curul por el principio de representacion proporcional, ergo, porque los votos que logr\u00f3 el partido que la nomin\u00f3 fueron suficientes para que ella pudiera sentarse ah\u00ed, en su curul.<\/p>\n\n\n\n<p>Montserrat&nbsp;se desempe\u00f1\u00f3 como Secretaria de PPM &nbsp;(Promoci\u00f3n Pol\u00edtica de la Mujer) en el PAN Veracruz, es decir, como parte del Comit\u00e9&nbsp;Directivo Estatal, por el cual devengaba&nbsp;(devenga)&nbsp;un salario, justo es, hay que decirlo.<\/p>\n\n\n\n<p>El maldito \u201cpero\u201d de siempre resulta&nbsp;cuando,&nbsp;en plena campa\u00f1a electoral, en mayo pasado&nbsp;previo a la jornada, Montserrat anunci\u00f3 su renuncia al Grupo Parlamentario del&nbsp;Partido que la llev\u00f3 al Congreso y se concret\u00f3 la creaci\u00f3n del Grupo Parlamentario Veracuz Nos Une (VNU), junto con los diputados priistas&nbsp;<strong>H\u00e9ctor Yunes<\/strong>&nbsp;y&nbsp;<strong>Ana Rosa Vald\u00e9s<\/strong>.<\/p>\n\n\n\n<p>Desde mayo no pertenece a la bancada del PAN y de hecho funge como coordinadora del&nbsp;grupo&nbsp;VNU, pero en un contrasentido y debo decir en un absurdo, ella no ha renunciado a su militancia partidista y&nbsp;desde mayo tambi\u00e9n fue reintegrada&nbsp;como&nbsp;Secretaria del PPM.<\/p>\n\n\n\n<p>Por su trabajo como diputada, Montserrat devenga un salario mensual neto de 58 mil 123 pesos y 38 centavos M.N. (Moneda Nacional, de nada), pues adem\u00e1s seg\u00fan informaci\u00f3n obtenida por transparencia, tanto el Impuesto Sobre la Renta que pagamos usted y yo que&nbsp;tributamos ante el SAT, se encuentra subsidiado, no lo paga; y por si fuera poco, las cuotas del IMSS, tampoco. Pero bueno\u2026<\/p>\n\n\n\n<p>Adem\u00e1s de la famosa dieta de los diputados, Montserrat percibe un salario mensual de 18 mil pesos como secretaria del PPM del PAN Veracruz.<\/p>\n\n\n\n<p>Lo dije y lo reitero, si trabaja que se le pague\u2026 lo justo. Todos debemos someternos al imperio de la Ley.<\/p>\n\n\n\n<p>Sin embargo, resulta que el Art\u00edculo 31 de la Constituci\u00f3n Pol\u00edtica del Estado Libre y Soberano de Veracruz de Ignacio de la Llave dice que \u201cLos diputados no podr\u00e1n desempe\u00f1ar ninguna otra comisi\u00f3n o empleo p\u00fablico por el que disfruten retribuci\u00f3n econ\u00f3mica, sin licencia previa del Congreso o, en su caso, de la Diputaci\u00f3n Permanente; pero concedida la licencia, cesar\u00e1n definitivamente en sus funciones. No estar\u00e1n comprendidas en esta disposici\u00f3n las actividades docentes o de beneficencia\u201d.&nbsp;<\/p>\n\n\n\n<p>\u201cLa infracci\u00f3n de esta disposici\u00f3n ser\u00e1 castigada con la p\u00e9rdida del cargo de diputado\u201d.<\/p>\n\n\n\n<p><strong>Montserrat Ortega<\/strong>&nbsp;estar\u00eda, entonces, incumpliendo&nbsp;con esta disposici\u00f3n constitucional, y por lo tanto violentando la Ley.<\/p>\n\n\n\n<p>La sanci\u00f3n que impone la Constituci\u00f3n de Veracruz es muy claro a los infractores al Art\u00edculo 31.<\/p>\n\n\n\n<p>*****<\/p>\n\n\n\n<p>Montserrat fue&nbsp;destituida&nbsp;como&nbsp;Secretaria del&nbsp;PPM luego de que se le comprobaran probables&nbsp;irregularidades administrativas en su encargo,&nbsp;que dieron pie a&nbsp;su&nbsp;remoci\u00f3n y&nbsp;la del&nbsp;ex tesorero&nbsp;blanquiazul&nbsp;<strong>Mizra\u00edn Eligio Castel\u00e1n Enr\u00edquez<\/strong>, tambi\u00e9n identificado con el grupo de&nbsp;<strong>Pepe Mancha<\/strong>.<\/p>\n\n\n\n<p>Luego de&nbsp;haber presentado una denuncia ante autoridades electorales,&nbsp;Montserrat&nbsp;fue restituida en su cargo&nbsp;en mayo pasado,&nbsp;decisi\u00f3n que est\u00e1 impugnada por el CDE&nbsp;por las mismas v\u00edas jurisdiccionales, a la espera de conocer&nbsp;la sentencia definitiva,&nbsp;en las pr\u00f3ximas semanas.<\/p>\n\n\n\n<p>*****<\/p>\n\n\n\n<p>Para documentar el optimismo,&nbsp;<strong>Montserrat Ortega<\/strong>ha solicitado a la&nbsp;Presidencia del Comit\u00e9&nbsp;Directivo Estatal&nbsp;el pago de&nbsp;salarios ca\u00eddos por los&nbsp;siete meses&nbsp;que estuvo suspendida de su encargo.<\/p>\n\n\n\n<p>Y para terminar, por su renuncia al Grupo Parlamentario de Acci\u00f3n Nacional y su adhesi\u00f3n a otro Grupo Parlamentario,&nbsp;se ha presentado una solicitud de expulsi\u00f3n&nbsp;partidista&nbsp;por haber violado&nbsp;los&nbsp;estatutos&nbsp;del PAN.&nbsp;<\/p>\n\n\n\n<p>La solicitud y eventual resoluci\u00f3n se encuentran&nbsp;en deliberaci\u00f3n&nbsp;en el Comit\u00e9 Ejecutivo Nacional.<\/p>\n\n\n\n<p>\u00a1Qu\u00e9 barbaridad!<\/p>\n\n\n\n<p>deprimera.mano2020@gmail.com<\/p>\n","protected":false},"excerpt":{"rendered":"<p>Omar Z\u00fa\u00f1iga De Primera Mano A partir del 5 de noviembre de 2024, hace casi un a\u00f1o, tomaron protesta las y los diputados a la LXVII Legistatura del Estado de Veracruz. En ese combo, abanderada por el Partido Acci\u00f3n Nacional iba&nbsp;Montserrat Ortega Ruiz, que para efectos \u00fanica y exclusivamente informativos, es c\u00f3nyuge de&nbsp;Jos\u00e9 \u201cPepe\u201d Mancha, [&hellip;]<\/p>\n","protected":false},"author":2,"featured_media":141427,"comment_status":"closed","ping_status":"closed","sticky":false,"template":"","format":"standard","meta":{"_jetpack_newsletter_access":"","_jetpack_dont_email_post_to_subs":false,"_jetpack_newsletter_tier_id":0,"_jetpack_memberships_contains_paywalled_content":false,"_jetpack_memberships_contains_paid_content":false,"footnotes":""},"categories":[70],"tags":[10402,266,195],"class_list":["post-151280","post","type-post","status-publish","format-standard","has-post-thumbnail","hentry","category-de-opinion","tag-montserrat-ortega-ruiz","tag-pan","tag-veracruz"],"jetpack_featured_media_url":"https:\/\/lospoliticosveracruz.com.mx\/wp-content\/uploads\/2025\/04\/Omar-Zuniga.jpg","jetpack_sharing_enabled":true,"jetpack_shortlink":"https:\/\/wp.me\/p4Qcd3-Dm0","_links":{"self":[{"href":"https:\/\/lospoliticosveracruz.com.mx\/index.php?rest_route=\/wp\/v2\/posts\/151280","targetHints":{"allow":["GET"]}}],"collection":[{"href":"https:\/\/lospoliticosveracruz.com.mx\/index.php?rest_route=\/wp\/v2\/posts"}],"about":[{"href":"https:\/\/lospoliticosveracruz.com.mx\/index.php?rest_route=\/wp\/v2\/types\/post"}],"author":[{"embeddable":true,"href":"https:\/\/lospoliticosveracruz.com.mx\/index.php?rest_route=\/wp\/v2\/users\/2"}],"replies":[{"embeddable":true,"href":"https:\/\/lospoliticosveracruz.com.mx\/index.php?rest_route=%2Fwp%2Fv2%2Fcomments&post=151280"}],"version-history":[{"count":1,"href":"https:\/\/lospoliticosveracruz.com.mx\/index.php?rest_route=\/wp\/v2\/posts\/151280\/revisions"}],"predecessor-version":[{"id":151281,"href":"https:\/\/lospoliticosveracruz.com.mx\/index.php?rest_route=\/wp\/v2\/posts\/151280\/revisions\/151281"}],"wp:featuredmedia":[{"embeddable":true,"href":"https:\/\/lospoliticosveracruz.com.mx\/index.php?rest_route=\/wp\/v2\/media\/141427"}],"wp:attachment":[{"href":"https:\/\/lospoliticosveracruz.com.mx\/index.php?rest_route=%2Fwp%2Fv2%2Fmedia&parent=151280"}],"wp:term":[{"taxonomy":"category","embeddable":true,"href":"https:\/\/lospoliticosveracruz.com.mx\/index.php?rest_route=%2Fwp%2Fv2%2Fcategories&post=151280"},{"taxonomy":"post_tag","embeddable":true,"href":"https:\/\/lospoliticosveracruz.com.mx\/index.php?rest_route=%2Fwp%2Fv2%2Ftags&post=151280"}],"curies":[{"name":"wp","href":"https:\/\/api.w.org\/{rel}","templated":true}]}}