{"id":151284,"date":"2025-08-25T09:08:35","date_gmt":"2025-08-25T14:08:35","guid":{"rendered":"https:\/\/lospoliticosveracruz.com.mx\/?p=151284"},"modified":"2025-08-25T09:10:27","modified_gmt":"2025-08-25T14:10:27","slug":"el-nuevo-arbitro-del-poder-judicial","status":"publish","type":"post","link":"https:\/\/lospoliticosveracruz.com.mx\/?p=151284","title":{"rendered":"EL NUEVO \u00c1RBITRO DEL PODER JUDICIAL"},"content":{"rendered":"\n\n\n<p><br><br><strong>Yamiri Rodr\u00edguez Madrid<\/strong><\/p>\n\n\n\n<p><em>La vuelta a Veracruz en un teclazo<\/em><\/p>\n\n\n\n<p>La creaci\u00f3n del \u00d3rgano de Administraci\u00f3n Judicial en Veracruz es quiz\u00e1 la transformaci\u00f3n m\u00e1s silenciosa, pero a la vez m\u00e1s trascendente, de la actual reforma judicial. Con su instalaci\u00f3n a partir del 1 de septiembre, este cuerpo colegiado asumir\u00e1 funciones que antes correspond\u00edan al Consejo de la Judicatura, pero con un mandato claro: garantizar independencia t\u00e9cnica y criterios de austeridad en la administraci\u00f3n del Poder Judicial.<br>La lista de sus cinco integrantes refleja la pluralidad de poderes: Alma Rosa Flores Ceballos (Legislativo), Mar\u00eda del Socorro Hern\u00e1ndez Cadena (Ejecutivo), y por parte del Poder Judicial, Antonio Sobrevilla Castillo, Diana Adived Cruz Villegas y V\u00edctor Priego L\u00f3pez. A ellos se suma, con peso pol\u00edtico nacional, N\u00e9stor Vargas, quien representar\u00e1 directamente al Ejecutivo federal. La propia presidenta Claudia Sheinbaum lo defini\u00f3: este \u00f3rgano ser\u00e1 clave para imprimir un sello de austeridad en la justicia mexicana.<br>El mensaje pol\u00edtico es claro: la justicia no puede seguir siendo un reducto de privilegios ni de castas intocables. La presencia de Vargas \u2014cercano a Sheinbaum\u2014, asegura que el Ejecutivo federal tendr\u00e1 una voz directa en la vigilancia de c\u00f3mo se administran recursos y se define la carrera judicial en Veracruz. Pero lejos de ser una intromisi\u00f3n, es un gesto de confianza hacia el gobierno estatal encabezado por Roc\u00edo Nahle, que ha mostrado voluntad de alinear la pol\u00edtica veracruzana con la agenda nacional de transformaci\u00f3n.<br>El nuevo \u00f3rgano ser\u00e1 tambi\u00e9n un espacio de tensi\u00f3n inevitable. Las inercias internas del Poder Judicial no desaparecer\u00e1n por decreto. Habr\u00e1 resistencias, pugnas y quiz\u00e1 intentos de boicot. Pero la clave estar\u00e1 en la capacidad de este organismo para sostener el equilibrio entre autonom\u00eda y responsabilidad p\u00fablica.<br>Esto viene a colaci\u00f3n porque la semana pasada, la pr\u00f3xima presidenta del Tribunal Superior de Justicia a partir del 1 de septiembre, Rosalba Hern\u00e1ndez, declar\u00f3 que bajar\u00e1 los salarios a los magistrados; cosa que no puede ser ya que al ser una triada, con la reforma judicial, es funci\u00f3n exclusiva del \u00f3rgano administrativo y no del Tribunal Superior, el cual s\u00f3lo ella encabeza.<br>En pol\u00edtica, la forma tambi\u00e9n es fondo y la pr\u00f3xima presidenta no debe olvidarlo: una cosa es el tecnisismo y otra las reglas no escritas del quehacer pol\u00edtico y de las que tiene mucho por aprender.<br>Si cumple con su cometido, Veracruz podr\u00eda convertirse en ejemplo nacional de c\u00f3mo modernizar la justicia desde sus cimientos. Si fracasa, la reforma ser\u00e1 vista como un cap\u00edtulo m\u00e1s de buenas intenciones truncadas. A partir de septiembre, los ojos estar\u00e1n puestos en ella y en este \u00e1rbitro de la justicia veracruzana.<br>@YamiriRodriguez<\/p>\n","protected":false},"excerpt":{"rendered":"<p>Yamiri Rodr\u00edguez Madrid La vuelta a Veracruz en un teclazo La creaci\u00f3n del \u00d3rgano de Administraci\u00f3n Judicial en Veracruz es quiz\u00e1 la transformaci\u00f3n m\u00e1s silenciosa, pero a la vez m\u00e1s trascendente, de la actual reforma judicial. Con su instalaci\u00f3n a partir del 1 de septiembre, este cuerpo colegiado asumir\u00e1 funciones que antes correspond\u00edan al Consejo [&hellip;]<\/p>\n","protected":false},"author":2,"featured_media":141413,"comment_status":"closed","ping_status":"closed","sticky":false,"template":"","format":"standard","meta":{"_jetpack_newsletter_access":"","_jetpack_dont_email_post_to_subs":false,"_jetpack_newsletter_tier_id":0,"_jetpack_memberships_contains_paywalled_content":false,"_jetpack_memberships_contains_paid_content":false,"footnotes":""},"categories":[70],"tags":[45598,195],"class_list":["post-151284","post","type-post","status-publish","format-standard","has-post-thumbnail","hentry","category-de-opinion","tag-organo-de-administracion-judicial","tag-veracruz"],"jetpack_featured_media_url":"https:\/\/lospoliticosveracruz.com.mx\/wp-content\/uploads\/2025\/04\/Yamiri-Rodriguez-Madrid.jpg","jetpack_sharing_enabled":true,"jetpack_shortlink":"https:\/\/wp.me\/p4Qcd3-Dm4","_links":{"self":[{"href":"https:\/\/lospoliticosveracruz.com.mx\/index.php?rest_route=\/wp\/v2\/posts\/151284","targetHints":{"allow":["GET"]}}],"collection":[{"href":"https:\/\/lospoliticosveracruz.com.mx\/index.php?rest_route=\/wp\/v2\/posts"}],"about":[{"href":"https:\/\/lospoliticosveracruz.com.mx\/index.php?rest_route=\/wp\/v2\/types\/post"}],"author":[{"embeddable":true,"href":"https:\/\/lospoliticosveracruz.com.mx\/index.php?rest_route=\/wp\/v2\/users\/2"}],"replies":[{"embeddable":true,"href":"https:\/\/lospoliticosveracruz.com.mx\/index.php?rest_route=%2Fwp%2Fv2%2Fcomments&post=151284"}],"version-history":[{"count":1,"href":"https:\/\/lospoliticosveracruz.com.mx\/index.php?rest_route=\/wp\/v2\/posts\/151284\/revisions"}],"predecessor-version":[{"id":151285,"href":"https:\/\/lospoliticosveracruz.com.mx\/index.php?rest_route=\/wp\/v2\/posts\/151284\/revisions\/151285"}],"wp:featuredmedia":[{"embeddable":true,"href":"https:\/\/lospoliticosveracruz.com.mx\/index.php?rest_route=\/wp\/v2\/media\/141413"}],"wp:attachment":[{"href":"https:\/\/lospoliticosveracruz.com.mx\/index.php?rest_route=%2Fwp%2Fv2%2Fmedia&parent=151284"}],"wp:term":[{"taxonomy":"category","embeddable":true,"href":"https:\/\/lospoliticosveracruz.com.mx\/index.php?rest_route=%2Fwp%2Fv2%2Fcategories&post=151284"},{"taxonomy":"post_tag","embeddable":true,"href":"https:\/\/lospoliticosveracruz.com.mx\/index.php?rest_route=%2Fwp%2Fv2%2Ftags&post=151284"}],"curies":[{"name":"wp","href":"https:\/\/api.w.org\/{rel}","templated":true}]}}