{"id":151288,"date":"2025-08-25T09:39:05","date_gmt":"2025-08-25T14:39:05","guid":{"rendered":"https:\/\/lospoliticosveracruz.com.mx\/?p=151288"},"modified":"2025-08-25T09:39:21","modified_gmt":"2025-08-25T14:39:21","slug":"la-viaducta-y-el-palabro","status":"publish","type":"post","link":"https:\/\/lospoliticosveracruz.com.mx\/?p=151288","title":{"rendered":"LA VIADUCTA Y EL PALABRO"},"content":{"rendered":"\n\n\n<p><strong>Sergio Gonz\u00e1lez Levet<\/strong><\/p>\n\n\n\n<p><em>Sin tacto<\/em><\/p>\n\n\n\n<p>Hay dos batallas ling\u00fc\u00edsticas que en la actualidad se est\u00e1n peleando furibundamente en Xalapa. Tienen que ver con sendas discusiones alrededor del lenguaje inclusivo y se originan en la petici\u00f3n de grupos feministas para que se le cambie el nombre a una infraestructura de la ciudad y a la revista insignia de la Universidad Veracruzana.<\/p>\n\n\n\n<p>&nbsp;&nbsp; &nbsp;&nbsp;S\u00ed, proponen que el Viaducto que pasa a un lado del Parque Ju\u00e1rez se llame \u201cla Viaducta\u201d y que la revista La Palabra y el Hombre cambie a La Palabra y la Humanidad.<\/p>\n\n\n\n<p>&nbsp;&nbsp; &nbsp;&nbsp;En el primer caso, la propuesta ha surgido del grupo que comanda la conocida activista Wendy L\u00f3pez, quien ya hab\u00eda tenido una incursi\u00f3n similar cuando puso letreros sobre la nomenclatura de Xalape\u00f1os Ilustres que dec\u00edan: \u201cXalape\u00f1as Ilustres\u201d.<\/p>\n\n\n\n<p>&nbsp;&nbsp; &nbsp;&nbsp;En esa ocasi\u00f3n, la acci\u00f3n de Wendy caus\u00f3 una cierta simpat\u00eda de la poblaci\u00f3n, aunque la acci\u00f3n no tuvo mayores consecuencias y Xalape\u00f1os sigui\u00f3 siendo un nombre de calle masculino, para mal de la justicia y la equidad de g\u00e9nero.<\/p>\n\n\n\n<p>&nbsp;&nbsp; &nbsp;&nbsp;Tal vez la notable feminista pens\u00f3 que con el asunto del Viaducto podr\u00eda conseguir un mayor efecto y lograr en la v\u00eda subterr\u00e1nea el cambio que no le prosper\u00f3 en la calle. Sin embargo, la idea no le gust\u00f3 mucho a los xalape\u00f1os y muchos de ellos se han manifestado en opiniones en las redes y m\u00e1s de 3 mil -hasta el domingo- hab\u00edan firmado una petici\u00f3n en change.org para que se mantenga el nombre a El Viaducto.<\/p>\n\n\n\n<p>&nbsp;&nbsp; &nbsp;&nbsp;Eso de cambiar el g\u00e9nero a una palabra por razones pol\u00edticas y no ling\u00fc\u00edsticas siempre ha encontrado sus bemoles, porque el lenguaje nunca se ha podido modificar a trav\u00e9s de decretos. He ah\u00ed la raz\u00f3n por la que al Parque Miguel Hidalgo todos le seguimos diciendo Los Berros y al municipio de Manlio Fabio Altamirano lo siguen identificando como Purga.<\/p>\n\n\n\n<p>&nbsp;&nbsp; &nbsp;&nbsp;Tal vez las compa\u00f1eras feministas le est\u00e1n errando en su prop\u00f3sito, porque podr\u00eda ser mucho m\u00e1s oportuno para la causa que le pusieran a El Viaducto el nombre de alguna veracruzana que haya destacado como persona femenina. Si me preguntaran -que estoy seguro no lo van a hacer- yo propondr\u00eda el ilustre nombre de la doctora Esther Hern\u00e1ndez-Palacios Mir\u00f3n, una destacada xalape\u00f1a que trabaj\u00f3 toda su vida en pro de la cultura de nuestro estado y fue una destacada escritora e investigadora literaria.<\/p>\n\n\n\n<p>&nbsp;&nbsp; &nbsp;&nbsp;Y en la otra batalla, feministas radicales de la Universidad Veracruzana pretenden que la revista insignia de la UV, que fund\u00f3 el escritor xalape\u00f1o Sergio Galindo hace casi 70 a\u00f1os y que se ha mantenido ininterrumpidamente a trav\u00e9s de las d\u00e9cadas, cambie de nombre, \u201cpor razones de g\u00e9nero y de visibilidad de la mujer\u201d y pase a llamarse con el chistoso nombre de La Palabra y la Humanidad.<\/p>\n\n\n\n<p>&nbsp;&nbsp; &nbsp;&nbsp;El reconocido maestro y literato Mario Mu\u00f1oz, toda una instituci\u00f3n dentro de la UV y director de la revista, ha llamado la atenci\u00f3n sobre el nombre original, propuesto por Galindo, que ha permanecido por tantos a\u00f1os y que se ha afirmado en los archivos y la historia de la literatura mexicana Don Mario hace la observaci\u00f3n de que en la edici\u00f3n actual de la revista intervienen mayoritariamente mujeres y que se han dedicado n\u00fameros monogr\u00e1ficos a temas esencialmente femeninos.<\/p>\n\n\n\n<p>&nbsp;&nbsp; &nbsp;&nbsp;Dos guerras entre las feministas y la ling\u00fc\u00edstica que se pelean en los corrillos de la Atenas Veracruzana. Dos pleitos que ser\u00e1n dirimidos finalmente en la arena del lenguaje cotidiano de Veracruz, y que ganar\u00e1n los que sean mayor\u00eda.<\/p>\n\n\n\n<p>sglevet@gmail.com<\/p>\n","protected":false},"excerpt":{"rendered":"<p>Sergio Gonz\u00e1lez Levet Sin tacto Hay dos batallas ling\u00fc\u00edsticas que en la actualidad se est\u00e1n peleando furibundamente en Xalapa. Tienen que ver con sendas discusiones alrededor del lenguaje inclusivo y se originan en la petici\u00f3n de grupos feministas para que se le cambie el nombre a una infraestructura de la ciudad y a la revista [&hellip;]<\/p>\n","protected":false},"author":2,"featured_media":141432,"comment_status":"closed","ping_status":"closed","sticky":false,"template":"","format":"standard","meta":{"_jetpack_newsletter_access":"","_jetpack_dont_email_post_to_subs":false,"_jetpack_newsletter_tier_id":0,"_jetpack_memberships_contains_paywalled_content":false,"_jetpack_memberships_contains_paid_content":false,"footnotes":""},"categories":[70],"tags":[],"class_list":["post-151288","post","type-post","status-publish","format-standard","has-post-thumbnail","hentry","category-de-opinion"],"jetpack_featured_media_url":"https:\/\/lospoliticosveracruz.com.mx\/wp-content\/uploads\/2025\/04\/Levet.jpg","jetpack_sharing_enabled":true,"jetpack_shortlink":"https:\/\/wp.me\/p4Qcd3-Dm8","_links":{"self":[{"href":"https:\/\/lospoliticosveracruz.com.mx\/index.php?rest_route=\/wp\/v2\/posts\/151288","targetHints":{"allow":["GET"]}}],"collection":[{"href":"https:\/\/lospoliticosveracruz.com.mx\/index.php?rest_route=\/wp\/v2\/posts"}],"about":[{"href":"https:\/\/lospoliticosveracruz.com.mx\/index.php?rest_route=\/wp\/v2\/types\/post"}],"author":[{"embeddable":true,"href":"https:\/\/lospoliticosveracruz.com.mx\/index.php?rest_route=\/wp\/v2\/users\/2"}],"replies":[{"embeddable":true,"href":"https:\/\/lospoliticosveracruz.com.mx\/index.php?rest_route=%2Fwp%2Fv2%2Fcomments&post=151288"}],"version-history":[{"count":2,"href":"https:\/\/lospoliticosveracruz.com.mx\/index.php?rest_route=\/wp\/v2\/posts\/151288\/revisions"}],"predecessor-version":[{"id":151290,"href":"https:\/\/lospoliticosveracruz.com.mx\/index.php?rest_route=\/wp\/v2\/posts\/151288\/revisions\/151290"}],"wp:featuredmedia":[{"embeddable":true,"href":"https:\/\/lospoliticosveracruz.com.mx\/index.php?rest_route=\/wp\/v2\/media\/141432"}],"wp:attachment":[{"href":"https:\/\/lospoliticosveracruz.com.mx\/index.php?rest_route=%2Fwp%2Fv2%2Fmedia&parent=151288"}],"wp:term":[{"taxonomy":"category","embeddable":true,"href":"https:\/\/lospoliticosveracruz.com.mx\/index.php?rest_route=%2Fwp%2Fv2%2Fcategories&post=151288"},{"taxonomy":"post_tag","embeddable":true,"href":"https:\/\/lospoliticosveracruz.com.mx\/index.php?rest_route=%2Fwp%2Fv2%2Ftags&post=151288"}],"curies":[{"name":"wp","href":"https:\/\/api.w.org\/{rel}","templated":true}]}}