{"id":151496,"date":"2025-08-27T21:05:54","date_gmt":"2025-08-28T02:05:54","guid":{"rendered":"https:\/\/lospoliticosveracruz.com.mx\/?p=151496"},"modified":"2025-08-27T21:06:11","modified_gmt":"2025-08-28T02:06:11","slug":"pineros-de-isla-quieren-abono","status":"publish","type":"post","link":"https:\/\/lospoliticosveracruz.com.mx\/?p=151496","title":{"rendered":"PI\u00d1EROS DE ISLA QUIEREN ABONO"},"content":{"rendered":"\n\n\n<p><strong>Rub\u00e9n Morales Aburto<\/strong><\/p>\n\n\n\n<p><em>El Poder y La Pasi\u00f3n<\/em><\/p>\n\n\n\n<p>Este mi\u00e9rcoles de atenci\u00f3n ciudadana del diputado Presidente de la <strong>JUCOPO Esteban Bautista (a) El Profe<\/strong>, como se le ha conocido por a\u00f1os, recibi\u00f3 a un grupo de productores de pi\u00f1a de <strong>Isla, Ver.<\/strong>, quienes solicitaron fest\u00edn de abono para m\u00e1s de mil productores de las 33 comunidades. Se dijeron agradecidos por a atenci\u00f3n de un hombre muy humano.<\/p>\n\n\n\n<p><strong>Pasuuu mechaaa<\/strong><\/p>\n\n\n\n<p>Confirma dirigencia estatal del <strong>PAN<\/strong> desaparici\u00f3n hijo de secretario de comit\u00e9 municipal de <strong>Jos\u00e9 Azueta<\/strong><\/p>\n\n\n\n<p><strong>Ya se supo qui\u00e9nes son<\/strong><\/p>\n\n\n\n<p>Las traiciones se registran en el <strong>Congreso de Veracruz<\/strong> y hace unas semanas, un grupo desertor de diputados a su obligaci\u00f3n de servir a los veracruzanos y legislar para beneficio de sus distritos en el Estado, se han dedicado a grillar y calentar el ambiente pol\u00edtico, llevando chismes a la gobernadora <strong>Norma Roc\u00edo Nahle Garc\u00eda<\/strong> y son los mismos legisladores improductivos, quienes pidieron la renuncia una y otra vez al entonces coordinador de Comunicaci\u00f3n Social <strong>Esa\u00fa Valencia Heredia<\/strong>, a quien le hicieron una feroz campa\u00f1a de desprestigio, hasta lograrlo.<\/p>\n\n\n\n<p><strong>Traaaakaaaa<\/strong><\/p>\n\n\n\n<p>El protagonista: <strong>Alfredo Espinosa Bernard<\/strong>, actual Jefe de Tr\u00e1mite y Supervisi\u00f3n de la Subdirecci\u00f3n de Secundarias T\u00e9cnicas, quien ya recibi\u00f3 su constancia de mayor\u00eda como juez laboral, hoy ya le acusa de haberse adjudicado dos plazas reci\u00e9n liberadas por jubilaci\u00f3n \u2014una de Secretaria y otra de Contralor\u2014 y asignarlas a sus cercanos: <strong>Joachin Molina Teresita de Jes\u00fas<\/strong> y <strong>Espinosa Bernard Diana Esperanza<\/strong>.<\/p>\n\n\n\n<p><strong>\u00c1ndele pues<\/strong><\/p>\n\n\n\n<p>\u201cHoy las personas ind\u00edgenas ya no somos letra muerta, sino sujetos de derecho p\u00fablico, parte de la agenda nacional y estatal, sujetos activos, de libre determinaci\u00f3n, pensantes, capaces de transformar la vida p\u00fablica\u201d, asever\u00f3 el presidente de la <strong>Junta de Coordinaci\u00f3n Pol\u00edtica (Jucopo)<\/strong> del <strong>Congreso del Estado<\/strong>, diputado <strong>Esteban Bautista Hern\u00e1ndez<\/strong>, al encabezar el <strong>Encuentro Informativo<\/strong> sobre la reforma al Art\u00edculo 5\u00b0 de la <strong>Constituci\u00f3n Pol\u00edtica del Estado<\/strong>, en la cabecera municipal de <strong>Coyutla<\/strong>, en la zona norte de la entidad.<\/p>\n\n\n\n<p><strong>SEDENA en su plan social<\/strong><\/p>\n\n\n\n<p>Que en las instalaciones del <strong>111\/o. Btn. Inf.<\/strong> en coordinaci\u00f3n con el <strong>DIF<\/strong> del municipio de <strong>Las Vigas de Ram\u00edrez, Ver.<\/strong> se llev\u00f3 a cabo la materializaci\u00f3n de la <strong>Ceremonia Soldado por un d\u00eda<\/strong> conmemorando la presencia de un menor voluntario.<\/p>\n\n\n\n<p><strong>En Moloacan y a dos meses<\/strong><\/p>\n\n\n\n<p>No se sabe nada de la mini refiner\u00eda. Todo est\u00e1 cerrado y parado sin detenidos. Simplemente cerrada.<\/p>\n\n\n\n<p><strong>Chinnnnn<\/strong><\/p>\n\n\n\n<p>Pues nada que ya fue sentenciado <strong>Don Clemente Noe \u201cN\u201d<\/strong>, a 32 a\u00f1os y 6 meses de prisi\u00f3n, como responsable del delito de homicidio doloso y calificado en agravio del compa\u00f1ero periodista <strong>Jos\u00e9 Mois\u00e9s S\u00e1nchez Cerezo<\/strong>, esto all\u00e1 en la colonia <strong>Gutierrez Rosas<\/strong> de la congregaci\u00f3n de <strong>El Tejar<\/strong>, del municipio de <strong>Medell\u00edn del Bravo, Ver.<\/strong><\/p>\n\n\n\n<p><strong>Alcalde xalape\u00f1o tiene mucha raz\u00f3n<\/strong><\/p>\n\n\n\n<p>No pudo darme entrevista sobre el derribe de \u00e1rboles viejos por qu\u00e9 tiene raz\u00f3n, mueves un \u00e1rbol viejo y te cae la sociedad seguidos por ambientalista. Y si.<\/p>\n\n\n\n<p><strong>Sobre los acontecimientos albiazules<\/strong><\/p>\n\n\n\n<p>Nos dicen que ya se andan moviendo las piezas para la sucesi\u00f3n y renovaci\u00f3n del comit\u00e9 directivo estatal del <strong>PAN<\/strong> en <strong>Veracruz<\/strong>. Ya hay reuniones y asambleas en corto.<\/p>\n\n\n\n<p><strong>Sobre el cambio en el CDE del PAN<\/strong><\/p>\n\n\n\n<p>Nos dicen panistas de cepa que en efecto va mujer como presidenta de los panuchos en <strong>Veracruz<\/strong>.<\/p>\n\n\n\n<p><strong>De los desmanes al interior de oficinas panuchas<\/strong><\/p>\n\n\n\n<p>Qu\u00e9 fue un velar al que amenizaron fuertemente para cometer eso imperfectos donde fueron afectadas 5 oficinas pero no se perdi\u00f3 nada de nada. Si como lo ley\u00f3 solo fue el calambre a los oficinistas. Aunque ya hay denuncia, deben apa\u00f1ar al autor intelectual o intelectuales. Digo.<\/p>\n\n\n\n<p><strong>Bien por Dr. Ram\u00f3n Galindo Benitez<\/strong><\/p>\n\n\n\n<p>Se jubil\u00f3 por fin de su plaza dos ente en la <strong>Facultad de Medicina zona Xalapa, Ver.<\/strong>, extraordinario galeno y sabio de la pedagog\u00eda en material de medicina. Buen punto.<\/p>\n\n\n\n<p><strong>Ecos de la conferencia de prensa de la T\u00eda Ch\u00edo<\/strong><\/p>\n\n\n\n<p>Dio clases de c\u00f3mo conectar los paneles solares, el <strong>Tecnol\u00f3gico de Misantla, Ver.<\/strong><br>\u201cHijo, d\u00e9jeme ver eso de los paneles tecnol\u00f3gico\u201d, dijo a reporteros.<\/p>\n\n\n\n<p>Aplaude a maestros por eso apoya los Movimiento de maestros, antig\u00fcedad, hasta le mando a imprimir sus gu\u00edas.<\/p>\n\n\n\n<p>Clases de <strong>Pemex<\/strong>, hablo de los ciclos combinados de la mano conciente <strong>Pemex<\/strong> y <strong>CFE<\/strong> se va a retomar la producci\u00f3n de electricidad en <strong>Cangrejera<\/strong>.<\/p>\n\n\n\n<p>Habl\u00f3 sobre las escrituras de las escuelas que no pueden acceder al programa de las escuelas, nuestra el programa m\u00e1s recursos para la escuela, pero su mantenimiento, pero pide una serie de condiciones entre ellas certificar de la escuela. Pertenece al sistema p\u00fablico.<\/p>\n\n\n\n<p>Son m\u00e1s de 3000 escuelas que no tienes escrituras, porque fueron como dato donadas su nombre de otra persona y est\u00e1 trabajando cinco meses para ajustar y poner en \u00f3rdenes escrituras. dictando<\/p>\n\n\n\n<p>En <strong>IMSS Bienestar<\/strong> el personal, van a recindir el contrato de esta empresa que termina el 30 de agosto, limpieza de los hospitales, y es lo que pide la gobernadora es que se contrate el personal que dependa de cada hospital de limpieza, sus insumos.<\/p>\n\n\n\n<p>Qu\u00e9 pide que no se subroguen en los alimentos de hospitales, que mejor se ejerzan la cocina de cada hospital y comprar los marcados de cada municipio para dar de comer a los enfermos.<\/p>\n\n\n\n<p>No sab\u00eda que el hospital de <strong>Zomgolica, Veracruz.<\/strong>, que era nada m\u00e1s del <strong>IMSS<\/strong>, no era bienestar o sea estatal y no estaba 20% sino al 43% y a los dos d\u00edas de qu\u00e9 fue, ya le des surtieron el medicamento al <strong>IMSS<\/strong>, por cierto dijo que da servicio a poblaci\u00f3n abierta.<\/p>\n\n\n\n<p>No hay grupos, al interior de las dependencia y se poseen mis grupos que quieren, piense que trae esos grupos nunca caben en el <strong>Gobierno de Veracruz<\/strong>, es que que entre esas pr\u00e1cticas no usar trabajado el gobierno racional porque eso puede servir bien.<\/p>\n","protected":false},"excerpt":{"rendered":"<p>Rub\u00e9n Morales Aburto El Poder y La Pasi\u00f3n Este mi\u00e9rcoles de atenci\u00f3n ciudadana del diputado Presidente de la JUCOPO Esteban Bautista (a) El Profe, como se le ha conocido por a\u00f1os, recibi\u00f3 a un grupo de productores de pi\u00f1a de Isla, Ver., quienes solicitaron fest\u00edn de abono para m\u00e1s de mil productores de las 33 [&hellip;]<\/p>\n","protected":false},"author":2,"featured_media":143902,"comment_status":"closed","ping_status":"closed","sticky":false,"template":"","format":"standard","meta":{"_jetpack_newsletter_access":"","_jetpack_dont_email_post_to_subs":false,"_jetpack_newsletter_tier_id":0,"_jetpack_memberships_contains_paywalled_content":false,"_jetpack_memberships_contains_paid_content":false,"footnotes":""},"categories":[70],"tags":[45706,44420,45705,45704],"class_list":["post-151496","post","type-post","status-publish","format-standard","has-post-thumbnail","hentry","category-de-opinion","tag-congreso-de-veracruz-traiciones","tag-esteban-bautista-jucopo","tag-pan-veracruz-dirigencia","tag-productores-de-pina-veracruz"],"jetpack_featured_media_url":"https:\/\/lospoliticosveracruz.com.mx\/wp-content\/uploads\/2025\/05\/Ruben-Morales-Aburto.jpg","jetpack_sharing_enabled":true,"jetpack_shortlink":"https:\/\/wp.me\/p4Qcd3-Dpu","_links":{"self":[{"href":"https:\/\/lospoliticosveracruz.com.mx\/index.php?rest_route=\/wp\/v2\/posts\/151496","targetHints":{"allow":["GET"]}}],"collection":[{"href":"https:\/\/lospoliticosveracruz.com.mx\/index.php?rest_route=\/wp\/v2\/posts"}],"about":[{"href":"https:\/\/lospoliticosveracruz.com.mx\/index.php?rest_route=\/wp\/v2\/types\/post"}],"author":[{"embeddable":true,"href":"https:\/\/lospoliticosveracruz.com.mx\/index.php?rest_route=\/wp\/v2\/users\/2"}],"replies":[{"embeddable":true,"href":"https:\/\/lospoliticosveracruz.com.mx\/index.php?rest_route=%2Fwp%2Fv2%2Fcomments&post=151496"}],"version-history":[{"count":2,"href":"https:\/\/lospoliticosveracruz.com.mx\/index.php?rest_route=\/wp\/v2\/posts\/151496\/revisions"}],"predecessor-version":[{"id":151498,"href":"https:\/\/lospoliticosveracruz.com.mx\/index.php?rest_route=\/wp\/v2\/posts\/151496\/revisions\/151498"}],"wp:featuredmedia":[{"embeddable":true,"href":"https:\/\/lospoliticosveracruz.com.mx\/index.php?rest_route=\/wp\/v2\/media\/143902"}],"wp:attachment":[{"href":"https:\/\/lospoliticosveracruz.com.mx\/index.php?rest_route=%2Fwp%2Fv2%2Fmedia&parent=151496"}],"wp:term":[{"taxonomy":"category","embeddable":true,"href":"https:\/\/lospoliticosveracruz.com.mx\/index.php?rest_route=%2Fwp%2Fv2%2Fcategories&post=151496"},{"taxonomy":"post_tag","embeddable":true,"href":"https:\/\/lospoliticosveracruz.com.mx\/index.php?rest_route=%2Fwp%2Fv2%2Ftags&post=151496"}],"curies":[{"name":"wp","href":"https:\/\/api.w.org\/{rel}","templated":true}]}}