{"id":151499,"date":"2025-08-27T21:17:19","date_gmt":"2025-08-28T02:17:19","guid":{"rendered":"https:\/\/lospoliticosveracruz.com.mx\/?p=151499"},"modified":"2025-08-27T21:17:44","modified_gmt":"2025-08-28T02:17:44","slug":"el-diablo-esta-en-los-detalles-2","status":"publish","type":"post","link":"https:\/\/lospoliticosveracruz.com.mx\/?p=151499","title":{"rendered":"EL DIABLO EST\u00c1 EN LOS DETALLES"},"content":{"rendered":"\n\n\n<p><strong>Jos\u00e9 Luis Ortega Vidal<br><\/strong><em>Claroscuros<\/em><\/p>\n\n\n\n<p>El <strong>Instituto Nacional de Estad\u00edstica, Geograf\u00eda e Inform\u00e1tica (INEGI)<\/strong> inform\u00f3 el pasado 13 de agosto sobre los 13.4 millones de mexicanos que dejaron la pobreza multidimensional durante el sexenio del ex presidente <strong>Andr\u00e9s Manuel L\u00f3pez Obrador<\/strong>.<br>El prestigio del <strong>INEGI<\/strong> \u2013algunos de cuyos datos le fueron compartidos por el <strong>Consejo Nacional de Evaluaci\u00f3n de la Pol\u00edtica de Desarrollo Social (CONEVAL)<\/strong>, otro organismo p\u00fablico reconocido por su rigurosidad metodol\u00f3gica y la veracidad de sus datos \u2013a pesar de lo cual fue desaparecido por iniciativa de <strong>AMLO<\/strong>-, fortalece su versi\u00f3n sobre el combate eficaz a la pobreza en M\u00e9xico.<br>Lo que se ha cuestionado, al margen de las estad\u00edsticas probadas sobre la pobreza, es la falta de contraste con modelos distintos al del an\u00e1lisis multidimensional; concretamente al requerimiento de una visi\u00f3n con mayor profundidad sobre las razones de ese avance en la lucha a favor de quienes menos tienen y la garant\u00eda de que este logro pueda mantenerse a mediano y largo plazo.<\/p>\n\n\n\n<p>(2)<br>Hablemos de la deuda de la <strong>Hacienda P\u00fablica mexicana<\/strong>.<\/p>\n\n\n\n<p>(3)<br>Durante su campa\u00f1a electoral y luego en la toma de protesta como presidente el primero de diciembre del 2018, <strong>Andr\u00e9s Manuel L\u00f3pez Obrador<\/strong> se comprometi\u00f3 a evitar un mayor endeudamiento del pa\u00eds.<br>No obstante, a partir de la conclusi\u00f3n del primer sexenio de la <strong>4T<\/strong> M\u00e9xico debe 17.4 billones de pesos.<br>Durante el a\u00f1o 2006 <strong>Vicente Fox Quezada<\/strong> entreg\u00f3 la banda presidencial al tambi\u00e9n panista <strong>Felipe Calder\u00f3n Hinojosa<\/strong> junto a una deuda p\u00fablica de 2 billones de pesos.<br>He ah\u00ed el contraste entre nuestro pasivo p\u00fablico del a\u00f1o 2006 y el pasivo p\u00fablico dieciocho a\u00f1os despu\u00e9s, esto es al a\u00f1o 2024.<\/p>\n\n\n\n<p>(4)<br>Comparto un an\u00e1lisis del periodista <strong>Armando Lim\u00f3n<\/strong>, publicado en el peri\u00f3dico digital <strong>Plano Informativo<\/strong> y fechado el pasado 31 de julio:<br>\u201cDurante el sexenio de <strong>Vicente Fox (2000-2006)<\/strong>, la deuda p\u00fablica inici\u00f3 en 25.7% del <strong>PIB<\/strong> y cerr\u00f3 en 28.2%, un incremento moderado de 2.5 puntos porcentuales. Seg\u00fan la <strong>Secretar\u00eda de Hacienda y Cr\u00e9dito P\u00fablico (SHCP)<\/strong>, este periodo se benefici\u00f3 de la estabilidad macroecon\u00f3mica tras la crisis de los noventa, con esfuerzos por reducir la vulnerabilidad externa, aunque la deuda externa a\u00fan pesaba significativamente en las finanzas p\u00fablicas.<br>En el gobierno de <strong>Felipe Calder\u00f3n (2006-2012)<\/strong>, la deuda p\u00fablica creci\u00f3 de 28.2% a 35.6% del PIB, un aumento de 7.4 puntos porcentuales. La crisis financiera global de 2008-2009 forz\u00f3 un mayor endeudamiento para financiar medidas contrac\u00edclicas, llevando el <strong>SHRFSP<\/strong> a 4.8 billones de pesos en 2012. La <strong>SHCP<\/strong> destaca el giro hacia la deuda interna para mitigar riesgos cambiarios, pero organismos como el <strong>Instituto Mexicano para la Competitividad (IMCO)<\/strong> han criticado la ausencia de una reforma fiscal estructural, que dej\u00f3 al pa\u00eds dependiente del endeudamiento ante la falta de ingresos propios robustos.<br>El sexenio de <strong>Enrique Pe\u00f1a Nieto (2012-2018)<\/strong> registr\u00f3 el mayor salto relativo, con la deuda p\u00fablica pasando de 35.6% a 43.6% del PIB, un aumento de 8 puntos porcentuales. La ca\u00edda de los ingresos petroleros y el incremento del gasto en proyectos de infraestructura y programas sociales elevaron el <strong>SHRFSP<\/strong> a 10.4 billones de pesos. La <strong>SHCP<\/strong> reconoce que el costo financiero de la deuda creci\u00f3, pero en su momento analistas de <strong>M\u00e9xico Eval\u00faa<\/strong> se\u00f1alaron la opacidad y la falta de control del d\u00e9ficit fiscal, lo que merm\u00f3 la confianza de los mercados y elev\u00f3 la percepci\u00f3n de riesgo.<br>En la administraci\u00f3n de <strong>Andr\u00e9s Manuel L\u00f3pez Obrador (2018-2024)<\/strong>, la deuda p\u00fablica cerr\u00f3 en 51.4% del PIB en diciembre de 2024, un preocupante incremento de 7.8 puntos porcentuales desde el 43.6% heredado, alcanzando un r\u00e9cord de 17.4 billones de pesos. Aunque la <strong>SHCP<\/strong> presume una reducci\u00f3n de riesgos cambiarios al concentrar el 74.9% de la deuda en moneda local y atribuye la estabilizaci\u00f3n Post-2020 a la fortaleza del peso y un crecimiento econ\u00f3mico de 1.5% en 2024, estas cifras ocultan una realidad alarmante.<br>La insistencia en financiar megaobras como el <strong>Tren Maya<\/strong> y la refiner\u00eda de <strong>Dos Bocas<\/strong>, junto con un d\u00e9ficit fiscal de 5.7% del PIB en 2024, refleja una gesti\u00f3n fiscal imprudente que prioriz\u00f3 proyectos de dudosa rentabilidad sobre la sostenibilidad financiera. Analistas como <strong>James Salazar<\/strong> de <strong>CIBanco<\/strong> han advertido que la ausencia de una reforma fiscal integral y la creciente presi\u00f3n del costo financiero\u2014que consumi\u00f3 3.2% del PIB en 2024\u2014ponen en riesgo la estabilidad econ\u00f3mica futura, dejando un legado de vulnerabilidad para el actual sexenio.\u201d<\/p>\n\n\n\n<p>(5)<br>Hasta aqu\u00ed -de acuerdo al <strong>INEGI<\/strong>-, tenemos un pa\u00eds con 13.4 millones de pobres menos\u2026<br>Hasta aqu\u00ed -de acuerdo al <strong>Saldo Hist\u00f3rico de los Requerimientos Financieros del Sector P\u00fablico (SHRFSP)<\/strong>-, tenemos una deuda de 17.4 billones de pesos, hasta el 2024\u2026<br>Frente a esta deuda heredada por <strong>AMLO<\/strong> a <strong>Claudia Sheinbaum<\/strong>, leamos lo siguiente:<br>\u201cEl presidente de M\u00e9xico, <strong>Andr\u00e9s Manuel L\u00f3pez Obrador<\/strong>, habl\u00f3 sobre el endeudamiento que dejaron los presidentes de los sexenios pasados, y prometi\u00f3 que durante su administraci\u00f3n se buscar\u00e1 no endeudar al pa\u00eds.<br>El mandatario explic\u00f3 que <strong>Vicente Fox<\/strong> dej\u00f3 una cifra de 2 billones de pesos, mientras que <strong>Felipe Calder\u00f3n<\/strong> la aument\u00f3 a 5 billones de pesos, en lo que significaron los dos sexenios panistas en M\u00e9xico.<br>Sobre la administraci\u00f3n que encabez\u00f3 <strong>Enrique Pe\u00f1a Nieto<\/strong>, <strong>L\u00f3pez Obrador<\/strong> indic\u00f3 que el endeudamiento heredado fue de 10 billones de pesos.<br>Durante su conferencia matutina, el presidente de M\u00e9xico dijo que en su gobierno no se aumentar\u00e1 en t\u00e9rminos reales la deuda, por eso se trabajar\u00e1 con disciplina fiscal.\u201d<br>Tomado de: <strong>AMLO revela las deudas que dejaron Vicente Fox, Felipe Calder\u00f3n y Enrique Pe\u00f1a Nieto &#8211; El Heraldo de M\u00e9xico<\/strong><\/p>\n\n\n\n<p>(6)<br>No hubo la disciplina fiscal prometida por <strong>Andr\u00e9s Manuel<\/strong>.<br>No se evit\u00f3 el endeudamiento del pa\u00eds, sino todo lo contrario: se increment\u00f3 la deuda a un nivel hist\u00f3rico desde el a\u00f1o 2006 al 2024; pese a la promesa de <strong>L\u00f3pez Obrador<\/strong>\u2026<\/p>\n\n\n\n<p>(7)<br>En M\u00e9xico tenemos menos pobres, pero estamos m\u00e1s endeudados\u2026<\/p>\n\n\n\n<p><\/p>\n","protected":false},"excerpt":{"rendered":"<p>Jos\u00e9 Luis Ortega VidalClaroscuros El Instituto Nacional de Estad\u00edstica, Geograf\u00eda e Inform\u00e1tica (INEGI) inform\u00f3 el pasado 13 de agosto sobre los 13.4 millones de mexicanos que dejaron la pobreza multidimensional durante el sexenio del ex presidente Andr\u00e9s Manuel L\u00f3pez Obrador.El prestigio del INEGI \u2013algunos de cuyos datos le fueron compartidos por el Consejo Nacional de [&hellip;]<\/p>\n","protected":false},"author":2,"featured_media":141392,"comment_status":"closed","ping_status":"closed","sticky":false,"template":"","format":"standard","meta":{"_jetpack_newsletter_access":"","_jetpack_dont_email_post_to_subs":false,"_jetpack_newsletter_tier_id":0,"_jetpack_memberships_contains_paywalled_content":false,"_jetpack_memberships_contains_paid_content":false,"footnotes":""},"categories":[70],"tags":[45709,44627,45710,45711],"class_list":["post-151499","post","type-post","status-publish","format-standard","has-post-thumbnail","hentry","category-de-opinion","tag-crecimiento-deuda-sexenios","tag-deuda-publica-mexico","tag-inegi-pobreza-multidimensional","tag-sexenio-andres-manuel-lopez-obrador"],"jetpack_featured_media_url":"https:\/\/lospoliticosveracruz.com.mx\/wp-content\/uploads\/2025\/04\/Jose-Luis-Ortega-Vidal.jpg","jetpack_sharing_enabled":true,"jetpack_shortlink":"https:\/\/wp.me\/p4Qcd3-Dpx","_links":{"self":[{"href":"https:\/\/lospoliticosveracruz.com.mx\/index.php?rest_route=\/wp\/v2\/posts\/151499","targetHints":{"allow":["GET"]}}],"collection":[{"href":"https:\/\/lospoliticosveracruz.com.mx\/index.php?rest_route=\/wp\/v2\/posts"}],"about":[{"href":"https:\/\/lospoliticosveracruz.com.mx\/index.php?rest_route=\/wp\/v2\/types\/post"}],"author":[{"embeddable":true,"href":"https:\/\/lospoliticosveracruz.com.mx\/index.php?rest_route=\/wp\/v2\/users\/2"}],"replies":[{"embeddable":true,"href":"https:\/\/lospoliticosveracruz.com.mx\/index.php?rest_route=%2Fwp%2Fv2%2Fcomments&post=151499"}],"version-history":[{"count":2,"href":"https:\/\/lospoliticosveracruz.com.mx\/index.php?rest_route=\/wp\/v2\/posts\/151499\/revisions"}],"predecessor-version":[{"id":151501,"href":"https:\/\/lospoliticosveracruz.com.mx\/index.php?rest_route=\/wp\/v2\/posts\/151499\/revisions\/151501"}],"wp:featuredmedia":[{"embeddable":true,"href":"https:\/\/lospoliticosveracruz.com.mx\/index.php?rest_route=\/wp\/v2\/media\/141392"}],"wp:attachment":[{"href":"https:\/\/lospoliticosveracruz.com.mx\/index.php?rest_route=%2Fwp%2Fv2%2Fmedia&parent=151499"}],"wp:term":[{"taxonomy":"category","embeddable":true,"href":"https:\/\/lospoliticosveracruz.com.mx\/index.php?rest_route=%2Fwp%2Fv2%2Fcategories&post=151499"},{"taxonomy":"post_tag","embeddable":true,"href":"https:\/\/lospoliticosveracruz.com.mx\/index.php?rest_route=%2Fwp%2Fv2%2Ftags&post=151499"}],"curies":[{"name":"wp","href":"https:\/\/api.w.org\/{rel}","templated":true}]}}