{"id":151502,"date":"2025-08-27T21:25:46","date_gmt":"2025-08-28T02:25:46","guid":{"rendered":"https:\/\/lospoliticosveracruz.com.mx\/?p=151502"},"modified":"2025-08-27T21:26:00","modified_gmt":"2025-08-28T02:26:00","slug":"el-aniversario-del-banco-de-mexico-avance-del-paquete-economico-2026","status":"publish","type":"post","link":"https:\/\/lospoliticosveracruz.com.mx\/?p=151502","title":{"rendered":"EL ANIVERSARIO DEL BANCO DE M\u00c9XICO; AVANCE DEL PAQUETE ECON\u00d3MICO 2026"},"content":{"rendered":"\n\n\n<p><strong>Jos\u00e9 Luis Enr\u00edquez Ambell<\/strong><\/p>\n\n\n\n<p><em>Caf\u00e9 de ma\u00f1ana<\/em><\/p>\n\n\n\n<p>En ocasi\u00f3n del 100 aniversario de la fundaci\u00f3n del <strong>Banco de M\u00e9xico<\/strong> \u2014tambi\u00e9n llamado banco central\u2014 la presidenta <strong>Claudia Sheinbaum<\/strong> encabez\u00f3 el evento conmemorativo y fue puntual al decir: \u201csu labor no solo es t\u00e9cnica, sino profundamente social: mantener el poder adquisitivo de las familias y proteger a quienes menos tienen de los estragos de la inflaci\u00f3n\u201d.<\/p>\n\n\n\n<p>La <strong>Dra. Sheinbaum<\/strong> se\u00f1al\u00f3 tambi\u00e9n que en 100 a\u00f1os del <strong>Banco de M\u00e9xico<\/strong> podemos felicitarnos todos, por tener hoy un sistema financiero robusto, s\u00f3lido, con inflaci\u00f3n controlada y una moneda fuerte.<\/p>\n\n\n\n<p>Posterior a la <strong>Revoluci\u00f3n Mexicana<\/strong>, el gobierno tom\u00f3 la decisi\u00f3n de fundar una instituci\u00f3n que diera confianza, certidumbre y rumbo a la naciente econom\u00eda. Fue una decisi\u00f3n visionaria que ha rendido frutos durante generaciones, y escuchar estas palabras de parte de la presidenta es reconocer que hay instituciones que funcionan, y bien.<\/p>\n\n\n\n<p>Durante 2025, el <strong>Banco de M\u00e9xico (Banxico)<\/strong> ha continuado con su objetivo de controlar la inflaci\u00f3n mediante la pol\u00edtica de objetivos con base en pron\u00f3sticos, ajustando la tasa de inter\u00e9s de referencia a la baja, que en agosto de 2025 se ubic\u00f3 en 7.75%. El control de la inflaci\u00f3n se busca mantener dentro del rango de variabilidad del 3% +\/-1%, aunque los datos de julio de 2025 la colocaban en 3.51%, dentro del rango. Estas decisiones consideran factores como las expectativas de los especialistas, la actividad econ\u00f3mica global, las pol\u00edticas monetarias de otros pa\u00edses \u2014particularmente la <strong>Reserva Federal de Estados Unidos<\/strong>\u2014 y hasta el mal humor de <strong>Mr. Trump<\/strong>.<\/p>\n\n\n\n<p>En palabras de la presidenta: \u201cLa estabilidad de precios es condici\u00f3n necesaria para que las familias mexicanas mantengan el poder adquisitivo de sus ingresos y no disminuyan sus ahorros en t\u00e9rminos reales\u201d.<\/p>\n\n\n\n<p>Este control de la inflaci\u00f3n por parte del <strong>Banco de M\u00e9xico<\/strong> habr\u00e1 de ayudar mucho en relaci\u00f3n con la construcci\u00f3n del <strong>PEF 2026 (Paquete Econ\u00f3mico)<\/strong>, que en pr\u00f3ximos d\u00edas el Poder Ejecutivo, a trav\u00e9s de la <strong>SHCP<\/strong>, deber\u00e1 entregar al <strong>Poder Legislativo<\/strong>.<\/p>\n\n\n\n<p><strong>DE SOBREMESA<\/strong><\/p>\n\n\n\n<p>Si bien <strong>Morena<\/strong> tiene mayor\u00eda calificada en el <strong>Congreso de la Uni\u00f3n<\/strong> y no tendr\u00e1 problemas para aprobar el <strong>Paquete Econ\u00f3mico 2026<\/strong>, falta ver en qu\u00e9 gastar\u00e1 m\u00e1s el Gobierno el pr\u00f3ximo a\u00f1o.<\/p>\n\n\n\n<p>El presupuesto para los programas sociales aparecer\u00e1 como una de las partidas m\u00e1s relevantes, aunque no significa que todos los servidores puedan disponer libremente de esos recursos, pues las reglas de operaci\u00f3n incluyen candados.<\/p>\n\n\n\n<p><strong>UN CAF\u00c9 LECHERO LIGHT<\/strong><\/p>\n\n\n\n<p>El binomio <strong>Ricardo Monreal<\/strong> y <strong>Ad\u00e1n Augusto L\u00f3pez<\/strong> habr\u00e1 de aplicarse para sacar adelante la aprobaci\u00f3n del <strong>Presupuesto 2026<\/strong>. Ambos tienen talentos y capacidades de sobra para esa misi\u00f3n, pero sobre todo cuentan con la confianza de la presidenta <strong>Claudia Sheinbaum<\/strong>.<\/p>\n\n\n\n<p>Se espera que el <strong>Paquete Econ\u00f3mico 2026<\/strong> que entregar\u00e1 <strong>Hacienda<\/strong> \u201csea sin mayores sobresaltos ni sorpresas\u201d. Esto considerando que en 2025 la inversi\u00f3n p\u00fablica acumul\u00f3 un descenso cercano al 40% en t\u00e9rminos reales, mientras que en 2026 analistas presumen que aumente ante el impulso de proyectos de infraestructura carretera, hidr\u00e1ulica, de salud y otros.<\/p>\n\n\n\n<p><strong>UN CAF\u00c9 CON PILONCILLO<\/strong><\/p>\n\n\n\n<p>A m\u00e1s tardar el lunes 8 de septiembre, <strong>Edgar Amador<\/strong>, titular de <strong>Hacienda<\/strong>, entregar\u00e1 al <strong>H. Congreso de la Uni\u00f3n<\/strong> el <strong>Paquete Econ\u00f3mico 2026<\/strong> para su revisi\u00f3n, discusi\u00f3n y en su caso, aprobaci\u00f3n por los legisladores.<\/p>\n\n\n\n<p>Cabe decir que este paquete contiene dos propuestas: la <strong>Iniciativa de Ley de Ingresos de la Federaci\u00f3n (ILIF)<\/strong>, que especifica de d\u00f3nde obtendr\u00e1 el gobierno sus recursos; y el <strong>Proyecto de Presupuesto de Egresos de la Federaci\u00f3n (PPEF)<\/strong>, que establece en qu\u00e9 se gastar\u00e1 ese dinero.<\/p>\n\n\n\n<p><strong>UN CAF\u00c9 CON PIQUETE<\/strong><\/p>\n\n\n\n<p>La disciplina parlamentaria parece desconocida para algunos legisladores, como los senadores <strong>Fern\u00e1ndez Noro\u00f1a<\/strong> y <strong>Alito Moreno<\/strong>.<\/p>\n\n\n\n<p>El <strong>Reglamento Interior del Senado<\/strong> observa y describe la disciplina parlamentaria y las responsabilidades de los legisladores. Son responsables por faltas administrativas y disciplinarias en t\u00e9rminos de la <strong>Constituci\u00f3n<\/strong>, y la <strong>Ley General de Responsabilidades Administrativas<\/strong>. Y en los casos graves, el incumplimiento del deber y la falta de respeto a la instituci\u00f3n y sus miembros est\u00e1n sujetos a procedimientos y sanciones, pudiendo llegar incluso a la inhabilitaci\u00f3n.<\/p>\n\n\n\n<p>Independientemente de ello, los estatutos internos de sus partidos deber\u00edan llevar a aplicarles sanciones ejemplares. <strong>M\u00e9xico<\/strong> lo merece, m\u00e1s a\u00fan en v\u00edsperas del mes patrio.<\/p>\n\n\n\n<p>La conducta dentro del recinto legislativo y el respeto a las normas de las C\u00e1maras debe comenzar por ellos mismos.<\/p>\n\n\n\n<p>\u00a1ES CUANTO!<\/p>\n\n\n\n<p><strong><a>enriquezambell@gmail.com<\/a><\/strong><br><strong><a>enamjl62@gmail.com<\/a><\/strong><\/p>\n","protected":false},"excerpt":{"rendered":"<p>Jos\u00e9 Luis Enr\u00edquez Ambell Caf\u00e9 de ma\u00f1ana En ocasi\u00f3n del 100 aniversario de la fundaci\u00f3n del Banco de M\u00e9xico \u2014tambi\u00e9n llamado banco central\u2014 la presidenta Claudia Sheinbaum encabez\u00f3 el evento conmemorativo y fue puntual al decir: \u201csu labor no solo es t\u00e9cnica, sino profundamente social: mantener el poder adquisitivo de las familias y proteger a [&hellip;]<\/p>\n","protected":false},"author":2,"featured_media":141435,"comment_status":"closed","ping_status":"closed","sticky":false,"template":"","format":"standard","meta":{"_jetpack_newsletter_access":"","_jetpack_dont_email_post_to_subs":false,"_jetpack_newsletter_tier_id":0,"_jetpack_memberships_contains_paywalled_content":false,"_jetpack_memberships_contains_paid_content":false,"footnotes":""},"categories":[70],"tags":[],"class_list":["post-151502","post","type-post","status-publish","format-standard","has-post-thumbnail","hentry","category-de-opinion"],"jetpack_featured_media_url":"https:\/\/lospoliticosveracruz.com.mx\/wp-content\/uploads\/2025\/04\/Ambell.jpg","jetpack_sharing_enabled":true,"jetpack_shortlink":"https:\/\/wp.me\/p4Qcd3-DpA","_links":{"self":[{"href":"https:\/\/lospoliticosveracruz.com.mx\/index.php?rest_route=\/wp\/v2\/posts\/151502","targetHints":{"allow":["GET"]}}],"collection":[{"href":"https:\/\/lospoliticosveracruz.com.mx\/index.php?rest_route=\/wp\/v2\/posts"}],"about":[{"href":"https:\/\/lospoliticosveracruz.com.mx\/index.php?rest_route=\/wp\/v2\/types\/post"}],"author":[{"embeddable":true,"href":"https:\/\/lospoliticosveracruz.com.mx\/index.php?rest_route=\/wp\/v2\/users\/2"}],"replies":[{"embeddable":true,"href":"https:\/\/lospoliticosveracruz.com.mx\/index.php?rest_route=%2Fwp%2Fv2%2Fcomments&post=151502"}],"version-history":[{"count":2,"href":"https:\/\/lospoliticosveracruz.com.mx\/index.php?rest_route=\/wp\/v2\/posts\/151502\/revisions"}],"predecessor-version":[{"id":151504,"href":"https:\/\/lospoliticosveracruz.com.mx\/index.php?rest_route=\/wp\/v2\/posts\/151502\/revisions\/151504"}],"wp:featuredmedia":[{"embeddable":true,"href":"https:\/\/lospoliticosveracruz.com.mx\/index.php?rest_route=\/wp\/v2\/media\/141435"}],"wp:attachment":[{"href":"https:\/\/lospoliticosveracruz.com.mx\/index.php?rest_route=%2Fwp%2Fv2%2Fmedia&parent=151502"}],"wp:term":[{"taxonomy":"category","embeddable":true,"href":"https:\/\/lospoliticosveracruz.com.mx\/index.php?rest_route=%2Fwp%2Fv2%2Fcategories&post=151502"},{"taxonomy":"post_tag","embeddable":true,"href":"https:\/\/lospoliticosveracruz.com.mx\/index.php?rest_route=%2Fwp%2Fv2%2Ftags&post=151502"}],"curies":[{"name":"wp","href":"https:\/\/api.w.org\/{rel}","templated":true}]}}