{"id":151505,"date":"2025-08-27T22:29:00","date_gmt":"2025-08-28T03:29:00","guid":{"rendered":"https:\/\/lospoliticosveracruz.com.mx\/?p=151505"},"modified":"2025-08-27T21:49:53","modified_gmt":"2025-08-28T02:49:53","slug":"alito-vs-norona","status":"publish","type":"post","link":"https:\/\/lospoliticosveracruz.com.mx\/?p=151505","title":{"rendered":"ALITO vs NORO\u00d1A"},"content":{"rendered":"\n\n\n<p><strong>Salvador Mu\u00f1oz<\/strong><br><em>Los Pol\u00edticos<\/em><\/p>\n\n\n\n<p>Cualquier tipo de violencia, en el escenario que sea, es reprobable. No importa si eres priista y aplaudes a <strong>Alito<\/strong>\u2026 no importa si eres moreno y defiendes a <strong>Noro\u00f1a<\/strong>\u2026 el asunto es que al espect\u00e1culo que se vive sea en la <strong>C\u00e1mara Alta<\/strong> o en la <strong>Baja<\/strong>, con dimes y diretes, insultos, ofensas y dem\u00e1s, se le agregue la violencia f\u00edsica.<\/p>\n\n\n\n<p>Lo peor del asunto es que se vuelva chunga\u2026 desmadre\u2026 cotorreo\u2026 del show de las c\u00e1maras al show de las redes\u2026 <strong>Kid Botox<\/strong> contra <strong>Changole\u00f3n Noro\u00f1a<\/strong>.<\/p>\n\n\n\n<p>Lo peor es que tampoco podemos desentendernos de este show lamentable donde la fuerza bruta pretende imponerse sobre la fuerza mayoritaria\u2026 un escenario que curiosamente el partido que hoy comanda <strong>Alito<\/strong>, ejerci\u00f3 en sus mejores tiempos, con la sart\u00e9n por el mango\u2026<\/p>\n\n\n\n<p>As\u00ed que, bajo el riesgo de que nos agarren a madrazos los \u201c<strong>Alitovers<\/strong>\u201d y los \u201c<strong>Noro\u00f1afans<\/strong>\u201d, ah\u00ed les van nuestras observaciones al evento del <strong>Senado<\/strong> que protagonizaron entre el campechano y el defe\u00f1o:<\/p>\n\n\n\n<p>1 En el <strong>Senado<\/strong> ya no hay sesiones\u2026 hay \u201cfunciones\u201d: boletos en Ticketmaster; primera fila, \u00a1con casco incluido!<br>2 <strong>Kid Botox<\/strong> contra <strong>Changole\u00f3n Noro\u00f1a<\/strong> ser\u00e1 transmitido como <strong>PPE (Pago por Evento)<\/strong>. La <strong>UFC<\/strong> ya pidi\u00f3 derechos de transmisi\u00f3n.<br>3 La diferencia entre la <strong>C\u00e1mara Alta<\/strong> y la <strong>Baja<\/strong>: En la <strong>Alta<\/strong>, te fracturan hasta a los empleados del <strong>Senado<\/strong>; en la <strong>Baja<\/strong>, no pasa de mentadas de madre\u2026 hasta ahorita.<br>4 Emiliano es la prueba (sobre)viviente de que al menos en el <strong>Senado<\/strong> hay servicio m\u00e9dico dan\u00e9s\u2026 sali\u00f3 a la rueda de prensa atendido, vendado, con 15 d\u00edas de incapacidad \u00a1y sin esperar turno tres meses!<br>5 <strong>Noro\u00f1a<\/strong> llevaba porra en la trifulca\u2026 <strong>Alito<\/strong> llevaba porros a la trifulca\u2026<br>6 <strong>Fern\u00e1ndez Noro\u00f1a<\/strong> pedir\u00e1 cambiar el eslogan amlo\u00edsta de \u201cAbrazos, no Balazos\u201d a \u201cAbrazos, no Madrazos\u201d\u2026<br>7 Ahora s\u00ed, <strong>Alito<\/strong> solt\u00f3 la derecha mientras <strong>Noro\u00f1a<\/strong> ni la Izquierda meti\u00f3\u2026<br>8 Alguien vio a <strong>Miguel \u00c1ngel Yunes M\u00e1rquez<\/strong> o a <strong>Ad\u00e1n Augusto<\/strong> haci\u00e9ndole el quite a <strong>Noro\u00f1a<\/strong>? Yo tampoco vi a <strong>Manuel Huerta<\/strong>\u2026<br>9 Si quien hubiera lanzado el golpe, fuera <strong>Noro\u00f1a<\/strong>, <strong>Alito<\/strong> hubiera gritado: \u201c\u00a1En la cara no! \u00a1En la cara no!\u201d<br>10 Tras los hechos bochornosos en el <strong>Senado<\/strong>, no duden que <strong>Claudia Sheinbaum<\/strong> anuncie un nuevo programa de Salud: \u201cM\u00e9dico en tu esca\u00f1o\u201d\u2026<br>11 A como van las cosas, las pr\u00f3ximas sesiones las van a realizar en <strong>La Casa de los Famosos<\/strong> y s\u00ed, <strong>Alito<\/strong>, t\u00fa\u2026 t\u00fa\u2026 est\u00e1s nominado!<br>12 \u00a1No manchen! Tiene m\u00e1s emoci\u00f3n el encontronazo entre <strong>Alito<\/strong> y <strong>Noro\u00f1a<\/strong> que cualquier pelea del <strong>Canelo \u00c1lvarez<\/strong>!<br>13 Pues criticar\u00e1n al cirujano pl\u00e1stico de <strong>Alito<\/strong>, pero ahora s\u00ed, no se arrug\u00f3 ni con la amenaza de desafuero\u2026<br>14 <strong>Noro\u00f1a<\/strong> reta a madrazos a <strong>Alito<\/strong>, pero que sea a trav\u00e9s de tuitazos!<br>15 Qu\u00e9 creen que pase primero: \u00bfCae <strong>Alito<\/strong>? \u00bfO le cae az\u00facar a <strong>Noro\u00f1a<\/strong>?<\/p>\n\n\n\n<p>Conste! S\u00f3lo somos portadores de la chunga que genera el show que desde la <strong>c\u00e1mara alta<\/strong> nos brindan nuestros senadores\u2026 en lo particular, creo que <strong>Kid Botox<\/strong> se puso de pechito\u2026<\/p>\n","protected":false},"excerpt":{"rendered":"<p>Salvador Mu\u00f1ozLos Pol\u00edticos Cualquier tipo de violencia, en el escenario que sea, es reprobable. No importa si eres priista y aplaudes a Alito\u2026 no importa si eres moreno y defiendes a Noro\u00f1a\u2026 el asunto es que al espect\u00e1culo que se vive sea en la C\u00e1mara Alta o en la Baja, con dimes y diretes, insultos, [&hellip;]<\/p>\n","protected":false},"author":2,"featured_media":141805,"comment_status":"closed","ping_status":"closed","sticky":false,"template":"","format":"standard","meta":{"_jetpack_newsletter_access":"","_jetpack_dont_email_post_to_subs":false,"_jetpack_newsletter_tier_id":0,"_jetpack_memberships_contains_paywalled_content":false,"_jetpack_memberships_contains_paid_content":false,"footnotes":""},"categories":[70],"tags":[45722,45719,45718,45721,2646],"class_list":["post-151505","post","type-post","status-publish","format-standard","has-post-thumbnail","hentry","category-de-opinion","tag-camara-alta-violencia","tag-claudia-sheinbaum-congreso","tag-fernandez-norona-senado","tag-pelea-politica-mexico","tag-salvador-munoz"],"jetpack_featured_media_url":"https:\/\/lospoliticosveracruz.com.mx\/wp-content\/uploads\/2025\/04\/Chava-Munoz-1.jpg","jetpack_sharing_enabled":true,"jetpack_shortlink":"https:\/\/wp.me\/p4Qcd3-DpD","_links":{"self":[{"href":"https:\/\/lospoliticosveracruz.com.mx\/index.php?rest_route=\/wp\/v2\/posts\/151505","targetHints":{"allow":["GET"]}}],"collection":[{"href":"https:\/\/lospoliticosveracruz.com.mx\/index.php?rest_route=\/wp\/v2\/posts"}],"about":[{"href":"https:\/\/lospoliticosveracruz.com.mx\/index.php?rest_route=\/wp\/v2\/types\/post"}],"author":[{"embeddable":true,"href":"https:\/\/lospoliticosveracruz.com.mx\/index.php?rest_route=\/wp\/v2\/users\/2"}],"replies":[{"embeddable":true,"href":"https:\/\/lospoliticosveracruz.com.mx\/index.php?rest_route=%2Fwp%2Fv2%2Fcomments&post=151505"}],"version-history":[{"count":1,"href":"https:\/\/lospoliticosveracruz.com.mx\/index.php?rest_route=\/wp\/v2\/posts\/151505\/revisions"}],"predecessor-version":[{"id":151506,"href":"https:\/\/lospoliticosveracruz.com.mx\/index.php?rest_route=\/wp\/v2\/posts\/151505\/revisions\/151506"}],"wp:featuredmedia":[{"embeddable":true,"href":"https:\/\/lospoliticosveracruz.com.mx\/index.php?rest_route=\/wp\/v2\/media\/141805"}],"wp:attachment":[{"href":"https:\/\/lospoliticosveracruz.com.mx\/index.php?rest_route=%2Fwp%2Fv2%2Fmedia&parent=151505"}],"wp:term":[{"taxonomy":"category","embeddable":true,"href":"https:\/\/lospoliticosveracruz.com.mx\/index.php?rest_route=%2Fwp%2Fv2%2Fcategories&post=151505"},{"taxonomy":"post_tag","embeddable":true,"href":"https:\/\/lospoliticosveracruz.com.mx\/index.php?rest_route=%2Fwp%2Fv2%2Ftags&post=151505"}],"curies":[{"name":"wp","href":"https:\/\/api.w.org\/{rel}","templated":true}]}}