{"id":151507,"date":"2025-08-27T22:03:39","date_gmt":"2025-08-28T03:03:39","guid":{"rendered":"https:\/\/lospoliticosveracruz.com.mx\/?p=151507"},"modified":"2025-08-27T22:04:03","modified_gmt":"2025-08-28T03:04:03","slug":"vocacion-magisterial-digna-de-aplaudir","status":"publish","type":"post","link":"https:\/\/lospoliticosveracruz.com.mx\/?p=151507","title":{"rendered":"VOCACI\u00d3N MAGISTERIAL, DIGNA DE APLAUDIR"},"content":{"rendered":"\n\n\n<p><strong>Trujyper<\/strong><\/p>\n\n\n\n<p><em>Verba Brava<\/em><\/p>\n\n\n\n<p>Los humanos tenemos manifestaciones emotivas, ninguno estamos apartados de sentir emociones, es parte esencial de la vida humana y en consecuencia originamos respuestas a est\u00edmulos en todo lo que hacemos o dejamos de hacer.<\/p>\n\n\n\n<p>El ciclo escolar 2025-26 que est\u00e1 por iniciar contempla que alrededor de dos millones de escolapios regresar\u00e1n a clases, motivados por ver y convivir escolarmente con compa\u00f1eros o amigos, por la emoci\u00f3n de estar en nuevos grupos y por tener otros profesores en grado diferente, adquirir conocimientos nuevos les motiva el cambio a seguir instruy\u00e9ndose; armas para combatir o defenderse y herramientas para trabajar en la vida.<\/p>\n\n\n\n<p>Miles de profesores; los ap\u00f3stoles que ejercen por vocaci\u00f3n y los bur\u00f3cratas de la educaci\u00f3n que lo hacen por el salario, regresar\u00e1n a las aulas despu\u00e9s de unas semanas de receso (las vacaciones son en diciembre).<\/p>\n\n\n\n<p>La gobernadora Roc\u00edo Nahle y la secretaria de Educaci\u00f3n, Claudia Tello, han externado que ser\u00e1 en 25 mil centros escolares donde \u201ccon orden y rumbo\u201d \u00bfantes no lo hab\u00eda? arrancar\u00e1 la actividad. Supuestamente de parte de autoridades escolares hubo \u201cvisitas a territorio, asambleas y di\u00e1logos directos con directores lo que permiti\u00f3 levantar diagn\u00f3sticos sobre las necesidades espec\u00edficas de cada plantel\u201d bueno, eso dicen y de eso se jactaron.<\/p>\n\n\n\n<p>Han manifestado las f\u00e9minas empoderadas que han hecho llegar 93 mil cuadernillos a Supervisiones y Jefaturas de sector para que los Consejos T\u00e9cnicos inicien actividades en la pr\u00e1ctica de la Nueva Escuela Mexicana.<\/p>\n\n\n\n<p>Burocr\u00e1ticamente podr\u00eda decirse que el tal cuadernillo lo utiliza la autoridad escolar de motivaci\u00f3n para el inicio de un a\u00f1o escolar, no m\u00e1s, no hay mayor argumento, no hay discurso para profesores, docentes y maestros.<\/p>\n\n\n\n<p>Sin embargo en Veracruz, a\u00fan existen profesores vinculados con su profesi\u00f3n, de los que \u201csienten\u201d la labor magisterial como parte de su existencia; narrar\u00e9 a continuaci\u00f3n el caso ejemplar de entrega profesional de un director de una escuela primaria en la Sierra de Chiconquiaco.<\/p>\n\n\n\n<p>Durante los Consejos T\u00e9cnicos de zona, un joven director al frente de 400 alumnos con un cuerpo de 20 profesores de grupo, ide\u00f3 una forma inteligente y novedosa para motivar a su equipo docente a punto de iniciar actividades, utiliz\u00f3 recurso econ\u00f3mico propio, mucho ingenio y ganas enormes por animar profesionalmente al personal que se para frente a grupo.<\/p>\n\n\n\n<p>Entr\u00f3 al sal\u00f3n de pr\u00e1cticas donde tomaba curso su personal, cargaba en la espalda cual \u201cEl P\u00edpila\u201d una enorme caja al estilo de repartidores de alimentos y pizza, obviamente el personal se sorprendi\u00f3 al ver al director en menester de entregar alimentos, supon\u00edan. El director descans\u00f3 la caja en el escritorio, lo abri\u00f3 cuidadosamente y reparti\u00f3 a cada profesor una caja aparentemente con alimento indic\u00e1ndoles no lo abrieran sino hasta que \u00e9l diera la instrucci\u00f3n.<\/p>\n\n\n\n<p>Una vez que todos ten\u00edan su caja les solicit\u00f3 la abrieran al mismo tiempo, cuando ya salivaban y supon\u00edan encontrar\u00edan pambazos de papa con longaniza, pizza de peperoni, garnachas de Rinconada, picadas jarochas, gordas de frijol o molotes quedaron boquiabiertos, gratamente sorprendidos y estupefactos.<\/p>\n\n\n\n<p>El contenido de la cajas eran plumines, marcadores, engrapadoras, paquete de hojas, reglas y materiales de uso diario de todo profesor. Un obsequio inesperado.<\/p>\n\n\n\n<p>Obviamente el discurso del director fue invitarlos a que en el nuevo ciclo escolar continuaran con su labor formativa de educandos ofreciendo su mejor esfuerzo y entregando lo mejor de su profesi\u00f3n a esos alumnos de zona serrana veracruzana.<\/p>\n\n\n\n<p>Alg\u00fan profesor presente tuvo la oportunidad de grabar todo el pasaje que subi\u00f3 a redes mismo que se viraliz\u00f3.<\/p>\n\n\n\n<p>&nbsp;Quiz\u00e1 la gobernadora Nahle y la secretaria Tello tuvieran unos minutos para calificar y valorar la iniciativa de un profesor joven de los denominados \u201cap\u00f3stoles de la educaci\u00f3n\u201d sobre todo, sentir la energ\u00eda positiva que caus\u00f3 el peque\u00f1o pero significativo detalle motivacional para docentes.<\/p>\n\n\n\n<p>Ah, se me olvidaba, el director de primaria es Alberto Arriaga Siordia, de la escuela Lic. \u00c1ngel Carvajal, en Miahuatl\u00e1n, Veracruz, por si les sirve el dato.<\/p>\n\n\n\n<p>(Lo plasmado en Verba Brava es responsabilidad de quien lo redacta. La Casa Editorial no influye ni participa del criterio expuesto.)<\/p>\n","protected":false},"excerpt":{"rendered":"<p>Trujyper Verba Brava Los humanos tenemos manifestaciones emotivas, ninguno estamos apartados de sentir emociones, es parte esencial de la vida humana y en consecuencia originamos respuestas a est\u00edmulos en todo lo que hacemos o dejamos de hacer. El ciclo escolar 2025-26 que est\u00e1 por iniciar contempla que alrededor de dos millones de escolapios regresar\u00e1n a [&hellip;]<\/p>\n","protected":false},"author":2,"featured_media":131514,"comment_status":"closed","ping_status":"closed","sticky":false,"template":"","format":"standard","meta":{"_jetpack_newsletter_access":"","_jetpack_dont_email_post_to_subs":false,"_jetpack_newsletter_tier_id":0,"_jetpack_memberships_contains_paywalled_content":false,"_jetpack_memberships_contains_paid_content":false,"footnotes":""},"categories":[70],"tags":[],"class_list":["post-151507","post","type-post","status-publish","format-standard","has-post-thumbnail","hentry","category-de-opinion"],"jetpack_featured_media_url":"https:\/\/lospoliticosveracruz.com.mx\/wp-content\/uploads\/2024\/10\/Trujyper.jpg","jetpack_sharing_enabled":true,"jetpack_shortlink":"https:\/\/wp.me\/p4Qcd3-DpF","_links":{"self":[{"href":"https:\/\/lospoliticosveracruz.com.mx\/index.php?rest_route=\/wp\/v2\/posts\/151507","targetHints":{"allow":["GET"]}}],"collection":[{"href":"https:\/\/lospoliticosveracruz.com.mx\/index.php?rest_route=\/wp\/v2\/posts"}],"about":[{"href":"https:\/\/lospoliticosveracruz.com.mx\/index.php?rest_route=\/wp\/v2\/types\/post"}],"author":[{"embeddable":true,"href":"https:\/\/lospoliticosveracruz.com.mx\/index.php?rest_route=\/wp\/v2\/users\/2"}],"replies":[{"embeddable":true,"href":"https:\/\/lospoliticosveracruz.com.mx\/index.php?rest_route=%2Fwp%2Fv2%2Fcomments&post=151507"}],"version-history":[{"count":1,"href":"https:\/\/lospoliticosveracruz.com.mx\/index.php?rest_route=\/wp\/v2\/posts\/151507\/revisions"}],"predecessor-version":[{"id":151508,"href":"https:\/\/lospoliticosveracruz.com.mx\/index.php?rest_route=\/wp\/v2\/posts\/151507\/revisions\/151508"}],"wp:featuredmedia":[{"embeddable":true,"href":"https:\/\/lospoliticosveracruz.com.mx\/index.php?rest_route=\/wp\/v2\/media\/131514"}],"wp:attachment":[{"href":"https:\/\/lospoliticosveracruz.com.mx\/index.php?rest_route=%2Fwp%2Fv2%2Fmedia&parent=151507"}],"wp:term":[{"taxonomy":"category","embeddable":true,"href":"https:\/\/lospoliticosveracruz.com.mx\/index.php?rest_route=%2Fwp%2Fv2%2Fcategories&post=151507"},{"taxonomy":"post_tag","embeddable":true,"href":"https:\/\/lospoliticosveracruz.com.mx\/index.php?rest_route=%2Fwp%2Fv2%2Ftags&post=151507"}],"curies":[{"name":"wp","href":"https:\/\/api.w.org\/{rel}","templated":true}]}}