{"id":151542,"date":"2025-08-28T15:50:05","date_gmt":"2025-08-28T20:50:05","guid":{"rendered":"https:\/\/lospoliticosveracruz.com.mx\/?p=151542"},"modified":"2025-08-28T15:50:27","modified_gmt":"2025-08-28T20:50:27","slug":"emilio-olvera-pierde-impugnacion","status":"publish","type":"post","link":"https:\/\/lospoliticosveracruz.com.mx\/?p=151542","title":{"rendered":"EMILIO OLVERA PIERDE IMPUGNACI\u00d3N!"},"content":{"rendered":"\n\n\n<p>La Sala Regional Xalapa del Tribunal Electoral del Poder Judicial de la Federaci\u00f3n (TEPJF) dio la raz\u00f3n a Adanely Rodr\u00edguez, candidata de Morena, al confirmar que el Tribunal Electoral de Veracruz actu\u00f3 correctamente al reconocer su derecho de pedir el recuento total de los votos.<\/p>\n\n\n\n<p>Con esta decisi\u00f3n se dejaron sin efecto los argumentos de Emilio Olvera, y se dej\u00f3 en claro que las candidaturas no pueden ser castigadas por responsabilidades que corresponden a los partidos. Adanely Rodr\u00edguez defendi\u00f3 lo que le corresponde: la certeza en la elecci\u00f3n y el respeto a la voluntad ciudadana.<\/p>\n\n\n\n<p>La Sala Regional tambi\u00e9n se\u00f1al\u00f3 que, ante las irregularidades que se presentaron, lo m\u00e1s importante era dar prioridad a la voz de la gente expresada en las urnas, por encima de cualquier formalismo.<\/p>\n\n\n\n<p>Este fallo confirma que la voluntad popular debe estar por encima de los intereses individuales y que los votos de la ciudadan\u00eda deben ser respetados siempre. Para Morena y para Adanely Rodr\u00edguez, se trata de un paso m\u00e1s en la defensa de la democracia en Veracruz.<\/p>\n","protected":false},"excerpt":{"rendered":"<p>La Sala Regional Xalapa del Tribunal Electoral del Poder Judicial de la Federaci\u00f3n (TEPJF) dio la raz\u00f3n a Adanely Rodr\u00edguez, candidata de Morena, al confirmar que el Tribunal Electoral de Veracruz actu\u00f3 correctamente al reconocer su derecho de pedir el recuento total de los votos. Con esta decisi\u00f3n se dejaron sin efecto los argumentos de [&hellip;]<\/p>\n","protected":false},"author":2,"featured_media":151543,"comment_status":"closed","ping_status":"closed","sticky":false,"template":"","format":"standard","meta":{"_jetpack_newsletter_access":"","_jetpack_dont_email_post_to_subs":false,"_jetpack_newsletter_tier_id":0,"_jetpack_memberships_contains_paywalled_content":false,"_jetpack_memberships_contains_paid_content":false,"footnotes":""},"categories":[73],"tags":[45732,45731,45730,6753],"class_list":["post-151542","post","type-post","status-publish","format-standard","has-post-thumbnail","hentry","category-de-boleto","tag-emilio-olvera-impugnacion","tag-recuento-de-votos-veracruz","tag-tepjf-sala-regional-xalapa","tag-tribunal-electoral-de-veracruz"],"jetpack_featured_media_url":"https:\/\/lospoliticosveracruz.com.mx\/wp-content\/uploads\/2025\/08\/IMG_6460.jpeg","jetpack_sharing_enabled":true,"jetpack_shortlink":"https:\/\/wp.me\/p4Qcd3-Dqe","_links":{"self":[{"href":"https:\/\/lospoliticosveracruz.com.mx\/index.php?rest_route=\/wp\/v2\/posts\/151542","targetHints":{"allow":["GET"]}}],"collection":[{"href":"https:\/\/lospoliticosveracruz.com.mx\/index.php?rest_route=\/wp\/v2\/posts"}],"about":[{"href":"https:\/\/lospoliticosveracruz.com.mx\/index.php?rest_route=\/wp\/v2\/types\/post"}],"author":[{"embeddable":true,"href":"https:\/\/lospoliticosveracruz.com.mx\/index.php?rest_route=\/wp\/v2\/users\/2"}],"replies":[{"embeddable":true,"href":"https:\/\/lospoliticosveracruz.com.mx\/index.php?rest_route=%2Fwp%2Fv2%2Fcomments&post=151542"}],"version-history":[{"count":1,"href":"https:\/\/lospoliticosveracruz.com.mx\/index.php?rest_route=\/wp\/v2\/posts\/151542\/revisions"}],"predecessor-version":[{"id":151544,"href":"https:\/\/lospoliticosveracruz.com.mx\/index.php?rest_route=\/wp\/v2\/posts\/151542\/revisions\/151544"}],"wp:featuredmedia":[{"embeddable":true,"href":"https:\/\/lospoliticosveracruz.com.mx\/index.php?rest_route=\/wp\/v2\/media\/151543"}],"wp:attachment":[{"href":"https:\/\/lospoliticosveracruz.com.mx\/index.php?rest_route=%2Fwp%2Fv2%2Fmedia&parent=151542"}],"wp:term":[{"taxonomy":"category","embeddable":true,"href":"https:\/\/lospoliticosveracruz.com.mx\/index.php?rest_route=%2Fwp%2Fv2%2Fcategories&post=151542"},{"taxonomy":"post_tag","embeddable":true,"href":"https:\/\/lospoliticosveracruz.com.mx\/index.php?rest_route=%2Fwp%2Fv2%2Ftags&post=151542"}],"curies":[{"name":"wp","href":"https:\/\/api.w.org\/{rel}","templated":true}]}}