{"id":151552,"date":"2025-08-28T18:12:17","date_gmt":"2025-08-28T23:12:17","guid":{"rendered":"https:\/\/lospoliticosveracruz.com.mx\/?p=151552"},"modified":"2025-08-28T18:12:54","modified_gmt":"2025-08-28T23:12:54","slug":"poza-rica-lo-sabe","status":"publish","type":"post","link":"https:\/\/lospoliticosveracruz.com.mx\/?p=151552","title":{"rendered":"POZA RICA LO SABE!"},"content":{"rendered":"\n\n\n<p><br>El dirigente estatal de\u00a0<strong>Morena en Veracruz, Esteban Ram\u00edrez Zepeta<\/strong>, celebr\u00f3 la resoluci\u00f3n un\u00e1nime de la\u00a0<strong>Sala Regional Xalapa del Tribunal Electoral del Poder Judicial de la Federaci\u00f3n (TEPJF)<\/strong>, que respald\u00f3 la voluntad ciudadana en\u00a0<strong>Poza Rica<\/strong>\u00a0al confirmar el recuento voto por voto, casilla por casilla.<\/p>\n\n\n\n<p>\u201cLas y los magistrados electorales federales ratificaron que es v\u00e1lido el voto por voto, casilla por casilla. Esta decisi\u00f3n refrenda que la voluntad del pueblo es la que prevalece\u201d, resalt\u00f3&nbsp;<strong>Ram\u00edrez Zepeta<\/strong>.<\/p>\n\n\n\n<p>La&nbsp;<strong>Sala Regional<\/strong>&nbsp;ratific\u00f3 el recuento de 51 paquetes electorales, confirmando lo previamente resuelto por el&nbsp;<strong>Tribunal Electoral de Veracruz (TEV)<\/strong>. De manera un\u00e1nime, las y los magistrados avalaron que mediante esta revisi\u00f3n se garantiza el principio de m\u00e1xima publicidad y transparencia, lo cual fortalece la confianza en el proceso electoral.<\/p>\n\n\n\n<p>\u201cEn&nbsp;<strong>Morena<\/strong>&nbsp;creemos que la democracia se robustece cuando se respeta lo que la gente decidi\u00f3 libremente. Hoy, la Sala Regional confirma lo que el pueblo ya expres\u00f3 en las urnas\u201d, concluy\u00f3&nbsp;<strong>Esteban Ram\u00edrez Zepeta<\/strong>.<\/p>\n","protected":false},"excerpt":{"rendered":"<p>El dirigente estatal de\u00a0Morena en Veracruz, Esteban Ram\u00edrez Zepeta, celebr\u00f3 la resoluci\u00f3n un\u00e1nime de la\u00a0Sala Regional Xalapa del Tribunal Electoral del Poder Judicial de la Federaci\u00f3n (TEPJF), que respald\u00f3 la voluntad ciudadana en\u00a0Poza Rica\u00a0al confirmar el recuento voto por voto, casilla por casilla. \u201cLas y los magistrados electorales federales ratificaron que es v\u00e1lido el voto [&hellip;]<\/p>\n","protected":false},"author":2,"featured_media":151553,"comment_status":"closed","ping_status":"closed","sticky":false,"template":"","format":"standard","meta":{"_jetpack_newsletter_access":"","_jetpack_dont_email_post_to_subs":false,"_jetpack_newsletter_tier_id":0,"_jetpack_memberships_contains_paywalled_content":false,"_jetpack_memberships_contains_paid_content":false,"footnotes":""},"categories":[73],"tags":[44264,45745,45744,45358],"class_list":["post-151552","post","type-post","status-publish","format-standard","has-post-thumbnail","hentry","category-de-boleto","tag-esteban-ramirez-zepeta-morena","tag-poza-rica-recuento-votos","tag-sala-regional-xalapa-tepjf","tag-tribunal-electoral-de-veracruz-tev"],"jetpack_featured_media_url":"https:\/\/lospoliticosveracruz.com.mx\/wp-content\/uploads\/2025\/08\/IMG_6480.jpeg","jetpack_sharing_enabled":true,"jetpack_shortlink":"https:\/\/wp.me\/p4Qcd3-Dqo","_links":{"self":[{"href":"https:\/\/lospoliticosveracruz.com.mx\/index.php?rest_route=\/wp\/v2\/posts\/151552","targetHints":{"allow":["GET"]}}],"collection":[{"href":"https:\/\/lospoliticosveracruz.com.mx\/index.php?rest_route=\/wp\/v2\/posts"}],"about":[{"href":"https:\/\/lospoliticosveracruz.com.mx\/index.php?rest_route=\/wp\/v2\/types\/post"}],"author":[{"embeddable":true,"href":"https:\/\/lospoliticosveracruz.com.mx\/index.php?rest_route=\/wp\/v2\/users\/2"}],"replies":[{"embeddable":true,"href":"https:\/\/lospoliticosveracruz.com.mx\/index.php?rest_route=%2Fwp%2Fv2%2Fcomments&post=151552"}],"version-history":[{"count":2,"href":"https:\/\/lospoliticosveracruz.com.mx\/index.php?rest_route=\/wp\/v2\/posts\/151552\/revisions"}],"predecessor-version":[{"id":151555,"href":"https:\/\/lospoliticosveracruz.com.mx\/index.php?rest_route=\/wp\/v2\/posts\/151552\/revisions\/151555"}],"wp:featuredmedia":[{"embeddable":true,"href":"https:\/\/lospoliticosveracruz.com.mx\/index.php?rest_route=\/wp\/v2\/media\/151553"}],"wp:attachment":[{"href":"https:\/\/lospoliticosveracruz.com.mx\/index.php?rest_route=%2Fwp%2Fv2%2Fmedia&parent=151552"}],"wp:term":[{"taxonomy":"category","embeddable":true,"href":"https:\/\/lospoliticosveracruz.com.mx\/index.php?rest_route=%2Fwp%2Fv2%2Fcategories&post=151552"},{"taxonomy":"post_tag","embeddable":true,"href":"https:\/\/lospoliticosveracruz.com.mx\/index.php?rest_route=%2Fwp%2Fv2%2Ftags&post=151552"}],"curies":[{"name":"wp","href":"https:\/\/api.w.org\/{rel}","templated":true}]}}