{"id":151556,"date":"2025-08-28T18:53:49","date_gmt":"2025-08-28T23:53:49","guid":{"rendered":"https:\/\/lospoliticosveracruz.com.mx\/?p=151556"},"modified":"2025-08-28T18:54:04","modified_gmt":"2025-08-28T23:54:04","slug":"para-que-haya-buenas-cuentas","status":"publish","type":"post","link":"https:\/\/lospoliticosveracruz.com.mx\/?p=151556","title":{"rendered":"PARA QUE HAYA BUENAS CUENTAS!"},"content":{"rendered":"\n\n\n<p><\/p>\n\n\n\n<p>El Congreso del Estado, a trav\u00e9s de la Secretar\u00eda de Fiscalizaci\u00f3n, imparti\u00f3 el curso \u201cElaboraci\u00f3n y presentaci\u00f3n del Proyecto de Ley de Ingresos, Presupuesto de Egresos y Plantilla de Personal 2026\u201d a 360 autoridades municipales del estado, a fin de proporcionarles los elementos t\u00e9cnicos y normativos para la elaboraci\u00f3n y presentaci\u00f3n de dichos documentos.<\/p>\n\n\n\n<p>Al inicio de los trabajos, que se realizaron mediante la modalidad virtual desde el Palacio Legislativo, la titular de la Secretar\u00eda de Fiscalizaci\u00f3n, Alma Leticia Pati\u00f1o Gabriel, reiter\u00f3 a integrantes y titulares de las Comisiones de Hacienda y Patrimonio Municipal, Tesorer\u00edas, Contralor\u00edas y Contralor\u00edas Municipales, el compromiso de la LXVII Legislatura de acompa\u00f1ar a los ayuntamientos en el fortalecimiento de sus procesos administrativos \u201csiempre con apego a la transparencia, la rendici\u00f3n de cuentas y el servicio a la ciudadan\u00eda\u201d.<\/p>\n\n\n\n<p>La funcionaria reconoci\u00f3 la atenci\u00f3n, el inter\u00e9s y compromiso de las autoridades participantes y expres\u00f3 su confianza en que este curso \u201cser\u00e1 de gran utilidad para el cumplimiento de sus responsabilidades y para consolidar una gesti\u00f3n p\u00fablica m\u00e1s eficiente y ordenada\u201d.<\/p>\n\n\n\n<p>La exposici\u00f3n estuvo a cargo de la directora de Normatividad, Control y Seguimiento, Ana Alejandra Ceballos Garc\u00eda, quien present\u00f3 el Marco Normativo; el director de Auditoria y Revisi\u00f3n Financiera, Aurelio Rivera Galindo, explic\u00f3 lo referente al Presupuesto de Egresos; el encargado del Departamento de Capacitaci\u00f3n, Asesor\u00eda, Revisi\u00f3n y Supervisi\u00f3n a Municipio, Juan Carlos Pati\u00f1o P\u00e9rez, habl\u00f3 de la Ley de Ingresos, y el jefe del Departamento de Registro y Deuda P\u00fablica, Josu\u00e9 Adri\u00e1n Flores Pineda, de la Ley de Disciplina Financiera.<\/p>\n","protected":false},"excerpt":{"rendered":"<p>El Congreso del Estado, a trav\u00e9s de la Secretar\u00eda de Fiscalizaci\u00f3n, imparti\u00f3 el curso \u201cElaboraci\u00f3n y presentaci\u00f3n del Proyecto de Ley de Ingresos, Presupuesto de Egresos y Plantilla de Personal 2026\u201d a 360 autoridades municipales del estado, a fin de proporcionarles los elementos t\u00e9cnicos y normativos para la elaboraci\u00f3n y presentaci\u00f3n de dichos documentos. Al [&hellip;]<\/p>\n","protected":false},"author":2,"featured_media":151557,"comment_status":"closed","ping_status":"closed","sticky":false,"template":"","format":"standard","meta":{"_jetpack_newsletter_access":"","_jetpack_dont_email_post_to_subs":false,"_jetpack_newsletter_tier_id":0,"_jetpack_memberships_contains_paywalled_content":false,"_jetpack_memberships_contains_paid_content":false,"footnotes":""},"categories":[43718],"tags":[],"class_list":["post-151556","post","type-post","status-publish","format-standard","has-post-thumbnail","hentry","category-elpalaciodeencanto"],"jetpack_featured_media_url":"https:\/\/lospoliticosveracruz.com.mx\/wp-content\/uploads\/2025\/08\/WhatsApp-Image-2025-08-28-at-17.50.15.jpeg","jetpack_sharing_enabled":true,"jetpack_shortlink":"https:\/\/wp.me\/p4Qcd3-Dqs","_links":{"self":[{"href":"https:\/\/lospoliticosveracruz.com.mx\/index.php?rest_route=\/wp\/v2\/posts\/151556","targetHints":{"allow":["GET"]}}],"collection":[{"href":"https:\/\/lospoliticosveracruz.com.mx\/index.php?rest_route=\/wp\/v2\/posts"}],"about":[{"href":"https:\/\/lospoliticosveracruz.com.mx\/index.php?rest_route=\/wp\/v2\/types\/post"}],"author":[{"embeddable":true,"href":"https:\/\/lospoliticosveracruz.com.mx\/index.php?rest_route=\/wp\/v2\/users\/2"}],"replies":[{"embeddable":true,"href":"https:\/\/lospoliticosveracruz.com.mx\/index.php?rest_route=%2Fwp%2Fv2%2Fcomments&post=151556"}],"version-history":[{"count":1,"href":"https:\/\/lospoliticosveracruz.com.mx\/index.php?rest_route=\/wp\/v2\/posts\/151556\/revisions"}],"predecessor-version":[{"id":151558,"href":"https:\/\/lospoliticosveracruz.com.mx\/index.php?rest_route=\/wp\/v2\/posts\/151556\/revisions\/151558"}],"wp:featuredmedia":[{"embeddable":true,"href":"https:\/\/lospoliticosveracruz.com.mx\/index.php?rest_route=\/wp\/v2\/media\/151557"}],"wp:attachment":[{"href":"https:\/\/lospoliticosveracruz.com.mx\/index.php?rest_route=%2Fwp%2Fv2%2Fmedia&parent=151556"}],"wp:term":[{"taxonomy":"category","embeddable":true,"href":"https:\/\/lospoliticosveracruz.com.mx\/index.php?rest_route=%2Fwp%2Fv2%2Fcategories&post=151556"},{"taxonomy":"post_tag","embeddable":true,"href":"https:\/\/lospoliticosveracruz.com.mx\/index.php?rest_route=%2Fwp%2Fv2%2Ftags&post=151556"}],"curies":[{"name":"wp","href":"https:\/\/api.w.org\/{rel}","templated":true}]}}