{"id":151647,"date":"2025-08-30T01:20:33","date_gmt":"2025-08-30T06:20:33","guid":{"rendered":"https:\/\/lospoliticosveracruz.com.mx\/?p=151647"},"modified":"2025-08-30T01:20:33","modified_gmt":"2025-08-30T06:20:33","slug":"entre-nahle-y-carlos-manzo-la-voluntad-politica","status":"publish","type":"post","link":"https:\/\/lospoliticosveracruz.com.mx\/?p=151647","title":{"rendered":"ENTRE NAHLE Y CARLOS MANZO, LA VOLUNTAD POL\u00cdTICA"},"content":{"rendered":"\n<p><strong>Ricardo Chua<\/strong><\/p>\n\n\n\n<p><em>Sale y Vale<\/em><\/p>\n\n\n\n\n\n<p>Si en Veracruz llevamos meses metidos en conflictos graves de inseguridad.. Que el gobierno estatal de Roc\u00edo Nahle, no ha podido resolver y se ve muy lejano que esto pueda mejorar para la tranquilidad de la sociedad veracruzana.. Ante todos estos hechos, muchos se preguntan: D\u00f3nde est\u00e1 la VOLUNTAD POL\u00cdTICA en Veracruz para resolverlo.. Y ven el ejemplo que est\u00e1 dando Carlos Manzo, el alcalde independiente de Uruapan, Michoac\u00e1n.. Que est\u00e1 haciendo AGENDA NACIONAL en temas de seguridad.. Ya que \u00e9l s\u00f3lo con una inversi\u00f3n del ayuntamiento con sus polic\u00edas municipales, est\u00e1n combatiendo con todo al crimen organizado.. Y est\u00e1n dando resultado.. Mientras que en Veracruz con todos sus recursos.. No est\u00e1n cumpliendo con esa tarea..<\/p>\n\n\n\n<p>Manzo en Uruapan ha invertido en sus polic\u00edas, equipamiento e inteligencia, que ha logrado detener al \u00abjefe\u00bb de la plaza de un poderoso c\u00e1rtel de la delincuencia organizada.. Siendo s\u00f3lo un alcalde, mientras que gobernadores como Roc\u00edo Nahle, en Veracruz, que tienen todo la fuerza del Estado y el RESPALDO del gobierno federal, est\u00e1n muy pasivos, tolerantes, renunciando a la potestad de la fuerza letal que tiene un gobierno estatal para contener la inseguridad.. En cambio, el alcalde, Carlos Manzo ha mantenido una firmeza para combatir los niveles de inseguridad.. A pesar de que lo han dejado ABANDONADO el gobierno estatal y federal.. Y \u00e9l s\u00f3lo con su polic\u00eda municipal, le hace frente a esos hechos delictivos para que este municipio se encuentre en paz..<\/p>\n\n\n\n<p>Caso contrario en Veracruz.. Donde el tema de la inseguridad es real.. Dado que es una crisis que se agudiza d\u00eda a d\u00eda, por m\u00e1s que tratan de minimizarlo, para que no choque y no se agudice la NARRATIVA sobre este tema.. Tanto en el gobierno federal, as\u00ed como pasa en los Estados Unidos Americanos, que anda con los se\u00f1alamientos de los \u00abnarco gobiernos\u00bb o \u00abnarco\u00bb MORENA en el pa\u00eds.. Pero en territorios como Veracruz se agudizan, prueba de ello en Veracruz siguen ocurriendo cr\u00edmenes de alto impacto y pol\u00edticos.. Como el asesinato del ex alcalde de MORENA de Las Minas.. El asesinato de un empresario en Orizaba por \u00abcobro de piso\u00bb aunque las autoridades digan que no.. Y las narcomantas de ayer en Tuxpan y Poza Rica..<\/p>\n\n\n\n<p>A pesar de que finalmente es Omar Garc\u00eda Harfuch, el que est\u00e1 entrando de frente a todos esos problemas con la Guardia Nacional.. Rebasando con todo a la polic\u00eda del Estado.. Motivo por el cual, se ve un \u00abvac\u00edo\u00bb brutal de poder.. Por m\u00e1s que Roc\u00edo Nahle quiere y pretende mandar un mensaje de que todo est\u00e1 bien.. Que no pasa nada para no \u00abjalar\u00bb los reflectores estatales y nacionales.. Ya que finalmente este gobierno estatal enfrenta otro tipo de problemas, igual de graves.. Uno de ellos es la falta de dinero, por eso se habla mucho de la RENEGOCIACI\u00d3N DE LA DEUDA.. Y no le quedar\u00e1 de otra, que pedir que le bajen los intereses y poder tener capacidad de negociaci\u00f3n y de liquidez..<\/p>\n\n\n\n<p>Para nadie es un secreto en Veracruz.. Que hay una crisis brutal en todos los sentidos.. Prueba de ello, que no se ha podido cumplir con el caso del abastecimiento m\u00e9dico.. No han podido cumplir su compromiso con los ganaderos y el tema del gusano barrenador con las afectaciones que dej\u00f3.. Porque no hay dinero.. No hay recursos para nada, es una crisis brutal.. El tema del dengue est\u00e1 en todos lados, el tema de los medicamentos oncol\u00f3gicos y si a eso le suman a la INSEGURIDAD que est\u00e1 \u00abcabalgante\u00bb.. No hay control.. Un secretario de Seguridad P\u00fablica ausente con todo su equipo.. As\u00ed se vive en Veracruz\u2026<\/p>\n\n\n\n<p>El titular de la SSP estatal pasa desapercibido y un todo el sistema de seguridad p\u00fablica colapsado.. Hay un Consejo Estatal de Seguridad P\u00fablica pasivo.. Una acedemia y un centro de estudios de seguridad p\u00fablica inexistentes.. Es todo un caos.. Pareciera entonces que lo \u00fanico que juegan es a MITIGAR EL ESC\u00c1NDALO para bajar la narrativa.. Que no siga creciendo esa espiral sobre temas de inseguridad.. Ya que presuntamente en todo esto se encuentran rebasados pol\u00edticamente.. Tan grave est\u00e1n las cosas que necesitan \u00abcortinas de humo\u00bb y por eso, est\u00e1n metiendo todo para que el tema de Gerardo Fern\u00e1ndez Noro\u00f1a siga teniendo la narrativa de estos d\u00edas..<\/p>\n\n\n\n<p>Eso demuestra que en temas de inseguridad en Veracruz, las cosas son m\u00e1s que graves.. Por ello, es que muchos en Veracruz ven a tomar las riendas en estos temas el secretario de Seguridad P\u00fablica, Omar Garc\u00eda Harfuch.. Necesitan trabajos de inteligencia para combatir a la delincuencia.. Algo que en Veracruz no se hace\u2026 Por eso, el alto \u00edndice de criminalidad crece d\u00eda a d\u00eda.. NO HAY quien lo pare..Ahora se hacen presentes los cr\u00edmenes de pol\u00edticos.. Algo que no suced\u00eda hace mucho tiempo.. Pero ah\u00ed est\u00e1 el caso del ex alcalde de Las Minas, que fue asesinado con 40 disparos.. Esto se est\u00e1 volviendo una BARBARIE., AMEN<\/p>\n","protected":false},"excerpt":{"rendered":"<p>Ricardo Chua Sale y Vale Si en Veracruz llevamos meses metidos en conflictos graves de inseguridad.. Que el gobierno estatal de Roc\u00edo Nahle, no ha podido resolver y se ve muy lejano que esto pueda mejorar para la tranquilidad de la sociedad veracruzana.. Ante todos estos hechos, muchos se preguntan: D\u00f3nde est\u00e1 la VOLUNTAD POL\u00cdTICA [&hellip;]<\/p>\n","protected":false},"author":2,"featured_media":141434,"comment_status":"closed","ping_status":"","sticky":false,"template":"","format":"standard","meta":{"_jetpack_newsletter_access":"","_jetpack_dont_email_post_to_subs":false,"_jetpack_newsletter_tier_id":0,"_jetpack_memberships_contains_paywalled_content":false,"_jetpack_memberships_contains_paid_content":false,"footnotes":""},"categories":[70],"tags":[44793,1026,14775,3578,195],"class_list":["post-151647","post","type-post","status-publish","format-standard","has-post-thumbnail","hentry","category-de-opinion","tag-carlos-manzo","tag-morena","tag-omar-garcia-harfuch","tag-rocio-nahle","tag-veracruz"],"jetpack_featured_media_url":"https:\/\/lospoliticosveracruz.com.mx\/wp-content\/uploads\/2025\/04\/Chua-e1761364658706.jpg","jetpack_sharing_enabled":true,"jetpack_shortlink":"https:\/\/wp.me\/p4Qcd3-DrV","_links":{"self":[{"href":"https:\/\/lospoliticosveracruz.com.mx\/index.php?rest_route=\/wp\/v2\/posts\/151647","targetHints":{"allow":["GET"]}}],"collection":[{"href":"https:\/\/lospoliticosveracruz.com.mx\/index.php?rest_route=\/wp\/v2\/posts"}],"about":[{"href":"https:\/\/lospoliticosveracruz.com.mx\/index.php?rest_route=\/wp\/v2\/types\/post"}],"author":[{"embeddable":true,"href":"https:\/\/lospoliticosveracruz.com.mx\/index.php?rest_route=\/wp\/v2\/users\/2"}],"replies":[{"embeddable":true,"href":"https:\/\/lospoliticosveracruz.com.mx\/index.php?rest_route=%2Fwp%2Fv2%2Fcomments&post=151647"}],"version-history":[{"count":2,"href":"https:\/\/lospoliticosveracruz.com.mx\/index.php?rest_route=\/wp\/v2\/posts\/151647\/revisions"}],"predecessor-version":[{"id":151649,"href":"https:\/\/lospoliticosveracruz.com.mx\/index.php?rest_route=\/wp\/v2\/posts\/151647\/revisions\/151649"}],"wp:featuredmedia":[{"embeddable":true,"href":"https:\/\/lospoliticosveracruz.com.mx\/index.php?rest_route=\/wp\/v2\/media\/141434"}],"wp:attachment":[{"href":"https:\/\/lospoliticosveracruz.com.mx\/index.php?rest_route=%2Fwp%2Fv2%2Fmedia&parent=151647"}],"wp:term":[{"taxonomy":"category","embeddable":true,"href":"https:\/\/lospoliticosveracruz.com.mx\/index.php?rest_route=%2Fwp%2Fv2%2Fcategories&post=151647"},{"taxonomy":"post_tag","embeddable":true,"href":"https:\/\/lospoliticosveracruz.com.mx\/index.php?rest_route=%2Fwp%2Fv2%2Ftags&post=151647"}],"curies":[{"name":"wp","href":"https:\/\/api.w.org\/{rel}","templated":true}]}}