{"id":151718,"date":"2025-09-01T06:15:39","date_gmt":"2025-09-01T11:15:39","guid":{"rendered":"https:\/\/lospoliticosveracruz.com.mx\/?p=151718"},"modified":"2025-09-01T06:16:00","modified_gmt":"2025-09-01T11:16:00","slug":"mesa-directiva-articulo-17-y-si-piensan-en-mexico","status":"publish","type":"post","link":"https:\/\/lospoliticosveracruz.com.mx\/?p=151718","title":{"rendered":"MESA DIRECTIVA\u00a0ART\u00cdCULO 17:\u00a0\u00bfY SI PIENSAN EN M\u00c9XICO?"},"content":{"rendered":"\n\n\n<p><strong>Vicente Luna Hern\u00e1ndez<\/strong> <\/p>\n\n\n\n<p>Anoche antes de dormir, M\u00e9xico se fue a la cama con la siguiente noticia:<\/p>\n\n\n\n<p>\u201cAnte la imposibilidad de llegar a acuerdos para determinar qui\u00e9n presidir\u00e1 la Mesa Directiva de la C\u00e1mara de Diputados durante el segundo a\u00f1o de sesiones de la 66 Legislatura, la sesi\u00f3n de este domingo concluy\u00f3 con el aval a un acuerdo de la Junta de Coordinaci\u00f3n Pol\u00edtica (Jucopo) para posponer la elecci\u00f3n para el 5 de septiembre\u201d.<\/p>\n\n\n\n<p>En la elecci\u00f3n&nbsp;de la Mesa Directiva de la C\u00e1mara de Diputados, la Ley Org\u00e1nica del Congreso de la Uni\u00f3n&nbsp;es muy precisa&nbsp;pero al final deja una laguna jur\u00eddica:&nbsp;<\/p>\n\n\n\n<p>ARTICULO 17.&nbsp;<\/p>\n\n\n\n<p>1.&nbsp;\u201cLa Mesa Directiva de la C\u00e1mara de Diputados&nbsp;<\/p>\n\n\n\n<p>ser\u00e1 electa por el Pleno; se integrar\u00e1 con un&nbsp;<\/p>\n\n\n\n<p>presidente, tres vicepresidentes y un secretario&nbsp;<\/p>\n\n\n\n<p>propuesto por cada Grupo Parlamentario,&nbsp;pudiendo optar \u00e9ste \u00faltimo por no ejercer dicho derecho. Los&nbsp;integrantes de la Mesa Directiva&nbsp;durar\u00e1n en sus funciones un a\u00f1o y podr\u00e1n ser reelectos.\u201d<\/p>\n\n\n\n<p>7.&nbsp;\u201cLa elecci\u00f3n de los integrantes de la Mesa&nbsp;<\/p>\n\n\n\n<p>Directiva para el&nbsp;SEGUNDO y TERCER&nbsp;&nbsp;a\u00f1o de ejercicio de&nbsp;la Legislatura, se llevar\u00e1 a cabo durante la sesi\u00f3n preparatoria del a\u00f1o de ejercicio que corresponda, garantizando que la presidencia de la Mesa Directiva para tales ejercicios recaiga, en orden decreciente, en un integrante de los dos grupos parlamentarios con mayor n\u00famero de diputados que no la hayan ejercido.&nbsp;<\/p>\n\n\n\n<p>El proceso ser\u00e1 conducido por los integrantes de la Mesa Directiva que concluye su ejercicio. Si en dicha sesi\u00f3n no se alcanza la mayor\u00eda calificada requerida, esta Mesa continuar\u00e1 en funciones hasta el d\u00eda 5 del siguiente mes con el fin de que se logren los entendimientos necesarios.\u201d<\/p>\n\n\n\n<p>8.&nbsp;\u201cEn ning\u00fan caso la presidencia de la Mesa recaer\u00e1 en el mismo a\u00f1o legislativo, en un Diputado que pertenezca al Grupo Parlamentario que Presida la Junta de Coordinaci\u00f3n Pol\u00edtica.\u201d<\/p>\n\n\n\n<p>Con fundamento al numeral 7&nbsp;la pr\u00f3xima&nbsp;presidenta o presidente de la Mesa Directiva debe ser una o un&nbsp;integrante del Grupo Parlamentario del PAN y en el tercer a\u00f1o del Grupo Parlamentario del Partido Verde, as\u00ed de sencillo, en el mismo numeral 7 no&nbsp;existe&nbsp;duda alguna: \u201cGARANTIZANDO&nbsp;que la presidencia de la Mesa Directiva Para tales ejercicios recaiga, en orden decreciente, en&nbsp;un integrante de los dos grupos parlamentarios con&nbsp;mayor n\u00famero de diputados que no la hayan&nbsp;ejercido.&nbsp;<\/p>\n\n\n\n<p>Esto significa, &nbsp;que m\u00e1s all\u00e1 de simpat\u00edas personales&nbsp;o intereses de grupo, quien debe presidir la Mesa Directiva&nbsp;es el PAN, \u00bfPor qu\u00e9 tanto brinco estando el piso&nbsp;parejo?<\/p>\n\n\n\n<p>Est\u00e1 claro&nbsp;que Morena,&nbsp;el Partido Verde y el Partido del Trabajo&nbsp;quieren hacer valer su&nbsp;mayor\u00eda&nbsp;calificada- requisito para elegir a la Mesa Directiva&nbsp;\u2013&nbsp;dicho requisito esta&nbsp;se\u00f1alado&nbsp;en el numeral 2 que a la letra dice:&nbsp;<\/p>\n\n\n\n<p>2.&nbsp;\u201cLa C\u00e1mara elegir\u00e1 a la Mesa Directiva por el voto De las dos terceras partes de los diputados presentes, Mediante una lista que contenga los nombres de los Propuestos con sus respectivos cargos.\u201d<\/p>\n\n\n\n<p>Hay un riesgo que no ha sido atendido por quienes hoy&nbsp;integran&nbsp;las&nbsp;dos terceras partes de la C\u00e1mara de Diputados: \u00bf y si llega el 5 de septiembre y&nbsp;Morena y aliados no aceptan las propuestas presentadas por el PAN?&nbsp;\u00bfSeguir\u00e1n tomando caf\u00e9?&nbsp;\u00bfSi se debe garantizar que sea del PAN&nbsp;cual es el debate? \u00bfD\u00f3nde&nbsp;dice que&nbsp;la&nbsp;propuesta&nbsp;de la segunda fuerza o tercera fuerza parlamentaria debe \u201ccaerle bien\u201d a&nbsp;la mayor\u00eda de diputados y diputados presentes? \u00bfAcaso no hay bastantes problemas&nbsp;que atender como para&nbsp;provocar una crisis&nbsp;Constitucional?&nbsp;\u00bfentre \u201cgarantizando\u201d y&nbsp;\u201cel voto de las 2\/3 partes de los diputados presentes\u201d&nbsp;hay una diferencia insalvable?&nbsp;\u00bfQui\u00e9n ejerce el autoritarismo&nbsp;el poder o la oposici\u00f3n?<\/p>\n\n\n\n<p>Diputadas y Diputados:&nbsp;<\/p>\n\n\n\n<p>M\u00e9xico ya tuvo un espect\u00e1culo grotesco&nbsp;que fue noticia nacional e internacional para verg\u00fcenza del pueblo bueno y sabio, &nbsp;el pueblo ya tom\u00f3 nota,&nbsp;no provoquen con sus ambiciones de grupo, soberbia, &nbsp;diferencias o fobias&nbsp;personales&nbsp;otro ejemplo m\u00e1s de falta de civilidad&nbsp;pol\u00edtica y cultura democr\u00e1tica&nbsp;y el parlamento mexicano vuelva ser&nbsp;ejemplo\u2026de lo que no debe pasar.<\/p>\n\n\n\n<p>La realidad es una aunque no sea aceptada de manera abierta y p\u00fablica por quienes lo pusieron: despu\u00e9s&nbsp;del Senador Noro\u00f1a presiento la C\u00e1mara Alta del Congreso de la Uni\u00f3n, &nbsp;\u00bfqu\u00e9&nbsp;algo peor puede ocurrir? \u00bfSer\u00e1n las propuestas del PAN de peor \u201cmadera\u201d&nbsp;como para no&nbsp;aceptar que alguna de ellas quede al frente de la Mesa Directiva?&nbsp;qui\u00e9n debe \u201cgarantizar\u201d qu\u00e9 sea del PAN la presidencia,&nbsp;\u00bfEl PAN,&nbsp;Morena y aliados&nbsp;o la Ley&nbsp;Org\u00e1nica del&nbsp;Congreso de&nbsp;la Uni\u00f3n.<\/p>\n\n\n\n<p>La realidad es que&nbsp;quienes fueron los Presidentes tanto de la C\u00e1mara de&nbsp;Diputados&nbsp;como la C\u00e1mara de Senadores salieron&nbsp;cubiertos de esc\u00e1ndalos y diversos malos &nbsp;se\u00f1alamientos, ambos tuvieron un privilegio que no supieron&nbsp;ni&nbsp;quisieron&nbsp;actuar&nbsp;con decoro, dignidad&nbsp;y humildad, ya lo dijo la Presidenta Claudia Sheinbaum Pardo: \u201cEl poder se ejerce con humildad\u201d&nbsp;y&nbsp;ellos entendieron&nbsp;mal: \u201cEl poder se ejerce con vanidad\u201d\u2026ese mensaje lleg\u00f3 a sus o\u00eddos.&nbsp;<\/p>\n\n\n\n<p>P.D.-&nbsp;Con el \u00e1nimo&nbsp;que el desgaste emocional e intelectual de las y los Diputados sea legislando\u2026Escribir\u00e9 otro d\u00eda.<\/p>\n","protected":false},"excerpt":{"rendered":"<p>Vicente Luna Hern\u00e1ndez Anoche antes de dormir, M\u00e9xico se fue a la cama con la siguiente noticia: \u201cAnte la imposibilidad de llegar a acuerdos para determinar qui\u00e9n presidir\u00e1 la Mesa Directiva de la C\u00e1mara de Diputados durante el segundo a\u00f1o de sesiones de la 66 Legislatura, la sesi\u00f3n de este domingo concluy\u00f3 con el aval [&hellip;]<\/p>\n","protected":false},"author":2,"featured_media":141415,"comment_status":"closed","ping_status":"closed","sticky":false,"template":"","format":"standard","meta":{"_jetpack_newsletter_access":"","_jetpack_dont_email_post_to_subs":false,"_jetpack_newsletter_tier_id":0,"_jetpack_memberships_contains_paywalled_content":false,"_jetpack_memberships_contains_paid_content":false,"footnotes":""},"categories":[70],"tags":[11591,1026,266],"class_list":["post-151718","post","type-post","status-publish","format-standard","has-post-thumbnail","hentry","category-de-opinion","tag-mesa-directiva","tag-morena","tag-pan"],"jetpack_featured_media_url":"https:\/\/lospoliticosveracruz.com.mx\/wp-content\/uploads\/2025\/04\/Vicente-Luna-Hernandez.jpg","jetpack_sharing_enabled":true,"jetpack_shortlink":"https:\/\/wp.me\/p4Qcd3-Dt4","_links":{"self":[{"href":"https:\/\/lospoliticosveracruz.com.mx\/index.php?rest_route=\/wp\/v2\/posts\/151718","targetHints":{"allow":["GET"]}}],"collection":[{"href":"https:\/\/lospoliticosveracruz.com.mx\/index.php?rest_route=\/wp\/v2\/posts"}],"about":[{"href":"https:\/\/lospoliticosveracruz.com.mx\/index.php?rest_route=\/wp\/v2\/types\/post"}],"author":[{"embeddable":true,"href":"https:\/\/lospoliticosveracruz.com.mx\/index.php?rest_route=\/wp\/v2\/users\/2"}],"replies":[{"embeddable":true,"href":"https:\/\/lospoliticosveracruz.com.mx\/index.php?rest_route=%2Fwp%2Fv2%2Fcomments&post=151718"}],"version-history":[{"count":2,"href":"https:\/\/lospoliticosveracruz.com.mx\/index.php?rest_route=\/wp\/v2\/posts\/151718\/revisions"}],"predecessor-version":[{"id":151720,"href":"https:\/\/lospoliticosveracruz.com.mx\/index.php?rest_route=\/wp\/v2\/posts\/151718\/revisions\/151720"}],"wp:featuredmedia":[{"embeddable":true,"href":"https:\/\/lospoliticosveracruz.com.mx\/index.php?rest_route=\/wp\/v2\/media\/141415"}],"wp:attachment":[{"href":"https:\/\/lospoliticosveracruz.com.mx\/index.php?rest_route=%2Fwp%2Fv2%2Fmedia&parent=151718"}],"wp:term":[{"taxonomy":"category","embeddable":true,"href":"https:\/\/lospoliticosveracruz.com.mx\/index.php?rest_route=%2Fwp%2Fv2%2Fcategories&post=151718"},{"taxonomy":"post_tag","embeddable":true,"href":"https:\/\/lospoliticosveracruz.com.mx\/index.php?rest_route=%2Fwp%2Fv2%2Ftags&post=151718"}],"curies":[{"name":"wp","href":"https:\/\/api.w.org\/{rel}","templated":true}]}}