{"id":151725,"date":"2025-09-01T08:37:36","date_gmt":"2025-09-01T13:37:36","guid":{"rendered":"https:\/\/lospoliticosveracruz.com.mx\/?p=151725"},"modified":"2025-09-01T08:40:17","modified_gmt":"2025-09-01T13:40:17","slug":"toman-protesta","status":"publish","type":"post","link":"https:\/\/lospoliticosveracruz.com.mx\/?p=151725","title":{"rendered":"TOMAN PROTESTA"},"content":{"rendered":"\n\n\n<p><strong>Oved Contreras<\/strong><\/p>\n\n\n\n<p><em>Secas Mecas<\/em><\/p>\n\n\n\n<p>Felicitamos desde este espacio al periodista&nbsp;<strong>Iv\u00e1n Peralta<\/strong>, quien este lunes asume la coordinaci\u00f3n de&nbsp;<strong>Comunicaci\u00f3n Social<\/strong>&nbsp;del nuevo&nbsp;<strong>Poder Judicial del Estado<\/strong>, con la certeza de que har\u00e1 un buen trabajo en favor de una instituci\u00f3n tan importante para&nbsp;<strong>Veracruz<\/strong>. Abrazo y mucho \u00e9xito.<\/p>\n\n\n\n<p>TOMAN PROTESTA\u2026 ser\u00e1 este lunes por la tarde cuando en sesi\u00f3n solemne del&nbsp;<strong>Congreso local<\/strong>, rendir\u00e1 protesta el nuevo&nbsp;<strong>Poder Judicial del Estado<\/strong>, jueces y magistrados que resultaron electos en la hist\u00f3rica jornada electoral del 1 de junio\u2026 la magistrada&nbsp;<strong>Lisbeth Aurelia Jim\u00e9nez<\/strong>&nbsp;dejar\u00e1 la presidencia del&nbsp;<strong>Tribunal Superior de Justicia<\/strong>&nbsp;y su lugar ser\u00e1 ocupado por la magistrada&nbsp;<strong>Rosalba Hern\u00e1ndez Hern\u00e1ndez<\/strong>.<\/p>\n\n\n\n<p>No solo termina un ciclo, se podr\u00eda decir que termina una era, la de&nbsp;<strong>Lisbeth Aurelia Jim\u00e9nez<\/strong>&nbsp;al frente del&nbsp;<strong>Tribunal Superior de Justicia<\/strong>&nbsp;y del&nbsp;<strong>Consejo de la Judicatura en Veracruz<\/strong>. Que la t\u00eda Yeya tiene malquerientes, sin dudarlo, pero hay que reconocer que en su periodo al frente del&nbsp;<strong>Poder Judicial<\/strong>, no solo enderez\u00f3 el barco cuando financieramente ya hac\u00eda agua por el dispendio que por muchos a\u00f1os se practic\u00f3 en ese Poder y porque hubo administradores rapaces.<\/p>\n\n\n\n<p>En casi tres a\u00f1os de gesti\u00f3n, se puso orden en las finanzas y se tuvieron logros tangibles: la inauguraci\u00f3n de la&nbsp;<strong>Ciudad Judicial de Minatitl\u00e1n<\/strong>&nbsp;y de la&nbsp;<strong>Ciudad Judicial de Orizaba<\/strong>, as\u00ed como la puesta en marcha de la tercera etapa de construcci\u00f3n de la&nbsp;<strong>Ciudad Judicial de Poza Rica<\/strong>, obras que responden a demandas hist\u00f3ricas de la sociedad.<\/p>\n\n\n\n<p>A partir de hoy, cuando se implemente el nuevo modelo de justicia, en el cual las autoridades son electas por el voto popular, habr\u00e1 nuevos retos.&nbsp;<strong>Rosalba Hern\u00e1ndez<\/strong>&nbsp;llega con un costal de votos a sus espaldas y debe cumplir con expectativas muy grandes que eso conlleva.<\/p>\n\n\n\n<p>Sin embargo, es importante recordar que desde este lunes, esa figura tambi\u00e9n llega mermada en sus alcances, pues la disciplina judicial \u2014que antes reca\u00eda en el&nbsp;<strong>Consejo de la Judicatura<\/strong>\u2014 y, sobre todo, la administraci\u00f3n de los recursos, pasan a otras \u00e1reas que nacen este d\u00eda y en las que la presidenta del&nbsp;<strong>TSJE<\/strong>&nbsp;no tendr\u00e1 injerencia alguna.<\/p>\n\n\n\n<p>Lo que no cambia es el juego de poder, y en su habilidad para transitar estar\u00e1 el \u00e9xito o fracaso de su incipiente gesti\u00f3n. Se va a poner bueno este show.<\/p>\n\n\n\n<p>NO HUBO TORTURA\u2026 no hubo tortura en contra del fiscul\u00edn&nbsp;<strong>Luis \u00c1ngel Bravo Contreras<\/strong>&nbsp;durante su detenci\u00f3n en el penal de&nbsp;<strong>Pacho Viejo<\/strong>, como en su momento lo denunci\u00f3 el funcionario duartista. El&nbsp;<strong>Poder Judicial de la Federaci\u00f3n<\/strong>&nbsp;resolvi\u00f3 que no procede un proceso penal por presunta tortura.<\/p>\n\n\n\n<p>En 2019,&nbsp;<strong>Bravo Contreras<\/strong>&nbsp;denunci\u00f3 que hab\u00eda sido v\u00edctima de actos de tortura, y aleg\u00f3 que fue sometido a condiciones que calific\u00f3 como tratos degradantes, entre ellas comer dentro de su celda, permanecer solo media hora al d\u00eda fuera de ella, ser vigilado permanentemente por una c\u00e1mara, dormir en una cama de cemento, no contar con agua caliente y haber sido trasladado a la poblaci\u00f3n general pese a una suspensi\u00f3n de amparo. Que todo fue orquestado por los exdirectivos del penal,&nbsp;<strong>Ra\u00fal Plat\u00f3n del Cueto<\/strong>&nbsp;y&nbsp;<strong>Gabriel Jim\u00e9nez Ram\u00edrez<\/strong>, as\u00ed como el entonces fiscal general&nbsp;<strong>Jorge Winckler<\/strong>.<\/p>\n\n\n\n<p>El fiscul\u00edn asegur\u00f3 que dichas condiciones formaban parte de un esquema de intimidaci\u00f3n para obligarlo a incriminar al exgobernador&nbsp;<strong>Javier Duarte de Ochoa<\/strong>, y agreg\u00f3 que se le castig\u00f3 tras publicar un mensaje en Facebook desde su perfil y que fue colocado junto a internos sentenciados por delitos de pederastia y delincuencia organizada.<\/p>\n\n\n\n<p>Los magistrados determinaron que las condiciones descritas por&nbsp;<strong>Bravo Contreras<\/strong>&nbsp;correspond\u00edan a situaciones inherentes a la prisi\u00f3n y no a actos de tortura conforme a la&nbsp;<strong>Ley General en Materia de Tortura<\/strong>&nbsp;ni a los est\u00e1ndares de la&nbsp;<strong>Convenci\u00f3n Americana sobre Derechos Humanos<\/strong>.<\/p>\n\n\n\n<p>Se\u00f1alaron que las caracter\u00edsticas de la celda, la colchoneta, la falta de agua caliente o la vigilancia constante no constituyen tratos crueles, inhumanos o degradantes, sino circunstancias naturales de la reclusi\u00f3n. Y se aclar\u00f3 que solo se consideran tortura o tratos inhumanos aquellas acciones deliberadas que generan sufrimiento f\u00edsico o mental, lo cual no fue acreditado en el caso.<\/p>\n\n\n\n<p>Con esta resoluci\u00f3n, qued\u00f3 cerrado el proceso iniciado por&nbsp;<strong>Bravo Contreras<\/strong>, quien no logr\u00f3 acreditar haber sido v\u00edctima de tortura durante su estancia en&nbsp;<strong>Pacho Viejo<\/strong>.<\/p>\n\n\n\n<p>CELEBRAN A EGRESADOS\u2026 Alumnos de la&nbsp;<strong>Generaci\u00f3n 1991-1995<\/strong>&nbsp;de la&nbsp;<strong>Facultad de Ciencias y T\u00e9cnicas de la Comunicaci\u00f3n (Facico)<\/strong>&nbsp;de la&nbsp;<strong>Universidad Veracruzana<\/strong>, celebraron sus primeros 30 a\u00f1os como exitosos egresados de la m\u00e1xima casa de estudios en el auditorio de dicha facultad.<\/p>\n\n\n\n<p>La directora de la facultad,&nbsp;<strong>Dra. Rossy Lorena Laurencio Meza<\/strong>, la&nbsp;<strong>Dra. Patricia del Carmen Aguirre<\/strong>, coordinadora del programa de seguimiento a egresados, y el&nbsp;<strong>Dr. Jorge Le\u00f3n<\/strong>&nbsp;entregaron reconocimientos a los egresados para celebrar su aniversario n\u00famero 30.<\/p>\n\n\n\n<p>Estuvieron presentes:&nbsp;<strong>Jos\u00e9 Ignacio \u00c1lvarez Calzada<\/strong>,&nbsp;<strong>Enrique Bautista Molina<\/strong>,&nbsp;<strong>Virginia Cubillas Cabrera<\/strong>,&nbsp;<strong>Catalina Guadalupe Fortuno Hern\u00e1ndez<\/strong>,&nbsp;<strong>Luz del Carmen Gonz\u00e1lez Valenzuela<\/strong>,&nbsp;<strong>Liliana Hern\u00e1ndez V\u00e1zquez<\/strong>,&nbsp;<strong>Iv\u00f3nne del Carmen M\u00e9ndez G\u00f3mez<\/strong>,&nbsp;<strong>Claudia del Roc\u00edo Mu\u00f1oz Garc\u00eda<\/strong>,&nbsp;<strong>M\u00f3nica Ortega Villegas<\/strong>,&nbsp;<strong>Victoria Osorio J\u00e1come<\/strong>,&nbsp;<strong>Alejandra Ram\u00edrez Castilla<\/strong>,&nbsp;<strong>Carlos Alberto Rivera Antonio<\/strong>,&nbsp;<strong>Dalila Rosas Medel<\/strong>&nbsp;y&nbsp;<strong>Gloria Ang\u00e9lica V\u00e1zquez Macario<\/strong>.<\/p>\n","protected":false},"excerpt":{"rendered":"<p>Oved Contreras Secas Mecas Felicitamos desde este espacio al periodista&nbsp;Iv\u00e1n Peralta, quien este lunes asume la coordinaci\u00f3n de&nbsp;Comunicaci\u00f3n Social&nbsp;del nuevo&nbsp;Poder Judicial del Estado, con la certeza de que har\u00e1 un buen trabajo en favor de una instituci\u00f3n tan importante para&nbsp;Veracruz. Abrazo y mucho \u00e9xito. TOMAN PROTESTA\u2026 ser\u00e1 este lunes por la tarde cuando en sesi\u00f3n [&hellip;]<\/p>\n","protected":false},"author":2,"featured_media":141426,"comment_status":"closed","ping_status":"closed","sticky":false,"template":"","format":"standard","meta":{"_jetpack_newsletter_access":"","_jetpack_dont_email_post_to_subs":false,"_jetpack_newsletter_tier_id":0,"_jetpack_memberships_contains_paywalled_content":false,"_jetpack_memberships_contains_paid_content":false,"footnotes":""},"categories":[70],"tags":[45851,45850,45852,45848,45849],"class_list":["post-151725","post","type-post","status-publish","format-standard","has-post-thumbnail","hentry","category-de-opinion","tag-ivan-peralta-comunicacion-social","tag-lisbeth-aurelia-jimenez-tribunal-superior","tag-luis-angel-bravo-contreras-tortura","tag-poder-judicial-veracruz","tag-rosalba-hernandez-magistrada"],"jetpack_featured_media_url":"https:\/\/lospoliticosveracruz.com.mx\/wp-content\/uploads\/2025\/04\/Oved-Contreras.jpg","jetpack_sharing_enabled":true,"jetpack_shortlink":"https:\/\/wp.me\/p4Qcd3-Dtb","_links":{"self":[{"href":"https:\/\/lospoliticosveracruz.com.mx\/index.php?rest_route=\/wp\/v2\/posts\/151725","targetHints":{"allow":["GET"]}}],"collection":[{"href":"https:\/\/lospoliticosveracruz.com.mx\/index.php?rest_route=\/wp\/v2\/posts"}],"about":[{"href":"https:\/\/lospoliticosveracruz.com.mx\/index.php?rest_route=\/wp\/v2\/types\/post"}],"author":[{"embeddable":true,"href":"https:\/\/lospoliticosveracruz.com.mx\/index.php?rest_route=\/wp\/v2\/users\/2"}],"replies":[{"embeddable":true,"href":"https:\/\/lospoliticosveracruz.com.mx\/index.php?rest_route=%2Fwp%2Fv2%2Fcomments&post=151725"}],"version-history":[{"count":1,"href":"https:\/\/lospoliticosveracruz.com.mx\/index.php?rest_route=\/wp\/v2\/posts\/151725\/revisions"}],"predecessor-version":[{"id":151727,"href":"https:\/\/lospoliticosveracruz.com.mx\/index.php?rest_route=\/wp\/v2\/posts\/151725\/revisions\/151727"}],"wp:featuredmedia":[{"embeddable":true,"href":"https:\/\/lospoliticosveracruz.com.mx\/index.php?rest_route=\/wp\/v2\/media\/141426"}],"wp:attachment":[{"href":"https:\/\/lospoliticosveracruz.com.mx\/index.php?rest_route=%2Fwp%2Fv2%2Fmedia&parent=151725"}],"wp:term":[{"taxonomy":"category","embeddable":true,"href":"https:\/\/lospoliticosveracruz.com.mx\/index.php?rest_route=%2Fwp%2Fv2%2Fcategories&post=151725"},{"taxonomy":"post_tag","embeddable":true,"href":"https:\/\/lospoliticosveracruz.com.mx\/index.php?rest_route=%2Fwp%2Fv2%2Ftags&post=151725"}],"curies":[{"name":"wp","href":"https:\/\/api.w.org\/{rel}","templated":true}]}}