{"id":151741,"date":"2025-09-01T11:40:05","date_gmt":"2025-09-01T16:40:05","guid":{"rendered":"https:\/\/lospoliticosveracruz.com.mx\/?p=151741"},"modified":"2025-09-01T11:40:39","modified_gmt":"2025-09-01T16:40:39","slug":"ya-cayo-la-lana-cazarin","status":"publish","type":"post","link":"https:\/\/lospoliticosveracruz.com.mx\/?p=151741","title":{"rendered":"YA CAY\u00d3 LA LANA!: CAZAR\u00cdN"},"content":{"rendered":"\n\n\n<p>A partir de este lunes, el <strong>Gobierno de M\u00e9xico<\/strong> realizar\u00e1 el dep\u00f3sito bimestral septiembre-octubre a m\u00e1s de un mill\u00f3n 100 mil beneficiarios de las pensiones <strong>Mujeres Bienestar<\/strong>, <strong>Personas Adultas Mayores<\/strong>, <strong>Personas con Discapacidad<\/strong> y <strong>Madres Trabajadoras<\/strong> del estado de Veracruz, anunci\u00f3 <strong>Juan Javier G\u00f3mez Cazar\u00edn<\/strong>, delegado de los Programas para el Bienestar.<\/p>\n\n\n\n<p>El Funcionario federal resalt\u00f3 que la presidenta <strong>Claudia Sheinbaum Pardo<\/strong>, junto con la secretaria de <strong>Bienestar, Ariadna Montiel Reyes<\/strong>, trabajan para que a trav\u00e9s de las pensiones y programas de <strong>Bienestar<\/strong> se siga reduciendo la brecha de desigualdad y la pobreza.<\/p>\n\n\n\n<p>Los programas sociales, record\u00f3, son derechos constitucionales para el pueblo, por lo que nadie se los puede quitar.<\/p>\n\n\n\n<p>En ese sentido, precis\u00f3 que a partir de este lunes 1 de septiembre y hasta el pr\u00f3ximo 25, las y los beneficiarios de las pensiones <strong>Mujeres Bienestar<\/strong>, <strong>Personas Adultas Mayores<\/strong>, <strong>Personas con Discapacidad<\/strong> y <strong>Madres Trabajadoras<\/strong> recibir\u00e1n en sus cuentas el pago bimestral septiembre-octubre, el cual podr\u00e1n disponer en los cajeros y sucursales del <strong>Banco del Bienestar<\/strong> en los 212 municipios de la entidad.<\/p>\n\n\n\n<p>Exhort\u00f3 a la poblaci\u00f3n beneficiaria consultar el calendario de pagos y acudir a la sucursal m\u00e1s cercana a su domicilio de acuerdo a la letra de su primer apellido para gozar de este apoyo del <strong>Gobierno de M\u00e9xico<\/strong>.<\/p>\n\n\n\n<p><\/p>\n","protected":false},"excerpt":{"rendered":"<p>A partir de este lunes, el Gobierno de M\u00e9xico realizar\u00e1 el dep\u00f3sito bimestral septiembre-octubre a m\u00e1s de un mill\u00f3n 100 mil beneficiarios de las pensiones Mujeres Bienestar, Personas Adultas Mayores, Personas con Discapacidad y Madres Trabajadoras del estado de Veracruz, anunci\u00f3 Juan Javier G\u00f3mez Cazar\u00edn, delegado de los Programas para el Bienestar. El Funcionario federal [&hellip;]<\/p>\n","protected":false},"author":2,"featured_media":151743,"comment_status":"closed","ping_status":"closed","sticky":false,"template":"","format":"standard","meta":{"_jetpack_newsletter_access":"","_jetpack_dont_email_post_to_subs":false,"_jetpack_newsletter_tier_id":0,"_jetpack_memberships_contains_paywalled_content":false,"_jetpack_memberships_contains_paid_content":false,"footnotes":""},"categories":[70],"tags":[16091,17763,12695,45865,45247],"class_list":["post-151741","post","type-post","status-publish","format-standard","has-post-thumbnail","hentry","category-de-opinion","tag-banco-del-bienestar","tag-claudia-sheinbaum-pardo","tag-juan-javier-gomez-cazarin","tag-pago-bienestar-veracruz","tag-programas-sociales-mexico"],"jetpack_featured_media_url":"https:\/\/lospoliticosveracruz.com.mx\/wp-content\/uploads\/2025\/09\/WhatsApp-Image-2025-09-01-at-10.34.30.jpeg","jetpack_sharing_enabled":true,"jetpack_shortlink":"https:\/\/wp.me\/p4Qcd3-Dtr","_links":{"self":[{"href":"https:\/\/lospoliticosveracruz.com.mx\/index.php?rest_route=\/wp\/v2\/posts\/151741","targetHints":{"allow":["GET"]}}],"collection":[{"href":"https:\/\/lospoliticosveracruz.com.mx\/index.php?rest_route=\/wp\/v2\/posts"}],"about":[{"href":"https:\/\/lospoliticosveracruz.com.mx\/index.php?rest_route=\/wp\/v2\/types\/post"}],"author":[{"embeddable":true,"href":"https:\/\/lospoliticosveracruz.com.mx\/index.php?rest_route=\/wp\/v2\/users\/2"}],"replies":[{"embeddable":true,"href":"https:\/\/lospoliticosveracruz.com.mx\/index.php?rest_route=%2Fwp%2Fv2%2Fcomments&post=151741"}],"version-history":[{"count":1,"href":"https:\/\/lospoliticosveracruz.com.mx\/index.php?rest_route=\/wp\/v2\/posts\/151741\/revisions"}],"predecessor-version":[{"id":151744,"href":"https:\/\/lospoliticosveracruz.com.mx\/index.php?rest_route=\/wp\/v2\/posts\/151741\/revisions\/151744"}],"wp:featuredmedia":[{"embeddable":true,"href":"https:\/\/lospoliticosveracruz.com.mx\/index.php?rest_route=\/wp\/v2\/media\/151743"}],"wp:attachment":[{"href":"https:\/\/lospoliticosveracruz.com.mx\/index.php?rest_route=%2Fwp%2Fv2%2Fmedia&parent=151741"}],"wp:term":[{"taxonomy":"category","embeddable":true,"href":"https:\/\/lospoliticosveracruz.com.mx\/index.php?rest_route=%2Fwp%2Fv2%2Fcategories&post=151741"},{"taxonomy":"post_tag","embeddable":true,"href":"https:\/\/lospoliticosveracruz.com.mx\/index.php?rest_route=%2Fwp%2Fv2%2Ftags&post=151741"}],"curies":[{"name":"wp","href":"https:\/\/api.w.org\/{rel}","templated":true}]}}