{"id":151781,"date":"2025-09-01T21:40:21","date_gmt":"2025-09-02T02:40:21","guid":{"rendered":"https:\/\/lospoliticosveracruz.com.mx\/?p=151781"},"modified":"2025-09-01T21:40:39","modified_gmt":"2025-09-02T02:40:39","slug":"toman-protesta-2","status":"publish","type":"post","link":"https:\/\/lospoliticosveracruz.com.mx\/?p=151781","title":{"rendered":"TOMAN PROTESTA!"},"content":{"rendered":"\n\n\n<p>En <strong>Sesi\u00f3n Solemne<\/strong> y en representaci\u00f3n de la <strong>LXVI Legislatura<\/strong>, la <strong>presidenta de la Mesa Directiva, diputada Naomi Edith G\u00f3mez Santos<\/strong>, tom\u00f3 la protesta de ley a las magistradas y los magistrados, las juezas y los jueces de Primera Instancia del <strong>Poder Judicial de Veracruz<\/strong>, electos mediante el voto popular el 1 de junio pasado, y de igual forma, a las personas designadas por los tres poderes del estado para el <strong>\u00d3rgano de Administraci\u00f3n Judicial<\/strong>.<\/p>\n\n\n\n<p>Este 1 de septiembre, la <strong>Mesa Directiva<\/strong> del segundo a\u00f1o de labores de la <strong>LXVI Legislatura<\/strong>, integrada por las diputadas <strong>Naomi Edith G\u00f3mez Santos<\/strong> y <strong>Estefan\u00eda Labastida Cuevas<\/strong> y por el diputado <strong>Alejandro Porras Mar\u00edn<\/strong>, presidenta, vicepresidenta y secretario, respectivamente, la <strong>gobernadora de Veracruz, Roc\u00edo Nahle Garc\u00eda<\/strong>, las presidentas entrante y saliente del <strong>Poder Judicial<\/strong>, juzgadoras y juzgadores, as\u00ed como diputadas y diputados del <strong>Congreso<\/strong> y representantes de la sociedad civil organizada fueron testigos de la consolidaci\u00f3n de las reformas nacional y estatal que cambi\u00f3 el paradigma del <strong>Poder Judicial<\/strong> y permiti\u00f3 que sus integrantes sean electos por el voto directo de la ciudadan\u00eda.<\/p>\n\n\n\n<p>La <strong>reforma federal<\/strong>, iniciada por la administraci\u00f3n 2018-2024 y consolidada por el gobierno de la doctora <strong>Claudia Sheinbaum Pardo<\/strong>, fue armonizada en el nivel estatal por la <strong>gobernadora Roc\u00edo Nahle Garc\u00eda<\/strong> al proponer a este <strong>Congreso<\/strong> las reformas a la <strong>Constituci\u00f3n Pol\u00edtica<\/strong> y a la legislaci\u00f3n local, para permitir que la ciudadan\u00eda elija a las personas juzgadoras y precisar disposiciones relacionadas con el actuar del <strong>Poder Judicial<\/strong>, a fin de garantizar imparcialidad, independencia y profesionalismo de sus integrantes y establecer la separaci\u00f3n de labores administrativas y jurisdiccionales.<\/p>\n\n\n\n<p>En un acontecimiento in\u00e9dito en la historia de <strong>Veracruz<\/strong>, en el Recinto Oficial de Sesiones del <strong>Palacio Legislativo<\/strong>, rindieron la protesta de Ley como magistradas y magistrados integrantes del <strong>Tribunal Superior de Justicia (TSJ)<\/strong> las ciudadanas y los ciudadanos: <strong>Rosalba Hern\u00e1ndez Hern\u00e1ndez, Violeta Condado Z\u00e1gada, Jonathan Cort\u00e9s Vargas, Miguel Herrera Gonz\u00e1lez, Lisbeth Aurelia Jim\u00e9nez Aguirre, Liliana L\u00f3pez Coronado, Jonathan M\u00e1ximo Lozano Ordo\u00f1ez, Fabiola Argelia Mart\u00ednez Palma, Esteban Mart\u00ednez V\u00e1zquez, Silvia Clementina Ochoa Castillo, Emmanuel P\u00e9rez Espinoza, Olga Mariela Quintanar Sosa, Mirza Abilene Rodas Espejo, Arturo Sosa V\u00e1zquez y Carlos Antonio V\u00e1zquez Azuara<\/strong>.<\/p>\n\n\n\n<p>Como magistradas y magistrados integrantes del <strong>Tribunal de Disciplina Judicial<\/strong>, <strong>Paulina Elizabeth Ahumada Santana, Mar\u00eda Victoria Carballo Carrasco, Mar\u00eda Teresa L\u00f3pez Gonz\u00e1lez, Humberto de Jes\u00fas Sulvar\u00e1n L\u00f3pez y Agust\u00edn Torres Bello<\/strong>, y <strong>Luz Mar\u00eda L\u00f3pez Aburto<\/strong> como magistrada integrante del <strong>Tribunal de Conciliaci\u00f3n y Arbitraje<\/strong>.<\/p>\n\n\n\n<p>De igual manera, rindieron la protesta al cargo de juezas y jueces electos de Primera Instancia, integrantes del <strong>Poder Judicial del Estado<\/strong>, las y los ciudadanos: <strong>Patricia Aburto C\u00f3rdoba, Ariadna Aburto S\u00e1nchez, Adriana Arias Ferreira, Ihali Patricia Armas M\u00e1rquez, Rosa Becerra Mar\u00edn, Manuel Abraham Berman Navarro, Claudia Bola\u00f1os Garc\u00eda, Victoria del Pilar Bonilla Salazar, Eliel El\u00edas Bouchot Morales, Mar\u00eda de los \u00c1ngeles Carmona L\u00f3pez, Lorenzo Castillo Ortiz, Elizabeth Castillo Tiburcio, Anubis Marisol Contreras Sanmart\u00edn, Sabino Cort\u00e9s Gaona, Gabriela de la Rosa Hern\u00e1ndez, Lorena D\u00edaz Rodr\u00edguez, Juan Ignacio Dom\u00ednguez Hern\u00e1ndez, Roberto Rafael Dorantes Guevara, Alfredo Espinosa Bernard, Cecilia Espinosa T\u00e9llez, Cecilia Gabriela Farf\u00e1n Rivera, Jos\u00e9 Rodolfo Fern\u00e1ndez Jim\u00e9nez, Ignacio de Jes\u00fas Fern\u00e1ndez Ortega, David Flores Castillo y Jos\u00e9 Mart\u00edn Flores Mart\u00ednez.<\/strong><\/p>\n\n\n\n<p>Tambi\u00e9n, <strong>Mildred Zaraida Gamboa P\u00e9rez, Ana Elia Garc\u00eda Cruz, Ana Xitlalic Garc\u00eda Espinoza, Mar\u00eda Leticia Garc\u00eda Ochoa, C\u00e9sar Augusto Garc\u00eda Ram\u00edrez, Miroslava Garc\u00eda Ram\u00edrez, Jennifer Garc\u00eda Reyes, Mar\u00eda Andrea Garc\u00eda Zavaleta, Jos\u00e9 Allan Gonz\u00e1lez de Librado, Juan Carlos Gonz\u00e1lez Hern\u00e1ndez, Mar\u00eda Isabel Gonz\u00e1lez L\u00f3pez, Blanca Patricia Guarneros Meza, \u00d3scar Antonio Guerrero Hern\u00e1ndez, Wendy Guzm\u00e1n Hern\u00e1ndez, Crist\u00f3bal Hern\u00e1ndez Cruz, Antonio de Jes\u00fas Hern\u00e1ndez Flores, Claudia Denise Hern\u00e1ndez F\u00f3cil, Liliana Hern\u00e1ndez Garc\u00eda, Soledad Hern\u00e1ndez Hern\u00e1ndez, Francisco Javier Hern\u00e1ndez Lima, Indira Abigail Hern\u00e1ndez Villalba, Juan Carlos Herrera Corzas y Miriam Eunice Juan de Le\u00f3n.<\/strong><\/p>\n\n\n\n<p>De igual forma, <strong>Bruno Sebasti\u00e1n Ju\u00e1rez Castillo, Erik Landa Castillo, Ricardo Lara C\u00f3rdoba, Larissa Lizeth Lara Enr\u00edquez, Yakdania Nahomi Lezama S\u00e1nchez, Sonia Lima Santos, Felipe L\u00f3pez Aburto, Miriam L\u00f3pez Aguilar, Ver\u00f3nica Loyo Chac\u00f3n, Luis Eduardo Lozada Hern\u00e1ndez, \u00d3scar Luis Lozada Hern\u00e1ndez, Jorge Enrique Luna D\u00edaz, Jorge Luis Mapel Mart\u00ednez, Karla Fernanda M\u00e1rquez Hern\u00e1ndez, Blas Mart\u00ednez Cruz, Roberto Mart\u00ednez Oropeza, Ovet Medina Cruz, Adriana Mu\u00f1oz D\u00edaz, Gregorio Esteban Noriega Velasco, Guadalupe P\u00e9rez Garc\u00eda, Daniel Crist\u00f3bal P\u00e9rez Rodr\u00edguez, \u00c1ngel Emilio Rivera Moctezuma, Marco Antonio Rodr\u00edguez Lobato, Maribel Rodr\u00edguez Matamoros, Sa\u00fal Sol\u00eds L\u00f3pez, Cristopher Iv\u00e1n Verdejo Andrade, Georgina Beatriz Victory Fern\u00e1ndez, Mario Vivanco Gastelum y Glenda Mariela Z\u00fa\u00f1iga Meza.<\/strong><\/p>\n\n\n\n<p>Los integrantes designados del <strong>\u00d3rgano de Administraci\u00f3n Judicial<\/strong> son: <strong>Diana Adivedh Cruz Villegas, Alma Rosa Flores Ceballos, Mar\u00eda Del Socorro Hern\u00e1ndez Cadena, V\u00edctor Luis Priego L\u00f3pez y Antonio Sobrevilla Castillo<\/strong>.<\/p>\n\n\n\n<p>A este acto asistieron titulares de despacho de la administraci\u00f3n p\u00fablica estatal, representantes de organizaciones civiles y presidentes y presidentas municipales de la entidad.<\/p>\n\n\n\n<p>Con la <strong>Sesi\u00f3n Solemne<\/strong> celebrada este lunes 1 de septiembre, inici\u00f3 el Segundo A\u00f1o de Ejercicio Constitucional de la <strong>LXVI Legislatura<\/strong>. A convocatoria de la <strong>presidenta de la Mesa Directiva, diputada Naomi Edith G\u00f3mez Santos<\/strong>, la Primera Sesi\u00f3n Ordinaria del Pleno tendr\u00e1 verificativo el jueves 11 de septiembre a partir de las 13:00 horas en el <strong>Recinto Oficial del Palacio Legislativo<\/strong>.<\/p>\n","protected":false},"excerpt":{"rendered":"<p>En Sesi\u00f3n Solemne y en representaci\u00f3n de la LXVI Legislatura, la presidenta de la Mesa Directiva, diputada Naomi Edith G\u00f3mez Santos, tom\u00f3 la protesta de ley a las magistradas y los magistrados, las juezas y los jueces de Primera Instancia del Poder Judicial de Veracruz, electos mediante el voto popular el 1 de junio pasado, [&hellip;]<\/p>\n","protected":false},"author":2,"featured_media":151782,"comment_status":"closed","ping_status":"closed","sticky":false,"template":"","format":"standard","meta":{"_jetpack_newsletter_access":"","_jetpack_dont_email_post_to_subs":false,"_jetpack_newsletter_tier_id":0,"_jetpack_memberships_contains_paywalled_content":false,"_jetpack_memberships_contains_paid_content":false,"footnotes":""},"categories":[43718],"tags":[45904,45831,45903,45902],"class_list":["post-151781","post","type-post","status-publish","format-standard","has-post-thumbnail","hentry","category-elpalaciodeencanto","tag-magistrados-tribunal-superior-de-justicia-veracruz","tag-naomi-gomez-santos-mesa-directiva","tag-poder-judicial-veracruz-voto-popular","tag-rocio-nahle-congreso-veracruz"],"jetpack_featured_media_url":"https:\/\/lospoliticosveracruz.com.mx\/wp-content\/uploads\/2025\/09\/WhatsApp-Image-2025-09-01-at-20.36.05.jpeg","jetpack_sharing_enabled":true,"jetpack_shortlink":"https:\/\/wp.me\/p4Qcd3-Du5","_links":{"self":[{"href":"https:\/\/lospoliticosveracruz.com.mx\/index.php?rest_route=\/wp\/v2\/posts\/151781","targetHints":{"allow":["GET"]}}],"collection":[{"href":"https:\/\/lospoliticosveracruz.com.mx\/index.php?rest_route=\/wp\/v2\/posts"}],"about":[{"href":"https:\/\/lospoliticosveracruz.com.mx\/index.php?rest_route=\/wp\/v2\/types\/post"}],"author":[{"embeddable":true,"href":"https:\/\/lospoliticosveracruz.com.mx\/index.php?rest_route=\/wp\/v2\/users\/2"}],"replies":[{"embeddable":true,"href":"https:\/\/lospoliticosveracruz.com.mx\/index.php?rest_route=%2Fwp%2Fv2%2Fcomments&post=151781"}],"version-history":[{"count":2,"href":"https:\/\/lospoliticosveracruz.com.mx\/index.php?rest_route=\/wp\/v2\/posts\/151781\/revisions"}],"predecessor-version":[{"id":151784,"href":"https:\/\/lospoliticosveracruz.com.mx\/index.php?rest_route=\/wp\/v2\/posts\/151781\/revisions\/151784"}],"wp:featuredmedia":[{"embeddable":true,"href":"https:\/\/lospoliticosveracruz.com.mx\/index.php?rest_route=\/wp\/v2\/media\/151782"}],"wp:attachment":[{"href":"https:\/\/lospoliticosveracruz.com.mx\/index.php?rest_route=%2Fwp%2Fv2%2Fmedia&parent=151781"}],"wp:term":[{"taxonomy":"category","embeddable":true,"href":"https:\/\/lospoliticosveracruz.com.mx\/index.php?rest_route=%2Fwp%2Fv2%2Fcategories&post=151781"},{"taxonomy":"post_tag","embeddable":true,"href":"https:\/\/lospoliticosveracruz.com.mx\/index.php?rest_route=%2Fwp%2Fv2%2Ftags&post=151781"}],"curies":[{"name":"wp","href":"https:\/\/api.w.org\/{rel}","templated":true}]}}