{"id":151785,"date":"2025-09-01T21:54:42","date_gmt":"2025-09-02T02:54:42","guid":{"rendered":"https:\/\/lospoliticosveracruz.com.mx\/?p=151785"},"modified":"2025-09-01T21:54:54","modified_gmt":"2025-09-02T02:54:54","slug":"rinde-protesta-nuevo-poder-judicial","status":"publish","type":"post","link":"https:\/\/lospoliticosveracruz.com.mx\/?p=151785","title":{"rendered":"RINDE PROTESTA NUEVO PODER JUDICIAL"},"content":{"rendered":"\n\n\n<p>Derivado de la hist\u00f3rica elecci\u00f3n del pasado 01 de junio, <strong>magistradas, magistrados y personas juzgadoras<\/strong> que resultaron electas por voto popular, rindieron protesta ante el pleno del <strong>Congreso del Estado<\/strong>, ejercicio in\u00e9dito en la vida democr\u00e1tica de la entidad tras la reforma constitucional aprobada en diciembre del 2024.<\/p>\n\n\n\n<p>En la sesi\u00f3n solemne, encabezada por la <strong>Gobernadora Roc\u00edo Nahle Garc\u00eda<\/strong>, las y los 15 magistrados que integrar\u00e1n el <strong>Tribunal Superior de Justicia del Estado<\/strong> rindieron protesta en bloques, conforme a la materia de sus responsabilidades: <strong>Sala Constitucional<\/strong>, materia <strong>Penal, Civil, Familiar, Tribunal de Disciplina Judicial y Tribunal de Conciliaci\u00f3n y Arbitraje<\/strong>.<\/p>\n\n\n\n<p>Durante el evento, la magistrada <strong>Rosalba Hern\u00e1ndez Hern\u00e1ndez<\/strong>, rindi\u00f3 protesta como presidenta del <strong>Tribunal Superior de Justicia del Estado<\/strong>.<\/p>\n\n\n\n<p>Asimismo, se tom\u00f3 protesta a <strong>juezas y jueces de Primera Instancia<\/strong> en las materias <strong>Civil, Penal, Familiar, Laboral y Mixta<\/strong>, as\u00ed como al funcionariado que integrar\u00e1 el <strong>\u00d3rgano de Administraci\u00f3n Judicial<\/strong> y los \u00f3rganos especializados.<\/p>\n\n\n\n<p>De esta forma, el <strong>Poder Judicial del Estado de Veracruz<\/strong> queda integrado por primera vez en su historia por 98 cargos electos por la ciudadan\u00eda; 21 magistraturas y 77 personas juzgadoras de Primera Instancia, marcando un hito en la consolidaci\u00f3n de la justicia con legitimidad democr\u00e1tica.<\/p>\n\n\n\n<p>El <strong>Tribunal de Disciplina Judicial<\/strong> estar\u00e1 conformado por <strong>Paulina Elizabeth Ahumada Santana, Mar\u00eda Teresa L\u00f3pez Gonz\u00e1lez, Mar\u00eda Victoria Carballo Carrasco, Humberto de Jes\u00fas Sulvar\u00e1n L\u00f3pez y Agust\u00edn Torres Bello<\/strong>.<\/p>\n\n\n\n<p>El <strong>\u00d3rgano de Administraci\u00f3n Judicial<\/strong> ser\u00e1 integrado por <strong>Alma Rosa Flores Ceballos, Mar\u00eda del Socorro Hern\u00e1ndez Cadena, Diana Adivedh Cruz Villegas, Antonio Sobrevilla Castillo y V\u00edctor Luis Priego L\u00f3pez<\/strong>. En tanto, la magistrada <strong>Luz Mar\u00eda L\u00f3pez Aburto<\/strong> asumir\u00e1 el cargo de magistrada presidenta del <strong>Tribunal de Conciliaci\u00f3n y Arbitraje<\/strong>.<\/p>\n\n\n\n<p>Con este paso hist\u00f3rico, el <strong>Poder Judicial de Veracruz<\/strong> refrenda su compromiso con la democracia, la legalidad y la modernizaci\u00f3n de la justicia, en beneficio de todas y todos los veracruzanos.<\/p>\n","protected":false},"excerpt":{"rendered":"<p>Derivado de la hist\u00f3rica elecci\u00f3n del pasado 01 de junio, magistradas, magistrados y personas juzgadoras que resultaron electas por voto popular, rindieron protesta ante el pleno del Congreso del Estado, ejercicio in\u00e9dito en la vida democr\u00e1tica de la entidad tras la reforma constitucional aprobada en diciembre del 2024. En la sesi\u00f3n solemne, encabezada por la [&hellip;]<\/p>\n","protected":false},"author":2,"featured_media":151786,"comment_status":"closed","ping_status":"closed","sticky":false,"template":"","format":"standard","meta":{"_jetpack_newsletter_access":"","_jetpack_dont_email_post_to_subs":false,"_jetpack_newsletter_tier_id":0,"_jetpack_memberships_contains_paywalled_content":false,"_jetpack_memberships_contains_paid_content":false,"footnotes":""},"categories":[73],"tags":[45907,45905,45848,45902,45906],"class_list":["post-151785","post","type-post","status-publish","format-standard","has-post-thumbnail","hentry","category-de-boleto","tag-magistrados-electos-voto-popular","tag-organo-de-administracion-judicial-veracruz","tag-poder-judicial-veracruz","tag-rocio-nahle-congreso-veracruz","tag-rosalba-hernandez-hernandez-tsj"],"jetpack_featured_media_url":"https:\/\/lospoliticosveracruz.com.mx\/wp-content\/uploads\/2025\/09\/WhatsApp-Image-2025-09-01-at-20.52.30.jpeg","jetpack_sharing_enabled":true,"jetpack_shortlink":"https:\/\/wp.me\/p4Qcd3-Du9","_links":{"self":[{"href":"https:\/\/lospoliticosveracruz.com.mx\/index.php?rest_route=\/wp\/v2\/posts\/151785","targetHints":{"allow":["GET"]}}],"collection":[{"href":"https:\/\/lospoliticosveracruz.com.mx\/index.php?rest_route=\/wp\/v2\/posts"}],"about":[{"href":"https:\/\/lospoliticosveracruz.com.mx\/index.php?rest_route=\/wp\/v2\/types\/post"}],"author":[{"embeddable":true,"href":"https:\/\/lospoliticosveracruz.com.mx\/index.php?rest_route=\/wp\/v2\/users\/2"}],"replies":[{"embeddable":true,"href":"https:\/\/lospoliticosveracruz.com.mx\/index.php?rest_route=%2Fwp%2Fv2%2Fcomments&post=151785"}],"version-history":[{"count":2,"href":"https:\/\/lospoliticosveracruz.com.mx\/index.php?rest_route=\/wp\/v2\/posts\/151785\/revisions"}],"predecessor-version":[{"id":151788,"href":"https:\/\/lospoliticosveracruz.com.mx\/index.php?rest_route=\/wp\/v2\/posts\/151785\/revisions\/151788"}],"wp:featuredmedia":[{"embeddable":true,"href":"https:\/\/lospoliticosveracruz.com.mx\/index.php?rest_route=\/wp\/v2\/media\/151786"}],"wp:attachment":[{"href":"https:\/\/lospoliticosveracruz.com.mx\/index.php?rest_route=%2Fwp%2Fv2%2Fmedia&parent=151785"}],"wp:term":[{"taxonomy":"category","embeddable":true,"href":"https:\/\/lospoliticosveracruz.com.mx\/index.php?rest_route=%2Fwp%2Fv2%2Fcategories&post=151785"},{"taxonomy":"post_tag","embeddable":true,"href":"https:\/\/lospoliticosveracruz.com.mx\/index.php?rest_route=%2Fwp%2Fv2%2Ftags&post=151785"}],"curies":[{"name":"wp","href":"https:\/\/api.w.org\/{rel}","templated":true}]}}