{"id":151789,"date":"2025-09-01T22:10:49","date_gmt":"2025-09-02T03:10:49","guid":{"rendered":"https:\/\/lospoliticosveracruz.com.mx\/?p=151789"},"modified":"2025-09-01T22:11:06","modified_gmt":"2025-09-02T03:11:06","slug":"es-alma-rosa","status":"publish","type":"post","link":"https:\/\/lospoliticosveracruz.com.mx\/?p=151789","title":{"rendered":"ES ALMA ROSA!"},"content":{"rendered":"\n\n\n<p>Tras rendir protesta ante el <strong>Congreso del Estado<\/strong>, las y los integrantes del pleno del <strong>\u00d3rgano de Administraci\u00f3n Judicial<\/strong> eligieron por el m\u00e9todo de insaculaci\u00f3n a la maestra <strong>Alma Rosa Flores Ceballos<\/strong> como su presidenta.<\/p>\n\n\n\n<p>En sesi\u00f3n privada, se realiz\u00f3 el procedimiento establecido en la normatividad mediante el cual se designa a la persona que encabezar\u00e1 los trabajos de este \u00f3rgano jurisdiccional.<\/p>\n\n\n\n<p>Este hecho marca un paso firme en la consolidaci\u00f3n de la nueva estructura del <strong>Poder Judicial de Veracruz<\/strong> y refuerza el compromiso institucional de mantener una justicia cercana, transparente y con plena representatividad social.<\/p>\n\n\n\n<p>Adem\u00e1s de la presidenta <strong>Alma Rosa Flores Ceballos<\/strong>, el \u00f3rgano est\u00e1 conformado por <strong>Mar\u00eda del Socorro Hern\u00e1ndez Cadena, Diana Adivedh Cruz Villegas, Antonio Sobrevilla Castillo y V\u00edctor Luis Priego L\u00f3pez<\/strong>.<\/p>\n","protected":false},"excerpt":{"rendered":"<p>Tras rendir protesta ante el Congreso del Estado, las y los integrantes del pleno del \u00d3rgano de Administraci\u00f3n Judicial eligieron por el m\u00e9todo de insaculaci\u00f3n a la maestra Alma Rosa Flores Ceballos como su presidenta. En sesi\u00f3n privada, se realiz\u00f3 el procedimiento establecido en la normatividad mediante el cual se designa a la persona que [&hellip;]<\/p>\n","protected":false},"author":2,"featured_media":151791,"comment_status":"closed","ping_status":"closed","sticky":false,"template":"","format":"standard","meta":{"_jetpack_newsletter_access":"","_jetpack_dont_email_post_to_subs":false,"_jetpack_newsletter_tier_id":0,"_jetpack_memberships_contains_paywalled_content":false,"_jetpack_memberships_contains_paid_content":false,"footnotes":""},"categories":[73],"tags":[],"class_list":["post-151789","post","type-post","status-publish","format-standard","has-post-thumbnail","hentry","category-de-boleto"],"jetpack_featured_media_url":"https:\/\/lospoliticosveracruz.com.mx\/wp-content\/uploads\/2025\/09\/Poder-Judicial.jpeg","jetpack_sharing_enabled":true,"jetpack_shortlink":"https:\/\/wp.me\/p4Qcd3-Dud","_links":{"self":[{"href":"https:\/\/lospoliticosveracruz.com.mx\/index.php?rest_route=\/wp\/v2\/posts\/151789","targetHints":{"allow":["GET"]}}],"collection":[{"href":"https:\/\/lospoliticosveracruz.com.mx\/index.php?rest_route=\/wp\/v2\/posts"}],"about":[{"href":"https:\/\/lospoliticosveracruz.com.mx\/index.php?rest_route=\/wp\/v2\/types\/post"}],"author":[{"embeddable":true,"href":"https:\/\/lospoliticosveracruz.com.mx\/index.php?rest_route=\/wp\/v2\/users\/2"}],"replies":[{"embeddable":true,"href":"https:\/\/lospoliticosveracruz.com.mx\/index.php?rest_route=%2Fwp%2Fv2%2Fcomments&post=151789"}],"version-history":[{"count":2,"href":"https:\/\/lospoliticosveracruz.com.mx\/index.php?rest_route=\/wp\/v2\/posts\/151789\/revisions"}],"predecessor-version":[{"id":151793,"href":"https:\/\/lospoliticosveracruz.com.mx\/index.php?rest_route=\/wp\/v2\/posts\/151789\/revisions\/151793"}],"wp:featuredmedia":[{"embeddable":true,"href":"https:\/\/lospoliticosveracruz.com.mx\/index.php?rest_route=\/wp\/v2\/media\/151791"}],"wp:attachment":[{"href":"https:\/\/lospoliticosveracruz.com.mx\/index.php?rest_route=%2Fwp%2Fv2%2Fmedia&parent=151789"}],"wp:term":[{"taxonomy":"category","embeddable":true,"href":"https:\/\/lospoliticosveracruz.com.mx\/index.php?rest_route=%2Fwp%2Fv2%2Fcategories&post=151789"},{"taxonomy":"post_tag","embeddable":true,"href":"https:\/\/lospoliticosveracruz.com.mx\/index.php?rest_route=%2Fwp%2Fv2%2Ftags&post=151789"}],"curies":[{"name":"wp","href":"https:\/\/api.w.org\/{rel}","templated":true}]}}