{"id":151794,"date":"2025-09-01T23:27:28","date_gmt":"2025-09-02T04:27:28","guid":{"rendered":"https:\/\/lospoliticosveracruz.com.mx\/?p=151794"},"modified":"2025-09-01T23:27:45","modified_gmt":"2025-09-02T04:27:45","slug":"ayuntamientos-con-observaciones","status":"publish","type":"post","link":"https:\/\/lospoliticosveracruz.com.mx\/?p=151794","title":{"rendered":"AYUNTAMIENTOS, CON OBSERVACIONES"},"content":{"rendered":"\n\n\n<p><strong>Enrique Yasser Pompeyo<\/strong><\/p>\n\n\n\n<p><em>Mesa de Redacci\u00f3n<\/em><\/p>\n\n\n\n<p>Son varios los ayuntamientos veracruzanos que a\u00fan tienen observaciones de diferentes Cuentas P\u00fablicas.<\/p>\n\n\n\n<p>Pero lo que m\u00e1s llama la atenci\u00f3n es que dichos pendientes son de Ejercicios Fiscales que datan de los a\u00f1os 2019, 2020, 2021, 2022 y 2023.<\/p>\n\n\n\n<p>Hay otro dato relevante. De acuerdo con el \u00d3rgano de Fiscalizaci\u00f3n Superior de Veracruz (ORFIS), a principios de este a\u00f1o, ten\u00eda m\u00e1s de mil expedientes, de los cuales todav\u00eda quedan alrededor de 150.<\/p>\n\n\n\n<p>Las observaciones que se encuentran pendientes por solventar por parte de los entes municipales incluyen falta de comprobaci\u00f3n, falta de validaciones, permisos, factibilidades, sobre todo en obras.<\/p>\n\n\n\n<p>Si bien en algunos casos las autoridades municipales reintegraron recursos, hay otras que todav\u00eda est\u00e1n pendientes por presentarlos.<\/p>\n\n\n\n<p>Esta situaci\u00f3n no es nueva. Las presuntas irregularidades se presentan a\u00f1o con a\u00f1o.<\/p>\n\n\n\n<p>Por cierto, el pr\u00f3ximo 5 de septiembre el ORFIS entregar\u00e1 al Congreso del Estado un informe de los avances que tienen de las Cuentas P\u00fablicas pasadas, cuyas actuales administraciones las han ido solventando.<\/p>\n\n\n\n<p>El \u00d3rgano de Fiscalizaci\u00f3n Superior de Veracruz tambi\u00e9n ha implementado un programa interno para atender y concluir este a\u00f1o el mayor n\u00famero de expedientes posibles.<\/p>\n\n\n\n<p>Al final, los \u00fanicos casos de ayuntamientos que pasar\u00edan a la Fiscal\u00eda General del Estado ser\u00edan los que no integraron la documentaci\u00f3n correspondiente.<\/p>\n\n\n\n<p>Ya se vera si algunas autoridades municipales pisar\u00e1n la sombra o como suele ocurrir no habr\u00e1 responsabilidad para los altos mandos, sino solo para funcionarios menores.<\/p>\n\n\n\n<p>enriquepompeyo@hotmail.com<\/p>\n","protected":false},"excerpt":{"rendered":"<p>Enrique Yasser Pompeyo Mesa de Redacci\u00f3n Son varios los ayuntamientos veracruzanos que a\u00fan tienen observaciones de diferentes Cuentas P\u00fablicas. Pero lo que m\u00e1s llama la atenci\u00f3n es que dichos pendientes son de Ejercicios Fiscales que datan de los a\u00f1os 2019, 2020, 2021, 2022 y 2023. Hay otro dato relevante. De acuerdo con el \u00d3rgano de [&hellip;]<\/p>\n","protected":false},"author":2,"featured_media":141425,"comment_status":"closed","ping_status":"closed","sticky":false,"template":"","format":"standard","meta":{"_jetpack_newsletter_access":"","_jetpack_dont_email_post_to_subs":false,"_jetpack_newsletter_tier_id":0,"_jetpack_memberships_contains_paywalled_content":false,"_jetpack_memberships_contains_paid_content":false,"footnotes":""},"categories":[70],"tags":[23263,195],"class_list":["post-151794","post","type-post","status-publish","format-standard","has-post-thumbnail","hentry","category-de-opinion","tag-observaciones","tag-veracruz"],"jetpack_featured_media_url":"https:\/\/lospoliticosveracruz.com.mx\/wp-content\/uploads\/2025\/04\/Pompeyo.jpg","jetpack_sharing_enabled":true,"jetpack_shortlink":"https:\/\/wp.me\/p4Qcd3-Dui","_links":{"self":[{"href":"https:\/\/lospoliticosveracruz.com.mx\/index.php?rest_route=\/wp\/v2\/posts\/151794","targetHints":{"allow":["GET"]}}],"collection":[{"href":"https:\/\/lospoliticosveracruz.com.mx\/index.php?rest_route=\/wp\/v2\/posts"}],"about":[{"href":"https:\/\/lospoliticosveracruz.com.mx\/index.php?rest_route=\/wp\/v2\/types\/post"}],"author":[{"embeddable":true,"href":"https:\/\/lospoliticosveracruz.com.mx\/index.php?rest_route=\/wp\/v2\/users\/2"}],"replies":[{"embeddable":true,"href":"https:\/\/lospoliticosveracruz.com.mx\/index.php?rest_route=%2Fwp%2Fv2%2Fcomments&post=151794"}],"version-history":[{"count":2,"href":"https:\/\/lospoliticosveracruz.com.mx\/index.php?rest_route=\/wp\/v2\/posts\/151794\/revisions"}],"predecessor-version":[{"id":151796,"href":"https:\/\/lospoliticosveracruz.com.mx\/index.php?rest_route=\/wp\/v2\/posts\/151794\/revisions\/151796"}],"wp:featuredmedia":[{"embeddable":true,"href":"https:\/\/lospoliticosveracruz.com.mx\/index.php?rest_route=\/wp\/v2\/media\/141425"}],"wp:attachment":[{"href":"https:\/\/lospoliticosveracruz.com.mx\/index.php?rest_route=%2Fwp%2Fv2%2Fmedia&parent=151794"}],"wp:term":[{"taxonomy":"category","embeddable":true,"href":"https:\/\/lospoliticosveracruz.com.mx\/index.php?rest_route=%2Fwp%2Fv2%2Fcategories&post=151794"},{"taxonomy":"post_tag","embeddable":true,"href":"https:\/\/lospoliticosveracruz.com.mx\/index.php?rest_route=%2Fwp%2Fv2%2Ftags&post=151794"}],"curies":[{"name":"wp","href":"https:\/\/api.w.org\/{rel}","templated":true}]}}