{"id":151917,"date":"2025-09-03T19:27:07","date_gmt":"2025-09-04T00:27:07","guid":{"rendered":"https:\/\/lospoliticosveracruz.com.mx\/?p=151917"},"modified":"2025-09-03T19:27:19","modified_gmt":"2025-09-04T00:27:19","slug":"fuego-amigo-entre-morenos","status":"publish","type":"post","link":"https:\/\/lospoliticosveracruz.com.mx\/?p=151917","title":{"rendered":"FUEGO AMIGO ENTRE MORENOS"},"content":{"rendered":"\n\n\n<p><strong>Rub\u00e9n Morales Aburto<\/strong><\/p>\n\n\n\n<p><em>El Poder y La Pasi\u00f3n<br><\/em><\/p>\n\n\n\n<p>A mi amiga Judith Roldan Tinoco (EPD)<\/p>\n\n\n\n<p>Se sabe en los c\u00edrculos de <strong>CDMX<\/strong>, que quien hizo berrinche para evitar que el diputado federal <strong>Sergio Guti\u00e9rrez Luna<\/strong>, ampliamente quemado y oriundo de <strong>Minatitl\u00e1n, Ver.<\/strong>, quedara en la vicepresidencia de la actual <strong>Mesa Directiva<\/strong>, fue la gobernadora morenista <strong>Roc\u00edo Nahle<\/strong>, quien presuntamente dio la instrucci\u00f3n a diputados federales de: <strong>Morena, PT y PVEM<\/strong>, para que votaran en contra de la integraci\u00f3n de la mesa, o en su caso, se ausentaran. Al final, 21 de los 24 diputados veracruzanos de las tres fracciones parlamentarias, hicieron vac\u00edo y no votaron. Tal parece que la disputa por cargos y la divisi\u00f3n en el partido guinda est\u00e1 m\u00e1s fuerte que nunca. \u00bfSer\u00e1?<\/p>\n\n\n\n<h3 class=\"wp-block-heading\">Hay tiro Tania Carola vs. Naomi<\/h3>\n\n\n\n<p>En la pasada sesi\u00f3n de la <strong>Diputaci\u00f3n Permanente<\/strong> previo al inicio a la llegada de las y los diputados fue muy notorio que al llegar la joven diputada <strong>Naomi Edith G\u00f3mez Santos<\/strong>, hoy presidenta de la mesa directiva, salud\u00f3 de mano a un grupito de sus compa\u00f1eros diputados, menos a la diputada <strong>Tania Carola<\/strong>. Oralee\u00e9\u00e9\u00e9\u00e9.<\/p>\n\n\n\n<h3 class=\"wp-block-heading\">Zuuuuucuuuuu<\/h3>\n\n\n\n<p>Asociaciones de padres de familia no est\u00e1n obligadas a devolver aportaciones voluntarias, dicho por <strong>Pablo Rodr\u00edguez<\/strong>, quien es el delegado de la <strong>ANPF<\/strong>. Aclar\u00f3 que las contribuciones corresponden a las mesas directivas y no a los directores de las escuelas.<\/p>\n\n\n\n<h3 class=\"wp-block-heading\">Az\u00facar, mi sangre!<\/h3>\n\n\n\n<p>Que diputado local de <strong>MORENA<\/strong>, <strong>Felipe Pineda<\/strong>, dice que en el <strong>Congreso del Estado<\/strong> est\u00e1 por crearse la <strong>Comisi\u00f3n Especial de la Industria Azucarera<\/strong> y seguir\u00e1n trabajando en apoyo al sector ya que en <strong>Veracruz<\/strong>, son m\u00e1s de 70 mil productores agr\u00edcolas quienes se dedican a dicho cultivo. Tan solo en su distrito, localizado en la cuenca del <strong>Papaloapan<\/strong>, se ubican los principales municipios productores: <strong>Tres Valles, Tierra Blanca y Cosamaloapan, Ver.<\/strong>, que aportan aproximadamente el 33% de la producci\u00f3n estatal.<\/p>\n\n\n\n<h3 class=\"wp-block-heading\">Telegrama urgente a Gobernadora Nahle<\/h3>\n\n\n\n<p>Por qu\u00e9 madres de familia en <strong>Tehuipango, Ver.<\/strong>, toman dos escuelas por falta de profesores, uno en el <strong>TEBA<\/strong> y al parecer los profes ya no quieren ir a esos lugares por la inseguridad. Y s\u00ed.<\/p>\n\n\n\n<h3 class=\"wp-block-heading\">Azuuuuul<\/h3>\n\n\n\n<p>La diputada local del <strong>PAN<\/strong>, en <strong>Veracruz<\/strong> me asegur\u00f3 que ella de se <strong>\u00c1gueda<\/strong> y seguir\u00e1 siendo panista. Punto.<\/p>\n\n\n\n<h3 class=\"wp-block-heading\">Ratificaci\u00f3n es el verbo<\/h3>\n\n\n\n<p>Que el <strong>Pleno del TEV<\/strong> ya resolvi\u00f3 hoy diversos medios de impugnaci\u00f3n relacionados con la elecci\u00f3n del pasado 1 de junio en la que se renovaron, entre otros cargos p\u00fablicos, las presidencias municipales de los 212 ayuntamientos y confirmaron que las elecciones realizadas en los municipios de: <strong>Actopan, Amatitl\u00e1n, Camar\u00f3n de Tejeda, Catemaco, Castillo de Teayo, Coatzacoalcos, Coacoatzintla, Chiconamel, Chumatl\u00e1n, Naranjal, Puente Nacional, R\u00edo Blanco, San Andr\u00e9s Tuxtla, Sochiapa, Soteapa, Tamiahua, Tepetzintla y Xalapa<\/strong>, entre otros. Punto.<\/p>\n\n\n\n<h3 class=\"wp-block-heading\">De la sesi\u00f3n del congreso<\/h3>\n\n\n\n<p>Entr\u00f3 la renuncia del contralor interno del <strong>Congreso veracruzano<\/strong>, <strong>Ren\u00e9 Buenrostro<\/strong>, con car\u00e1cter de voluntaria e irrevocable.<\/p>\n\n\n\n<h3 class=\"wp-block-heading\">Porque porque porque?<\/h3>\n\n\n\n<p>Los diputados que ganaron la elecci\u00f3n en <strong>Tantoyuca<\/strong> y <strong>Catemaco, Ver.<\/strong> siguen como diputados locales y la joven de <strong>Poza Rica, Ver.<\/strong>, no.<\/p>\n\n\n\n<h3 class=\"wp-block-heading\">Cajas y cajas circulan en el congreso<\/h3>\n\n\n\n<p><strong>Alejandro Porras<\/strong>, el diputado local morenista de <strong>Huatusco, Ver.<\/strong>, chingue y chingue con ocupar su nueva oficina sin haber rendido protesta como secretario de la mesa directiva. S\u00ed, que es feo.<\/p>\n\n\n\n<h3 class=\"wp-block-heading\">La FEFA del informe presidencial<\/h3>\n\n\n\n<p>Se pudo apreciar que en <strong>Palacio Nacional<\/strong>, los que ignoraron a la <strong>Presidenta<\/strong> en marzo, d\u00e1ndole la espalda a su llegada a un evento, estos tres personajes fueron mandados a sentarse muy atr\u00e1s, a la <strong>Federaci\u00f3n de la Fila de Atr\u00e1s (FEFA)<\/strong>, me refiero a <strong>Ad\u00e1n Augusto L\u00f3pez, Ricardo Monreal y Andy L\u00f3pez Beltr\u00e1n<\/strong>. Qu\u00e9 tal?.<\/p>\n\n\n\n<h3 class=\"wp-block-heading\">Chino Chino japon\u00e9s\u2026<\/h3>\n\n\n\n<p>Chinantecos se quejan que el <strong>Mercado Chino<\/strong> ya moja sus artesan\u00edas y estampados en ropa. Zapateros Naolinque\u00f1os est\u00e1n que trinan porque 7 de cada diez pares de zapatitos que se consumen son chinos, esto baja el consumo all\u00e1 en esa zona. Usted c\u00f3mo la ve?.<\/p>\n\n\n\n<h3 class=\"wp-block-heading\">No te digo?<\/h3>\n\n\n\n<p>Que all\u00e1 en <strong>CDMX<\/strong>, en su ritual aut\u00f3ctono invocaron a <strong>Quetzalc\u00f3atl<\/strong>, que eso significa pedir lluvias para la misma ciudad.<\/p>\n\n\n\n<h3 class=\"wp-block-heading\">Qu\u00e9 poca!?<\/h3>\n\n\n\n<p>Ac\u00e1 en el <strong>Congreso veracruzano<\/strong> nos dicen que para el evento de toma de protesta del <strong>Poder Judicial<\/strong>, a los integrantes de los <strong>Pueblos Originarios<\/strong>, los dejaron afuera junto con las hermanas de la propia magistrada <strong>Rosalba Hern\u00e1ndez<\/strong>, que no los dejaron entrar y que se estuvieron mojando con cartulinas echando porras de maqueros. No se vale.<\/p>\n\n\n\n<h3 class=\"wp-block-heading\">Este s\u00e1bado por la noche<\/h3>\n\n\n\n<p>La fiscal especializada de <strong>Xalapa<\/strong> sufre aparatosa volcadura en la autopista <strong>Cardel\u2013Poza Rica<\/strong>; resulta ilesa. El accidente ocurri\u00f3 a la altura del kil\u00f3metro 123, en el municipio de <strong>Vega de Alatorre, Ver.<\/strong>, la conductora, <strong>Astrid Guadalupe<\/strong>, perdi\u00f3 el control de su veh\u00edculo.<\/p>\n\n\n\n<h3 class=\"wp-block-heading\">Agua en Miguellitos<\/h3>\n\n\n\n<p>Inaugurar\u00e1n sistema de agua. Primer pozo de origen comunitario con origen n\u00e1huatl mexica. Ya que estuvieron 80 a\u00f1os sin agua potable en casas. Recordar que ni\u00f1os llevan sus 2 litros de agua para su ba\u00f1o, en la escuela primaria. Solo abastecen con pipa de agua de a $ 800.<\/p>\n\n\n\n<h3 class=\"wp-block-heading\">Ajaaaaa<\/h3>\n\n\n\n<p><strong>Veracruz<\/strong> ser\u00e1 sede de torneo internacional de voleibol de playa en octubre.<\/p>\n\n\n\n<h3 class=\"wp-block-heading\">Acoooooo?<\/h3>\n\n\n\n<p>Directores de escuelas de educaci\u00f3n <strong>Media Superior<\/strong> tendr\u00e1n que explicar por qu\u00e9 cobraron inscripci\u00f3n cuando la orden era que no habr\u00eda cobro, declar\u00f3 la <strong>Gobernadora Nahle<\/strong>.<\/p>\n\n\n\n<h3 class=\"wp-block-heading\">Una vez m\u00e1s de Changole\u00f3n<\/h3>\n\n\n\n<p>\u00a1Noticia Bomba!, as\u00ed se maneja all\u00e1 en el altiplano, que el mismo alcalde de <strong>Tepoztl\u00e1n<\/strong> revel\u00f3 en una entrevista que <strong>Emiliano Gonz\u00e1lez<\/strong>, o como algunos lo conocen: el misterioso aviador de verde (el que sali\u00f3 volando al primer empuj\u00f3n de <strong>Alito Moreno<\/strong>), tambi\u00e9n acaba de adquirir una propiedad en Tepoztl\u00e1n. Qu\u00e9 tal?.<\/p>\n\n\n\n<h3 class=\"wp-block-heading\">Vaya vaya Tacubaya<\/h3>\n\n\n\n<p>Y que se peguen tantita suerte esos morenistas cuatroteros, que con un sueldo de \u00abfot\u00f3grafo\u00bb se pueden hacer de propiedades en una de las zonas de mayor plusval\u00eda de todo el <strong>Estado de Morelos<\/strong>.<\/p>\n\n\n\n<h3 class=\"wp-block-heading\">Y, c\u00f3mo la ve?<\/h3>\n\n\n\n<p>Que el alcalde de <strong>Tepoztl\u00e1n<\/strong> tambi\u00e9n confirm\u00f3 que ni <strong>Emiliano Gonz\u00e1lez<\/strong> ni <strong>Fern\u00e1ndez Noro\u00f1a<\/strong> pagan el predial correspondiente, as\u00ed se confirma que el <strong>Changole\u00f3n<\/strong> es congruente pues hoy, como ayer, se reh\u00fasa a pagar sus impuestos lo que nos recuerda aquellos viejos a\u00f1os en que era un don nadie y se negaba a pagar el IVA de sus gansitos.<\/p>\n\n\n\n<h3 class=\"wp-block-heading\">Huele a rico caf\u00e9<\/h3>\n\n\n\n<p>Que el <strong>Club de Periodistas de M\u00e9xico A.C.<\/strong>, delegaci\u00f3n <strong>Coatepec<\/strong>, que preside el periodista <strong>Antonio Arturo P\u00e9rez<\/strong>, se sumar\u00e1 a los festejos del 82 aniversario de <strong>Diario de Xalapa<\/strong> de <strong>Organizaci\u00f3n Editorial Mexicana<\/strong> con la inauguraci\u00f3n <em>\u201cHumor de Nicanor\u201d<\/em> que se presentar\u00e1 en el <strong>Centro Cultural en Coatepec<\/strong> a las 18:00 horas el pr\u00f3ximo 13 de septiembre.<\/p>\n","protected":false},"excerpt":{"rendered":"<p>Rub\u00e9n Morales Aburto El Poder y La Pasi\u00f3n A mi amiga Judith Roldan Tinoco (EPD) Se sabe en los c\u00edrculos de CDMX, que quien hizo berrinche para evitar que el diputado federal Sergio Guti\u00e9rrez Luna, ampliamente quemado y oriundo de Minatitl\u00e1n, Ver., quedara en la vicepresidencia de la actual Mesa Directiva, fue la gobernadora morenista [&hellip;]<\/p>\n","protected":false},"author":2,"featured_media":143902,"comment_status":"closed","ping_status":"closed","sticky":false,"template":"","format":"standard","meta":{"_jetpack_newsletter_access":"","_jetpack_dont_email_post_to_subs":false,"_jetpack_newsletter_tier_id":0,"_jetpack_memberships_contains_paywalled_content":false,"_jetpack_memberships_contains_paid_content":false,"footnotes":""},"categories":[70],"tags":[331,25035,19822,44353,43802,16147],"class_list":["post-151917","post","type-post","status-publish","format-standard","has-post-thumbnail","hentry","category-de-opinion","tag-congreso-del-estado","tag-morena-veracruz","tag-poder-judicial-de-veracruz","tag-rocio-nahle-veracruz","tag-ruben-morales-aburto","tag-sergio-gutierrez-luna"],"jetpack_featured_media_url":"https:\/\/lospoliticosveracruz.com.mx\/wp-content\/uploads\/2025\/05\/Ruben-Morales-Aburto.jpg","jetpack_sharing_enabled":true,"jetpack_shortlink":"https:\/\/wp.me\/p4Qcd3-Dwh","_links":{"self":[{"href":"https:\/\/lospoliticosveracruz.com.mx\/index.php?rest_route=\/wp\/v2\/posts\/151917","targetHints":{"allow":["GET"]}}],"collection":[{"href":"https:\/\/lospoliticosveracruz.com.mx\/index.php?rest_route=\/wp\/v2\/posts"}],"about":[{"href":"https:\/\/lospoliticosveracruz.com.mx\/index.php?rest_route=\/wp\/v2\/types\/post"}],"author":[{"embeddable":true,"href":"https:\/\/lospoliticosveracruz.com.mx\/index.php?rest_route=\/wp\/v2\/users\/2"}],"replies":[{"embeddable":true,"href":"https:\/\/lospoliticosveracruz.com.mx\/index.php?rest_route=%2Fwp%2Fv2%2Fcomments&post=151917"}],"version-history":[{"count":1,"href":"https:\/\/lospoliticosveracruz.com.mx\/index.php?rest_route=\/wp\/v2\/posts\/151917\/revisions"}],"predecessor-version":[{"id":151918,"href":"https:\/\/lospoliticosveracruz.com.mx\/index.php?rest_route=\/wp\/v2\/posts\/151917\/revisions\/151918"}],"wp:featuredmedia":[{"embeddable":true,"href":"https:\/\/lospoliticosveracruz.com.mx\/index.php?rest_route=\/wp\/v2\/media\/143902"}],"wp:attachment":[{"href":"https:\/\/lospoliticosveracruz.com.mx\/index.php?rest_route=%2Fwp%2Fv2%2Fmedia&parent=151917"}],"wp:term":[{"taxonomy":"category","embeddable":true,"href":"https:\/\/lospoliticosveracruz.com.mx\/index.php?rest_route=%2Fwp%2Fv2%2Fcategories&post=151917"},{"taxonomy":"post_tag","embeddable":true,"href":"https:\/\/lospoliticosveracruz.com.mx\/index.php?rest_route=%2Fwp%2Fv2%2Ftags&post=151917"}],"curies":[{"name":"wp","href":"https:\/\/api.w.org\/{rel}","templated":true}]}}