{"id":151921,"date":"2025-09-03T20:56:22","date_gmt":"2025-09-04T01:56:22","guid":{"rendered":"https:\/\/lospoliticosveracruz.com.mx\/?p=151921"},"modified":"2025-09-03T20:56:59","modified_gmt":"2025-09-04T01:56:59","slug":"hay-confianza","status":"publish","type":"post","link":"https:\/\/lospoliticosveracruz.com.mx\/?p=151921","title":{"rendered":"HAY CONFIANZA!"},"content":{"rendered":"\n\n\n<p>La presencia de veracruzanas y veracruzanos procedentes de diversas regiones de la entidad en el <strong>Palacio Legislativo<\/strong> cada mi\u00e9rcoles es muestra de la confianza de la gente en sus representantes, expres\u00f3 el presidente de la <strong>Junta de Coordinaci\u00f3n Pol\u00edtica<\/strong>, <strong>Esteban Bautista Hern\u00e1ndez<\/strong>, en una jornada m\u00e1s de atenci\u00f3n ciudadana.<\/p>\n\n\n\n\n\n<p>Luego de saludar a quienes hoy acudieron la casa del pueblo veracruzano, el legislador expres\u00f3 su benepl\u00e1cito, ya que \u201chan encontrado en los mi\u00e9rcoles el espacio adecuado para entablar un di\u00e1logo abierto y franco con nosotros, para hablar de la realidad que viven en sus municipios y comunidades, de las necesidades que enfrentan todos los d\u00edas\u201d.<\/p>\n\n\n\n<p>Entre los diversos asuntos que le presentaron este d\u00eda, destacan los relacionados con requerimientos escolares, como en la primaria <strong>Francisco I. Madero<\/strong>, de <strong>Cerro Gordo<\/strong>, que necesita una computadora y un proyector, y con infraestructura, como el puente <strong>La Hamaca<\/strong>, de la comunidad <strong>El Tular<\/strong>, municipio de <strong>Santiago Tuxtla<\/strong>, que es paso obligado para estudiantes y pobladores de las comunidades <strong>El Tular, San Sim\u00f3n, 5 de Mayo, El Pretil, La Pitahaya y Las Pochotas<\/strong>, entre otras, que, de acuerdo con la parte solicitante, requiere atenci\u00f3n urgente.<\/p>\n\n\n\n<p>Ante las necesidades de la poblaci\u00f3n, a\u00f1adi\u00f3 <strong>Esteban Bautista Hern\u00e1ndez<\/strong>, en el <strong>Congreso del Estado<\/strong> \u201cmantenemos el compromiso de servirles, de atenderles y ver de qu\u00e9 manera podemos acompa\u00f1arles y apoyarles en los tr\u00e1mites que necesiten hacer, ofrecerles las facilidades y llevar a cabo la gesti\u00f3n ante alguna autoridad o dependencia\u201d.<\/p>\n\n\n\n<p>Asegur\u00f3 que este compromiso emana de la confianza: \u201c\u00c9ste es un <strong>Congreso<\/strong> cercano a la gente, de territorio m\u00e1s que de escritorio, que conoce directamente la realidad de las comunidades y de las personas. Adem\u00e1s de recibirlos aqu\u00ed, nosotros visitamos los municipios y hablamos con la gente, porque nosotros fuimos elegidos por el pueblo y de entre el pueblo, y por eso conf\u00edan en nosotros\u201d.<\/p>\n\n\n\n<p>Por otra parte, al lado de las diputadas <strong>Naomi Edith G\u00f3mez Santos<\/strong>, presidenta de la <strong>Mesa Directiva<\/strong> de este Congreso, y <strong>Janix Liliana Castro Mu\u00f1oz<\/strong>, el legislador <strong>Esteban Bautista Hern\u00e1ndez<\/strong> salud\u00f3 a los integrantes de la agrupaci\u00f3n musical <strong>La Afromestiza Banda San Miguel<\/strong>, de <strong>Almolonga<\/strong>, municipio de <strong>Naolinco<\/strong>, que se present\u00f3 y engalan\u00f3 esta jornada de actividades.<\/p>\n","protected":false},"excerpt":{"rendered":"<p>La presencia de veracruzanas y veracruzanos procedentes de diversas regiones de la entidad en el Palacio Legislativo cada mi\u00e9rcoles es muestra de la confianza de la gente en sus representantes, expres\u00f3 el presidente de la Junta de Coordinaci\u00f3n Pol\u00edtica, Esteban Bautista Hern\u00e1ndez, en una jornada m\u00e1s de atenci\u00f3n ciudadana. Luego de saludar a quienes hoy [&hellip;]<\/p>\n","protected":false},"author":2,"featured_media":151922,"comment_status":"closed","ping_status":"closed","sticky":false,"template":"","format":"standard","meta":{"_jetpack_newsletter_access":"","_jetpack_dont_email_post_to_subs":false,"_jetpack_newsletter_tier_id":0,"_jetpack_memberships_contains_paywalled_content":false,"_jetpack_memberships_contains_paid_content":false,"footnotes":""},"categories":[43718],"tags":[393,18437,9444,45942,42481],"class_list":["post-151921","post","type-post","status-publish","format-standard","has-post-thumbnail","hentry","category-elpalaciodeencanto","tag-congreso-de-veracruz","tag-esteban-bautista-hernandez","tag-junta-de-coordinacion-politica","tag-miercoles-de-atencion-ciudadana","tag-naomi-edith-gomez-santos"],"jetpack_featured_media_url":"https:\/\/lospoliticosveracruz.com.mx\/wp-content\/uploads\/2025\/09\/WhatsApp-Image-2025-09-03-at-19.53.24.jpeg","jetpack_sharing_enabled":true,"jetpack_shortlink":"https:\/\/wp.me\/p4Qcd3-Dwl","_links":{"self":[{"href":"https:\/\/lospoliticosveracruz.com.mx\/index.php?rest_route=\/wp\/v2\/posts\/151921","targetHints":{"allow":["GET"]}}],"collection":[{"href":"https:\/\/lospoliticosveracruz.com.mx\/index.php?rest_route=\/wp\/v2\/posts"}],"about":[{"href":"https:\/\/lospoliticosveracruz.com.mx\/index.php?rest_route=\/wp\/v2\/types\/post"}],"author":[{"embeddable":true,"href":"https:\/\/lospoliticosveracruz.com.mx\/index.php?rest_route=\/wp\/v2\/users\/2"}],"replies":[{"embeddable":true,"href":"https:\/\/lospoliticosveracruz.com.mx\/index.php?rest_route=%2Fwp%2Fv2%2Fcomments&post=151921"}],"version-history":[{"count":2,"href":"https:\/\/lospoliticosveracruz.com.mx\/index.php?rest_route=\/wp\/v2\/posts\/151921\/revisions"}],"predecessor-version":[{"id":151924,"href":"https:\/\/lospoliticosveracruz.com.mx\/index.php?rest_route=\/wp\/v2\/posts\/151921\/revisions\/151924"}],"wp:featuredmedia":[{"embeddable":true,"href":"https:\/\/lospoliticosveracruz.com.mx\/index.php?rest_route=\/wp\/v2\/media\/151922"}],"wp:attachment":[{"href":"https:\/\/lospoliticosveracruz.com.mx\/index.php?rest_route=%2Fwp%2Fv2%2Fmedia&parent=151921"}],"wp:term":[{"taxonomy":"category","embeddable":true,"href":"https:\/\/lospoliticosveracruz.com.mx\/index.php?rest_route=%2Fwp%2Fv2%2Fcategories&post=151921"},{"taxonomy":"post_tag","embeddable":true,"href":"https:\/\/lospoliticosveracruz.com.mx\/index.php?rest_route=%2Fwp%2Fv2%2Ftags&post=151921"}],"curies":[{"name":"wp","href":"https:\/\/api.w.org\/{rel}","templated":true}]}}