{"id":151987,"date":"2025-09-04T14:13:14","date_gmt":"2025-09-04T19:13:14","guid":{"rendered":"https:\/\/lospoliticosveracruz.com.mx\/?p=151987"},"modified":"2025-09-04T14:13:39","modified_gmt":"2025-09-04T19:13:39","slug":"la-obediencia-artificial","status":"publish","type":"post","link":"https:\/\/lospoliticosveracruz.com.mx\/?p=151987","title":{"rendered":"LA OBEDIENCIA ARTIFICIAL"},"content":{"rendered":"\n<p><strong>Inocencio Y\u00e1\u00f1ez Vicencio<\/strong><\/p>\n\n\n\n<p>En toda sociedad dividida entre dominadores y dominados, los primeros no s\u00f3lo se valen de la fuerza sino tambi\u00e9n de un arsenal de ideas para ser aceptados. Ante mayor resistencia m\u00e1s aparato coactivo, ante menos resistencia m\u00e1s aparato doctrinario. Nunca basta uno, oscilan de acuerdo a la aceptaci\u00f3n o rebeld\u00eda. La predominancia de uno depende del grado de obediencia o rechazo.<\/p>\n\n\n\n<p>Presentar la divisi\u00f3n entre gobernantes y gobernados como la \u00fanica o la m\u00e1s importante, tiene el prop\u00f3sito de ocultar las divisiones sociales y econ\u00f3micas. Mostrar que los partidos pol\u00edticos surgen a partir del lazo entre elegidos y electores, es esconder que los partidos son producto y expresi\u00f3n de las diferencias sociales.<\/p>\n\n\n\n<p>Los grupos que son due\u00f1os de la riqueza buscan que las personas y partidos que lleguen a la direcci\u00f3n del Estado sean afines a ellos o de su clase, pero hay momentos que pueden alzarse por v\u00eda electoral u otros medios, grupos con relativa autonom\u00eda. Ante las crisis, ya se ha visto que los grandes capitales echan mano de bandas que limpien el espacio de todos los grupos y movimientos que amenacen la apropiaci\u00f3n del excedente de la fuerza de trabajo.<\/p>\n\n\n\n<p>En M\u00e9xico, irrumpe un movimiento populista en 2018, que haci\u00e9ndose pasar por una expresi\u00f3n de izquierda, suplantando a la izquierda, es apoyado por capitales que adem\u00e1s de buscar salvar al sistema de dominaci\u00f3n de una erosi\u00f3n incontrolable, desacredite la lucha de los trabajadores, enviando al olvido sus aut\u00e9nticas reivindicaciones.<\/p>\n\n\n\n<p><strong>Morena<\/strong>&nbsp;y&nbsp;<strong>AMLO<\/strong>, llegan mont\u00e1ndose en el discurso de la&nbsp;<strong>Iglesia Cat\u00f3lica, Televisa<\/strong>, las escuelas particulares, las organizaciones patronales\u2026 que desde que los hombres y mujeres que hicieron la Revoluci\u00f3n de 1910-14, destruyen el latifundio y la gran hacienda, realizan el gran reparto de la tierra, vencen la reacci\u00f3n de Huerta, nos dan la&nbsp;<strong>Constituci\u00f3n de 1917<\/strong>, crean el Estado laico, fundan un sistema educativo gratuito, cr\u00edtico y cient\u00edfico y se dan a la tarea de construir un sistema republicano y democr\u00e1tico; un discurso que se resume en destruir el Estado fundado por la Revoluci\u00f3n mexicana, para dejar que el mercado tome las decisiones comunes.<\/p>\n\n\n\n<p>Privilegiar el reparto del gasto ante el reparto de la riqueza, va contra la esencia misma del marxismo, no por algo Habermas, reprueba el asistencialismo por anestesiador. Crear un sistema de pensi\u00f3n universal, cuando los sistemas de pensiones est\u00e1n en quiebra en los pa\u00edses m\u00e1s avanzados, no \u00fanicamente es irresponsable porque ha tenido que financiarse con deuda p\u00fablica, que simplemente en el \u00faltimo a\u00f1o de&nbsp;<strong>AMLO<\/strong>, arroj\u00f3 un d\u00e9ficit de 1.97 billones de pesos que tuvo que fondearse con m\u00e1s cr\u00e9dito, d\u00e9ficit superior al Fobaproa.<\/p>\n\n\n\n<p><strong>Morena<\/strong>, no ataca a una clase social, ataca a sus adversarios, que incluye en un concepto de pueblo, donde incluye nada m\u00e1s a sus adversarios, sean capos, barones del dinero o desclasados. Los marxistas condenan el culto a la personalidad en tanto&nbsp;<strong>Morena<\/strong>&nbsp;lo exacerba. Los marxistas tienen un pertrecho \u00e9tico mientras los seguidores de&nbsp;<strong>AMLO<\/strong>, le expropian sus bienes al pueblo bueno y sabio. Para&nbsp;<strong>AMLO<\/strong>&nbsp;y&nbsp;<strong>Claudia<\/strong>, ser soberano es aumentar a lo doble la deuda y colocar diez mil soldados en la frontera norte, para que no pase nadie hacia&nbsp;<strong>Estados Unidos<\/strong>, es negar un d\u00eda y reconocer al otro d\u00eda, que aviones y barcos gringos est\u00e1n en nuestro territorio, llamar cooperaci\u00f3n hacer todo lo que el Imperio le ordene.<\/p>\n\n\n\n<p>Denomina eliminar la corrupci\u00f3n dar impunidad a los funcionarios ligados a la Barredora, dar impunidad a los que han sido se\u00f1alados de saquear la&nbsp;<strong>Refiner\u00eda de Dos Bocas<\/strong>, dar impunidad a los sinverg\u00fcenzas que robaron&nbsp;<strong>SEGALMEX<\/strong>, hacerse de la vista gorda que&nbsp;<strong>Noro\u00f1a<\/strong>&nbsp;haga alarde de un sospechoso enriquecimiento y todav\u00eda defenderlo, con lo cual se hace c\u00f3mplice, abrirle a sus adversarios investigaciones por notas period\u00edsticas pero guarda silencio de los funcionarios que tiene&nbsp;<strong>Nahle<\/strong>, en Obras P\u00fablicas, que aparecen ligados a il\u00edcitos en documentos desclasificados del gobierno estadounidense, no hacer nada de los negocios denunciados con la construcci\u00f3n del&nbsp;<strong>Tren Maya<\/strong>\u2026<\/p>\n\n\n\n<p>Habiendo desaparecido los \u00f3rganos aut\u00f3nomos, toda la informaci\u00f3n no puede ser cre\u00edble, porque alteraron hasta los factores e \u00edndices para medir la pobreza, al grado que son desmentidas sus cuentas alegres por la&nbsp;<strong>OCDE<\/strong>.<\/p>\n\n\n\n<p>No, no es cierto que muchos de los que condenan la destrucci\u00f3n de la Rep\u00fablica, lo hagan sinceramente y como lo van a ser sinceramente si toda la vida han pugnado por debilitar al Estado frente al mercado, si han maldecido la educaci\u00f3n laica, si han reclamado privilegios para la&nbsp;<strong>Iglesia Cat\u00f3lica<\/strong>, si han presionado por la privatizaci\u00f3n del campo, si han buscado la integraci\u00f3n con&nbsp;<strong>Estados Unidos<\/strong>, como hoy lo hace&nbsp;<strong>Claudia Sheinbaum<\/strong>, si han hecho todo por desprestigiar a la&nbsp;<strong>UNAM, al Poli, a la UAM<\/strong>, al sistema normalista.<\/p>\n\n\n\n<p>No otra cosa, que un ataque demoledor, fue eliminar el Sistema de Evaluaci\u00f3n y presionar para que no haya reprobados y se quite el examen de admisi\u00f3n. A los descalificativos de la aristocracia se suma la reciente calificaci\u00f3n de la presidenta de ver el jaloneo entre&nbsp;<strong>Alito<\/strong>&nbsp;y&nbsp;<strong>Noro\u00f1a<\/strong>, \u201ccomo porros de la UNAM\u201d. Que \u00fanicamente ah\u00ed hay porros? Am\u00e9n de que no pierde oportunidad para insultar a la&nbsp;<strong>UNAM<\/strong>, se asume como jefa de una facci\u00f3n y no presidenta de todos.<\/p>\n\n\n\n<p>Con un&nbsp;<strong>INE<\/strong>&nbsp;bajo su control, con un&nbsp;<strong>Tribunal Electoral Federal<\/strong>&nbsp;y&nbsp;<strong>OPLEs<\/strong>&nbsp;que replican al amo, no podemos m\u00e1s que esperar elecciones simuladas.<\/p>\n\n\n\n<p>No es cualquier cosa ver en M\u00e9xico, un&nbsp;<strong>Poder Judicial<\/strong>, que habla de una justicia ind\u00edgena como si los europeos hablaran de justicia gala, celta o de los \u00edberos, pero lo peor, que inicia violentando el art\u00edculo 40 de la&nbsp;<strong>Constituci\u00f3n<\/strong>&nbsp;que define al Estado como laico y estos lacayos de&nbsp;<strong>Claudia<\/strong>, con un culto pagano, pero culto. Est\u00e1 esto dentro del gui\u00f3n para hacer del&nbsp;<strong>Poder Judicial<\/strong>, un poder de venganza pero tambi\u00e9n ridiculizarlo, para que no sea m\u00e1s burla frente al \u201cSupremo Poder Ejecutivo\u201d.<\/p>\n\n\n\n<p>No hay nada fuera de la l\u00f3gica de este giro regresivo. Aqu\u00ed, all\u00e1 y acull\u00e1 al capital no le importa un buen gobierno, le importa, igual que a los anarquistas, el gobierno que gobierne menos y si el caos que impone la banda morenista deja hacer y deja pasar, adelante, mientras sus ganancias est\u00e9n aseguradas.<\/p>\n\n\n\n<p>Los&nbsp;<strong>Estados Unidos<\/strong>, lograron que su sistema fuera aceptado presentando a los conquistadores del Oeste, como h\u00e9roes, el poder central como un mal necesario, su expansi\u00f3n territorial como un destino manifiesto, su participaci\u00f3n en la Segunda Guerra Mundial, como su Victoria, a\u00fan cuando no les rompieron un cristal de una casa, el comunismo como el anticristo, quitar y poner gobiernos en nombre de su concepto de libertad, bueno, hasta hacer que su ciencia pol\u00edtica tuviera como prop\u00f3sito idealizar su realidad, hacer que el acto de las mafias de hacer a&nbsp;<strong>John F. Kennedy<\/strong>, presidente, lo vi\u00e9ramos como el m\u00e1s democr\u00e1tico.<\/p>\n\n\n\n<p>As\u00ed tambi\u00e9n aqu\u00ed. Las ideas que permitieron que una banda de maleantes se intronizara, no aparecieron hace una d\u00e9cada. Hoy los mismos que fingen llorar la destrucci\u00f3n de la Rep\u00fablica, son quienes les tendieron la alfombra para que ganaran las elecciones, s\u00ed, ellos, los que lanzaban pestes contra todos los pol\u00edticos sin hacer diferencia entre buenos y malos pol\u00edticos, con el objeto de que la gente repudiara a los pol\u00edticos.<\/p>\n\n\n\n<p>Nunca quisieron ver qu\u00e9 tarde o temprano pod\u00eda situarse alguien fuera de la pol\u00edtica y hacer pol\u00edtica, atacando la pol\u00edtica.&nbsp;<strong>Andr\u00e9s L\u00f3pez Obrador<\/strong>, les tom\u00f3 la palabra. Hizo a un lado el eje izquierda y derecha y lo sustituy\u00f3 por el de nosotros y el de ellos, Nosotros el pueblo y ellos los pol\u00edticos corruptos.<\/p>\n\n\n\n<p>Meti\u00f3 en ese concepto ambiguo a todos sus partidarios y en el de los otros, mand\u00f3 a las mafias del poder, las \u00e9lites pol\u00edticas, las clases rapaces. Su fuerza es su heterogeneidad pero tambi\u00e9n su debilidad, porque tiene que complacer, seudomarxistas, expriistas, exduartistas, anarquistas, v\u00e1ndalos, invasores, porros\u2026 y a cada franja darle su parte de bot\u00edn. Se supone que una clase revolucionaria ser\u00eda el eje de esta gran coalici\u00f3n, pero no los une m\u00e1s que el bot\u00edn, porque siempre vieron en el poder un bot\u00edn, a tal grado, que todo lo han hecho para perpetuarse y nunca ser llevados ante la justicia por sus sinverg\u00fcenzadas, que cada vez afloran m\u00e1s.<\/p>\n\n\n\n<p>Adem\u00e1s de ser necesario descifrar el c\u00f3digo morenista de manipulaci\u00f3n, es imperioso denunciar la limpia y alienaci\u00f3n que realiza&nbsp;<strong>Morena<\/strong>&nbsp;con los medios impresos y electr\u00f3nicos. Denunciar los chayoteros que por unas croquetas hasta promueve a un s\u00edmbolo de la inutilidad como&nbsp;<strong>Roc\u00edo Nahle<\/strong>, para candidata a presidenta. Cu\u00e1ndo se carece de escr\u00fapulos y de dignidad, bastan unas cuantas monedas para bailar como canino.<\/p>\n\n\n\n<p>Debemos de comprometernos tanto en el&nbsp;<strong>PRI<\/strong>&nbsp;como en el&nbsp;<strong>PAN<\/strong>, a exhibir p\u00fablicamente a esos traidores que ante los momentos decisivos huyen de tomar partido, se esconden o nos quieren distraer con problemas que no est\u00e1n en el debate, pero con los cuales cumplen sus pactos de atacar a cualquiera menos a la gobernadora, que tiene sumido en un ba\u00f1o de sangre a&nbsp;<strong>Veracruz<\/strong>&nbsp;y que, con el cobro en escuelas de ense\u00f1anza media, muestra que ya no son los taxistas los que la mandan a volar sino que ni su mismo gabinete le hace caso.<\/p>\n\n\n\n<p>Los partidos de oposici\u00f3n no s\u00f3lo deben impedir que&nbsp;<strong>Roc\u00edo<\/strong>&nbsp;y&nbsp;<strong>Claudia<\/strong>, les fijen la agenda, deben expulsar a los que pudiendo hacer uso de la&nbsp;<strong>Tribuna del Congreso<\/strong>, para que las posturas de su partido tengan mayor impacto, se esconden tras las butacas y ocurrencias para agradar una investidura.<\/p>\n\n\n\n<p><\/p>\n","protected":false},"excerpt":{"rendered":"<p>Inocencio Y\u00e1\u00f1ez Vicencio En toda sociedad dividida entre dominadores y dominados, los primeros no s\u00f3lo se valen de la fuerza sino tambi\u00e9n de un arsenal de ideas para ser aceptados. Ante mayor resistencia m\u00e1s aparato coactivo, ante menos resistencia m\u00e1s aparato doctrinario. Nunca basta uno, oscilan de acuerdo a la aceptaci\u00f3n o rebeld\u00eda. La predominancia [&hellip;]<\/p>\n","protected":false},"author":2,"featured_media":141387,"comment_status":"closed","ping_status":"closed","sticky":false,"template":"","format":"standard","meta":{"_jetpack_newsletter_access":"","_jetpack_dont_email_post_to_subs":false,"_jetpack_newsletter_tier_id":0,"_jetpack_memberships_contains_paywalled_content":false,"_jetpack_memberships_contains_paid_content":false,"footnotes":""},"categories":[70],"tags":[9627,45161,45949,3578],"class_list":["post-151987","post","type-post","status-publish","format-standard","has-post-thumbnail","hentry","category-de-opinion","tag-claudia-sheinbaum","tag-morena-mexico","tag-oposicion-politica-veracruz","tag-rocio-nahle"],"jetpack_featured_media_url":"https:\/\/lospoliticosveracruz.com.mx\/wp-content\/uploads\/2025\/04\/Inocencio-Yanez-Vicencio.jpg","jetpack_sharing_enabled":true,"jetpack_shortlink":"https:\/\/wp.me\/p4Qcd3-Dxp","_links":{"self":[{"href":"https:\/\/lospoliticosveracruz.com.mx\/index.php?rest_route=\/wp\/v2\/posts\/151987","targetHints":{"allow":["GET"]}}],"collection":[{"href":"https:\/\/lospoliticosveracruz.com.mx\/index.php?rest_route=\/wp\/v2\/posts"}],"about":[{"href":"https:\/\/lospoliticosveracruz.com.mx\/index.php?rest_route=\/wp\/v2\/types\/post"}],"author":[{"embeddable":true,"href":"https:\/\/lospoliticosveracruz.com.mx\/index.php?rest_route=\/wp\/v2\/users\/2"}],"replies":[{"embeddable":true,"href":"https:\/\/lospoliticosveracruz.com.mx\/index.php?rest_route=%2Fwp%2Fv2%2Fcomments&post=151987"}],"version-history":[{"count":1,"href":"https:\/\/lospoliticosveracruz.com.mx\/index.php?rest_route=\/wp\/v2\/posts\/151987\/revisions"}],"predecessor-version":[{"id":151988,"href":"https:\/\/lospoliticosveracruz.com.mx\/index.php?rest_route=\/wp\/v2\/posts\/151987\/revisions\/151988"}],"wp:featuredmedia":[{"embeddable":true,"href":"https:\/\/lospoliticosveracruz.com.mx\/index.php?rest_route=\/wp\/v2\/media\/141387"}],"wp:attachment":[{"href":"https:\/\/lospoliticosveracruz.com.mx\/index.php?rest_route=%2Fwp%2Fv2%2Fmedia&parent=151987"}],"wp:term":[{"taxonomy":"category","embeddable":true,"href":"https:\/\/lospoliticosveracruz.com.mx\/index.php?rest_route=%2Fwp%2Fv2%2Fcategories&post=151987"},{"taxonomy":"post_tag","embeddable":true,"href":"https:\/\/lospoliticosveracruz.com.mx\/index.php?rest_route=%2Fwp%2Fv2%2Ftags&post=151987"}],"curies":[{"name":"wp","href":"https:\/\/api.w.org\/{rel}","templated":true}]}}