{"id":151989,"date":"2025-09-04T15:17:07","date_gmt":"2025-09-04T20:17:07","guid":{"rendered":"https:\/\/lospoliticosveracruz.com.mx\/?p=151989"},"modified":"2025-09-04T15:17:22","modified_gmt":"2025-09-04T20:17:22","slug":"fiestas-patrias-a-la-jarocha","status":"publish","type":"post","link":"https:\/\/lospoliticosveracruz.com.mx\/?p=151989","title":{"rendered":"FIESTAS PATRIAS, A LA JAROCHA!"},"content":{"rendered":"\n<p>Veracruz: La alcaldesa Paty Lobeira present\u00f3 el programa de actividades para celebrar las Fiestas Patrias 2025, con una amplia agenda cultural, gastron\u00f3mica, musical y deportiva, haciendo la invitaci\u00f3n a jarochos y turistas para disfrutar juntos este mes patrio.<\/p>\n\n\n\n<p>Entre las actividades se encuentra la Zumba Patria, que se realizar\u00e1 el 12 de septiembre en Las Atarazanas, a las 17:30 horas, y la presencia de las tradicionales botargas de jarochitos en el Z\u00f3calo y Corredor Zamora del 12 al 14 de septiembre, de 5 de la tarde a 9 de la noche.<\/p>\n\n\n\n<p>La alcaldesa destac\u00f3 que el 15 de septiembre, a partir de las 16:00 horas, se llevar\u00e1 a cabo el Segundo Festival de los Antojitos y la Pozoliza del Puerto. M\u00e1s tarde, minutos antes de las 23:00 horas, realizar\u00e1 el tradicional Grito de Independencia en el Z\u00f3calo de la Ciudad. La noche cerrar\u00e1 con el baile popular a cargo de Cumbia Benavides.<\/p>\n\n\n\n<p>Las celebraciones continuar\u00e1n con un Programa Especial Patrio el 17 de septiembre, en el Z\u00f3calo, con el Ballet Folkl\u00f3rico \u201cTelpocalli\u201d de Tizap\u00e1n el Alto, Jalisco, y el 19 de septiembre con el concierto \u201cM\u00e9xico a Trav\u00e9s de la M\u00fasica\u201d interpretado por la Orquesta Filarm\u00f3nica de Boca del R\u00edo \u2013 Veracruz en el Foro Boca.<\/p>\n\n\n\n<p>Adem\u00e1s, durante todo el mes se desarrollar\u00e1n presentaciones de la Banda Municipal, galas folkl\u00f3ricas, tardes de danz\u00f3n, cine al aire libre, talleres de hilorama, as\u00ed como el tradicional Callejoneando con la Danzonera Alma de Veracruz.<\/p>\n\n\n\n<p>El Z\u00f3calo y el Corredor Zamora ya lucen adornados con motivos patrios, gracias al trabajo de las \u00e1reas municipales, destacando el techo que simula la bandera nacional.<\/p>\n\n\n\n<p>La agenda tambi\u00e9n incluye actividades en el Centro Cultural Leyes de Reforma, la Expo Impulsa Mujer Rural Veracruz, y la promoci\u00f3n de atractivos tur\u00edsticos como el Aquarium, San Juan de Ul\u00faa y el parque acu\u00e1tico Inbursa.<\/p>\n\n\n\n<p>\u201cQueremos que jarochos y visitantes vivan con nosotros la Independencia de M\u00e9xico porque para disfrutar las Fiestas Patrias, nuestro Puerto est\u00e1 mejor que nunca\u201d, expres\u00f3 la alcaldesa.<\/p>\n","protected":false},"excerpt":{"rendered":"<p>Veracruz: La alcaldesa Paty Lobeira present\u00f3 el programa de actividades para celebrar las Fiestas Patrias 2025, con una amplia agenda cultural, gastron\u00f3mica, musical y deportiva, haciendo la invitaci\u00f3n a jarochos y turistas para disfrutar juntos este mes patrio. Entre las actividades se encuentra la Zumba Patria, que se realizar\u00e1 el 12 de septiembre en Las [&hellip;]<\/p>\n","protected":false},"author":2,"featured_media":151990,"comment_status":"closed","ping_status":"closed","sticky":false,"template":"","format":"standard","meta":{"_jetpack_newsletter_access":"","_jetpack_dont_email_post_to_subs":false,"_jetpack_newsletter_tier_id":0,"_jetpack_memberships_contains_paywalled_content":false,"_jetpack_memberships_contains_paid_content":false,"footnotes":""},"categories":[73],"tags":[],"class_list":["post-151989","post","type-post","status-publish","format-standard","has-post-thumbnail","hentry","category-de-boleto"],"jetpack_featured_media_url":"https:\/\/lospoliticosveracruz.com.mx\/wp-content\/uploads\/2025\/09\/IMG_7067.jpeg","jetpack_sharing_enabled":true,"jetpack_shortlink":"https:\/\/wp.me\/p4Qcd3-Dxr","_links":{"self":[{"href":"https:\/\/lospoliticosveracruz.com.mx\/index.php?rest_route=\/wp\/v2\/posts\/151989","targetHints":{"allow":["GET"]}}],"collection":[{"href":"https:\/\/lospoliticosveracruz.com.mx\/index.php?rest_route=\/wp\/v2\/posts"}],"about":[{"href":"https:\/\/lospoliticosveracruz.com.mx\/index.php?rest_route=\/wp\/v2\/types\/post"}],"author":[{"embeddable":true,"href":"https:\/\/lospoliticosveracruz.com.mx\/index.php?rest_route=\/wp\/v2\/users\/2"}],"replies":[{"embeddable":true,"href":"https:\/\/lospoliticosveracruz.com.mx\/index.php?rest_route=%2Fwp%2Fv2%2Fcomments&post=151989"}],"version-history":[{"count":1,"href":"https:\/\/lospoliticosveracruz.com.mx\/index.php?rest_route=\/wp\/v2\/posts\/151989\/revisions"}],"predecessor-version":[{"id":151991,"href":"https:\/\/lospoliticosveracruz.com.mx\/index.php?rest_route=\/wp\/v2\/posts\/151989\/revisions\/151991"}],"wp:featuredmedia":[{"embeddable":true,"href":"https:\/\/lospoliticosveracruz.com.mx\/index.php?rest_route=\/wp\/v2\/media\/151990"}],"wp:attachment":[{"href":"https:\/\/lospoliticosveracruz.com.mx\/index.php?rest_route=%2Fwp%2Fv2%2Fmedia&parent=151989"}],"wp:term":[{"taxonomy":"category","embeddable":true,"href":"https:\/\/lospoliticosveracruz.com.mx\/index.php?rest_route=%2Fwp%2Fv2%2Fcategories&post=151989"},{"taxonomy":"post_tag","embeddable":true,"href":"https:\/\/lospoliticosveracruz.com.mx\/index.php?rest_route=%2Fwp%2Fv2%2Ftags&post=151989"}],"curies":[{"name":"wp","href":"https:\/\/api.w.org\/{rel}","templated":true}]}}