{"id":152115,"date":"2025-09-07T11:34:37","date_gmt":"2025-09-07T16:34:37","guid":{"rendered":"https:\/\/lospoliticosveracruz.com.mx\/?p=152115"},"modified":"2025-09-07T11:34:49","modified_gmt":"2025-09-07T16:34:49","slug":"esperamos-que-en-veracruz","status":"publish","type":"post","link":"https:\/\/lospoliticosveracruz.com.mx\/?p=152115","title":{"rendered":"ESPERAMOS QUE EN VERACRUZ\u2026"},"content":{"rendered":"\n\n\n<p><strong>Inocencio Y\u00e1\u00f1ez Vicencio.<\/strong><\/p>\n\n\n\n<p>Seguir\u00e1 utilizando el Ej\u00e9rcito para acarreos de Morena, como lo hizo , siendo candidata, en Poza Rica?<br>Las elecciones continuar\u00e1n siendo mero tr\u00e1mite, como las calific\u00f3?<br>Las encuestas a pedir del interesado, van a suplir las elecciones internas de su partido?<br>Con un INE y un Tribunal Electoral Federal, dirigido por personas con credencial morenista, podemos tener la mejor democracia del mundo ?<br>Seguir\u00e1 usted, como lo hizo en su precampa\u00f1a, insultando, ofendiendo y humillando a los que le hacen alg\u00fan reclamo?<br>Por qu\u00e9 tiene en su gabinete al responsable de la represi\u00f3n y matanza de Totalco, Perote?<br>Por qu\u00e9 no nos dicen, tan siquiera, qui\u00e9n env\u00edo a los porros qu\u00e9 agredieron hombres y mujeres, del Tribunal de la Ciudad de M\u00e9xico, que pac\u00edficamente protestaban?<br>Por qu\u00e9 se vigila que los v\u00e1ndalos no agredan a la Embajada de Estados Unidos, pero no se vigila que da\u00f1en el patrimonio de la UNAM?<br>Cu\u00e1ndo va a actuar contra los funcionarios que tiene Roc\u00edo Nahle, en Obras P\u00fablicas, despu\u00e9s que ya la desclasificacion de documentos del gobierno norteamericano, los exhibi\u00f3 de estar relacionados con la delincuencia?<br>Hasta cu\u00e1ndo van a darle curso a las denuncias que contra Roc\u00edo Nahle, hizo Arturo Castagne?<br>Por qu\u00e9 el presupuesto original para la Refiner\u00eda de Dos Bocas, de 8 mil millones, que ya superaba a la compramos en Houston, se le elev\u00f3 casi tres veces?<br>Cu\u00e1ndo van a investigar los contratos de construcci\u00f3n y compra de materiales para el Tren Maya?<br>Por qu\u00e9 no dicen que el d\u00e9ficit del \u00faltimo a\u00f1o del sexenio de AMLO, que se fondeo con pr\u00e9stamos, super\u00f3 al Fobaproa?<br>Por qu\u00e9 incrementaron la deuda p\u00fablica en m\u00e1s del 70 por ciento?<br>La deuda de 18. 7 billones incluye derroches y p\u00e9rdidas de las paraestatales ?<br>Por qu\u00e9 no proceden contra el director de SEGALMEX, por el robo de 15 millones millones de pesos?<br>Por qu\u00e9 habiendo no s\u00f3lo videos sino el reconocimiento de AMLO, del dinero il\u00edcito que recibi\u00f3 P\u00edo L\u00f3pez Obrador, lo exoneran? Ser\u00e1 por eso que dice que ten\u00edamos un poder judicial corrupto?<br>Por qu\u00e9 basta una filtraci\u00f3n o montaje contra sus adversarios para abrirles una investigaci\u00f3n y para sus amigos pide pruebas, que cuando se presenta no as\u00ed proceden?<br>Por qu\u00e9 admite que se juzgue con testigos protegidos manipulables, sin pruebas a sus opositores, pero no acepta pactos para otros?<br>Quiere que le entreguen delincuentes para hacer lo que hizo con el hijo de Julio C\u00e9sar Ch\u00e1vez?<br>Por qu\u00e9 permite que los gringos le hagan su chamba?<br>Para muchos la \u00fanica esperanza de que se desmantelen los carteles, sin la cooperaci\u00f3n con el pa\u00eds del Norte, pero a quienes invocan esa ayuda, usted dice que lo que piden es una invasi\u00f3n militar y los tilda de traidores, apareciendo usted como defensora de esos criminales?<br>Nos es monstruoso que un d\u00eda niegue que hay aviones y barcos estadounidenses en nuestro territorio y otra d\u00eda lo acepte?<br>No es incongruente que hable de soberan\u00eda cuando envia 10 mil soldados de la Guardia Nacional a cuidar que nadie pase hacia territorio norteamericano?<br>Se puede hablar de soberan\u00eda cuando m\u00e1s del 80 por ciento del comercio es con Estados Unidos, cuando tenemos una deuda que supera el 50 por ciento del PiB, cuando dependemos de remesas, cuando estamos defendiendo de cr\u00e9ditos y que esos pr\u00e9stamos tiene que avalarlos el FMI ?<br>Por qu\u00e9 condenan el neoliberalismo cuando el escudo contra los aranceles es el Tratado de Libre Comercio que impuls\u00f3 y concret\u00f3 Carlos Salinas?<br>Por qu\u00e9 lanzan pestes contra Salinas, cuando todas las reformas importantes del innombrable, como las iglesia &#8211; Estado, las del Ejido, las privatizaciones,,, , no las tocan?<br>La diferencia no es acaso que Salinas repart\u00eda cemento, lotes, viviendas y le llamaba Pronasol y los morenos reparten dinero, bajo el rubro de Programas Sociales?<br>Tal vez la diferencia entre AMLO y Salinas, es que la piedra en el zapato, para el primero sean sus hijos y para el segundo, hasta sido su hermanito?<br>La historia dir\u00e1 si la heredera de AMLO, tiene las agallas para romper el cord\u00f3n umbilical como lo hizo el heredero de Salinas o se conforma Claudia con ser un pobre minigote que \u00fanicamente sirva para ser inspiraci\u00f3n de bufonerias, que tendr\u00e1 que regar mucho dinero para tratar de ocultar con encuestas y chayoteros.<br>No, no es presumiendo que la pobreza disminuy\u00f3, porque no tenemos ahora un \u00f3rgano aut\u00f3noma que la mida, pero si \u00f3rganos internacionales, como la OCDE, que la desmientan lo que habr\u00e1 de sostenerla sino el dinero, dinero que ya est\u00e1 por acabarse de tanto derroche y quebranto de sus obras. Sin dinero Morena se desploma, porque ya no tendr\u00e1n para comprar votos ni paleros que repliquen sus falsedades y les tapen sus sinverg\u00fcenzadas.<\/p>\n","protected":false},"excerpt":{"rendered":"<p>Inocencio Y\u00e1\u00f1ez Vicencio. Seguir\u00e1 utilizando el Ej\u00e9rcito para acarreos de Morena, como lo hizo , siendo candidata, en Poza Rica?Las elecciones continuar\u00e1n siendo mero tr\u00e1mite, como las calific\u00f3?Las encuestas a pedir del interesado, van a suplir las elecciones internas de su partido?Con un INE y un Tribunal Electoral Federal, dirigido por personas con credencial morenista, [&hellip;]<\/p>\n","protected":false},"author":2,"featured_media":141387,"comment_status":"closed","ping_status":"closed","sticky":false,"template":"","format":"standard","meta":{"_jetpack_newsletter_access":"","_jetpack_dont_email_post_to_subs":false,"_jetpack_newsletter_tier_id":0,"_jetpack_memberships_contains_paywalled_content":false,"_jetpack_memberships_contains_paid_content":false,"footnotes":""},"categories":[70],"tags":[45976],"class_list":["post-152115","post","type-post","status-publish","format-standard","has-post-thumbnail","hentry","category-de-opinion","tag-inocencio-yanez-vicencio-3"],"jetpack_featured_media_url":"https:\/\/lospoliticosveracruz.com.mx\/wp-content\/uploads\/2025\/04\/Inocencio-Yanez-Vicencio.jpg","jetpack_sharing_enabled":true,"jetpack_shortlink":"https:\/\/wp.me\/p4Qcd3-Dzt","_links":{"self":[{"href":"https:\/\/lospoliticosveracruz.com.mx\/index.php?rest_route=\/wp\/v2\/posts\/152115","targetHints":{"allow":["GET"]}}],"collection":[{"href":"https:\/\/lospoliticosveracruz.com.mx\/index.php?rest_route=\/wp\/v2\/posts"}],"about":[{"href":"https:\/\/lospoliticosveracruz.com.mx\/index.php?rest_route=\/wp\/v2\/types\/post"}],"author":[{"embeddable":true,"href":"https:\/\/lospoliticosveracruz.com.mx\/index.php?rest_route=\/wp\/v2\/users\/2"}],"replies":[{"embeddable":true,"href":"https:\/\/lospoliticosveracruz.com.mx\/index.php?rest_route=%2Fwp%2Fv2%2Fcomments&post=152115"}],"version-history":[{"count":1,"href":"https:\/\/lospoliticosveracruz.com.mx\/index.php?rest_route=\/wp\/v2\/posts\/152115\/revisions"}],"predecessor-version":[{"id":152117,"href":"https:\/\/lospoliticosveracruz.com.mx\/index.php?rest_route=\/wp\/v2\/posts\/152115\/revisions\/152117"}],"wp:featuredmedia":[{"embeddable":true,"href":"https:\/\/lospoliticosveracruz.com.mx\/index.php?rest_route=\/wp\/v2\/media\/141387"}],"wp:attachment":[{"href":"https:\/\/lospoliticosveracruz.com.mx\/index.php?rest_route=%2Fwp%2Fv2%2Fmedia&parent=152115"}],"wp:term":[{"taxonomy":"category","embeddable":true,"href":"https:\/\/lospoliticosveracruz.com.mx\/index.php?rest_route=%2Fwp%2Fv2%2Fcategories&post=152115"},{"taxonomy":"post_tag","embeddable":true,"href":"https:\/\/lospoliticosveracruz.com.mx\/index.php?rest_route=%2Fwp%2Fv2%2Ftags&post=152115"}],"curies":[{"name":"wp","href":"https:\/\/api.w.org\/{rel}","templated":true}]}}