{"id":152123,"date":"2025-09-07T20:21:23","date_gmt":"2025-09-08T01:21:23","guid":{"rendered":"https:\/\/lospoliticosveracruz.com.mx\/?p=152123"},"modified":"2025-09-07T20:21:35","modified_gmt":"2025-09-08T01:21:35","slug":"urge-fortalecer-la-atencion-integral-de-la-tercera-edad","status":"publish","type":"post","link":"https:\/\/lospoliticosveracruz.com.mx\/?p=152123","title":{"rendered":"URGE FORTALECER LA ATENCI\u00d3N INTEGRAL DE LA TERCERA EDAD"},"content":{"rendered":"\n\n\n<p>Veracruz: Veracruz hizo historia al realizar el Primer Congreso Regional de Geriatr\u00eda, un evento pionero en la regi\u00f3n con el objetivo de fortalecer la formaci\u00f3n m\u00e9dica y la atenci\u00f3n integral de las personas mayores, destac\u00f3 el doctor Juan Antonio Torres Castel\u00e1n, coordinador del Cap\u00edtulo Veracruz de la Academia Mexicana de Geriatr\u00eda, quien resalt\u00f3 la urgencia de consolidar la geriatr\u00eda como especialidad m\u00e9dica y promover un enfoque integral de cuidado para la poblaci\u00f3n adulta mayor.<\/p>\n\n\n\n<p>Durante la inauguraci\u00f3n del congreso, el doctor Arturo \u00c1vila \u00c1vila, presidente de la Academia Mexicana de Geriatr\u00eda, A.C., y el doctor Julio C\u00e9sar Vi\u00f1as Dozal, director de la Facultad de Medicina de la Universidad Veracruzana, subrayaron la relevancia de fortalecer la atenci\u00f3n integral a las personas mayores y promover la geriatr\u00eda como especialidad m\u00e9dica esencial en el pa\u00eds.<\/p>\n\n\n\n<p>El evento se desarroll\u00f3 bajo el eslogan \u201cGeriatrizando la Medicina\u201d, dirigido a m\u00e9dicos geriatras, internistas, familiares y generales, con la participaci\u00f3n de 416 profesionales de la salud, de los cuales 173 asistieron presencialmente y 243 de manera virtual, incluyendo m\u00e9dicos de distintos pa\u00edses de Am\u00e9rica Latina.<\/p>\n\n\n\n<p>La jornada acad\u00e9mica arranc\u00f3 con la ponencia del doctor Juan Antonio Torres Castel\u00e1n, quien present\u00f3 los \u201cConceptos y generalidades en geriatr\u00eda\u201d y resalt\u00f3 la importancia de integrar la geriatr\u00eda en la pr\u00e1ctica cl\u00ednica desde etapas tempranas de la vida, as\u00ed como de ofrecer atenci\u00f3n integral a las personas mayores, reforzando su liderazgo en la organizaci\u00f3n del congreso.<\/p>\n\n\n\n<p>Durante el programa, participaron especialistas como la doctora Sandra Luz Santos Mu\u00f1iz, el doctor Erick Gerardo Ruiz Moya y la doctora Nallely Solano Rodr\u00edguez, abordando temas como s\u00edndromes geri\u00e1tricos, fragilidad, delirium, demencia, deterioro cognitivo leve y enfermedades de alta prevalencia como hipertensi\u00f3n arterial, fibrilaci\u00f3n auricular y diabetes mellitus tipo 2.<\/p>\n\n\n\n<p>El encuentro tambi\u00e9n incluy\u00f3 reflexiones sobre discriminaci\u00f3n y maltrato hacia las personas mayores, cuidados paliativos y avances en el tratamiento del s\u00edndrome cardio-renal-metab\u00f3lico, destacando la evidencia m\u00e1s reciente sobre los inhibidores SGLT2 como un cambio de paradigma en la pr\u00e1ctica cl\u00ednica, consolidando a Veracruz como referente regional en formaci\u00f3n m\u00e9dica especializada.<\/p>\n","protected":false},"excerpt":{"rendered":"<p>Veracruz: Veracruz hizo historia al realizar el Primer Congreso Regional de Geriatr\u00eda, un evento pionero en la regi\u00f3n con el objetivo de fortalecer la formaci\u00f3n m\u00e9dica y la atenci\u00f3n integral de las personas mayores, destac\u00f3 el doctor Juan Antonio Torres Castel\u00e1n, coordinador del Cap\u00edtulo Veracruz de la Academia Mexicana de Geriatr\u00eda, quien resalt\u00f3 la urgencia [&hellip;]<\/p>\n","protected":false},"author":2,"featured_media":152124,"comment_status":"closed","ping_status":"closed","sticky":false,"template":"","format":"standard","meta":{"_jetpack_newsletter_access":"","_jetpack_dont_email_post_to_subs":false,"_jetpack_newsletter_tier_id":0,"_jetpack_memberships_contains_paywalled_content":false,"_jetpack_memberships_contains_paid_content":false,"footnotes":""},"categories":[72],"tags":[],"class_list":["post-152123","post","type-post","status-publish","format-standard","has-post-thumbnail","hentry","category-palomazos"],"jetpack_featured_media_url":"https:\/\/lospoliticosveracruz.com.mx\/wp-content\/uploads\/2025\/09\/WhatsApp-Image-2025-09-07-at-19.16.14.jpeg","jetpack_sharing_enabled":true,"jetpack_shortlink":"https:\/\/wp.me\/p4Qcd3-DzB","_links":{"self":[{"href":"https:\/\/lospoliticosveracruz.com.mx\/index.php?rest_route=\/wp\/v2\/posts\/152123","targetHints":{"allow":["GET"]}}],"collection":[{"href":"https:\/\/lospoliticosveracruz.com.mx\/index.php?rest_route=\/wp\/v2\/posts"}],"about":[{"href":"https:\/\/lospoliticosveracruz.com.mx\/index.php?rest_route=\/wp\/v2\/types\/post"}],"author":[{"embeddable":true,"href":"https:\/\/lospoliticosveracruz.com.mx\/index.php?rest_route=\/wp\/v2\/users\/2"}],"replies":[{"embeddable":true,"href":"https:\/\/lospoliticosveracruz.com.mx\/index.php?rest_route=%2Fwp%2Fv2%2Fcomments&post=152123"}],"version-history":[{"count":1,"href":"https:\/\/lospoliticosveracruz.com.mx\/index.php?rest_route=\/wp\/v2\/posts\/152123\/revisions"}],"predecessor-version":[{"id":152125,"href":"https:\/\/lospoliticosveracruz.com.mx\/index.php?rest_route=\/wp\/v2\/posts\/152123\/revisions\/152125"}],"wp:featuredmedia":[{"embeddable":true,"href":"https:\/\/lospoliticosveracruz.com.mx\/index.php?rest_route=\/wp\/v2\/media\/152124"}],"wp:attachment":[{"href":"https:\/\/lospoliticosveracruz.com.mx\/index.php?rest_route=%2Fwp%2Fv2%2Fmedia&parent=152123"}],"wp:term":[{"taxonomy":"category","embeddable":true,"href":"https:\/\/lospoliticosveracruz.com.mx\/index.php?rest_route=%2Fwp%2Fv2%2Fcategories&post=152123"},{"taxonomy":"post_tag","embeddable":true,"href":"https:\/\/lospoliticosveracruz.com.mx\/index.php?rest_route=%2Fwp%2Fv2%2Ftags&post=152123"}],"curies":[{"name":"wp","href":"https:\/\/api.w.org\/{rel}","templated":true}]}}