{"id":152167,"date":"2025-09-08T11:25:45","date_gmt":"2025-09-08T16:25:45","guid":{"rendered":"https:\/\/lospoliticosveracruz.com.mx\/?p=152167"},"modified":"2025-09-08T11:26:09","modified_gmt":"2025-09-08T16:26:09","slug":"sheinbaum-y-nahle-3","status":"publish","type":"post","link":"https:\/\/lospoliticosveracruz.com.mx\/?p=152167","title":{"rendered":"SHEINBAUM Y NAHLE"},"content":{"rendered":"\n\n\n<p><strong>Iv\u00e1n Calder\u00f3n<\/strong><br><em>Perfilando<\/em><\/p>\n\n\n\n<p><strong>Veracruz<\/strong> no solo fue el escenario de un informe presidencial, para nada. Este domingo, en el estadio <strong>Beto \u00c1vila<\/strong>, se escenific\u00f3 algo m\u00e1s profundo: la revalidaci\u00f3n pol\u00edtica de <strong>Roc\u00edo Nahle Garc\u00eda<\/strong> como una de las figuras m\u00e1s s\u00f3lidas de la <strong>4T<\/strong>.<\/p>\n\n\n\n<p>Le explico.<\/p>\n\n\n\n<p>Frente a m\u00e1s de <strong>30 mil personas<\/strong>, la presidenta <strong>Claudia Sheinbaum<\/strong> abri\u00f3 su mensaje con un reconocimiento que no son\u00f3 a cortes\u00eda, sino a definici\u00f3n:<\/p>\n\n\n\n<blockquote class=\"wp-block-quote is-layout-flow wp-block-quote-is-layout-flow\">\n<p>\u201cGracias a una mujer incansable, trabajadora, con mucho amor a Veracruz, a su Gobernadora, compa\u00f1era de lucha, de muchas, una extraordinaria mujer que est\u00e1 al frente de este grandioso estado\u201d.<\/p>\n<\/blockquote>\n\n\n\n<p>Ese espaldarazo, en pol\u00edtica, <strong>vale oro<\/strong>. En un ambiente de desgaste por parte de opositores y de \u201cfuego amigo\u201d, la <strong>Presidenta Sheinbaum<\/strong>, sin necesidad de confrontaci\u00f3n, <strong>cerr\u00f3 filas<\/strong> en torno a su <strong>gobernadora amiga y aliada<\/strong>.<\/p>\n\n\n\n<p>Y no solamente se trataron de palabras, el respaldo se acompa\u00f1\u00f3 de <strong>cifras y resultados<\/strong>. Una inversi\u00f3n hist\u00f3rica de <strong>$59 mil millones de pesos<\/strong> en <strong>programas sociales<\/strong>, <strong>educaci\u00f3n<\/strong>, <strong>salud<\/strong>, <strong>vivienda<\/strong> e <strong>infraestructura<\/strong> que colocan a <strong>Veracruz<\/strong> en el centro de la <strong>estrategia federal<\/strong>.<\/p>\n\n\n\n<p>Vaya, los n\u00fameros hablan por s\u00ed mismos: m\u00e1s de <strong>921 mil adultos mayores beneficiados<\/strong>, <strong>25 mil pescadores<\/strong> con apoyos, <strong>hospitales<\/strong> en operaci\u00f3n y en construcci\u00f3n, miles de <strong>becas<\/strong> y <strong>viviendas<\/strong> en marcha.<\/p>\n\n\n\n<p>Pero la lectura pol\u00edtica es a\u00fan m\u00e1s clara: <strong>Veracruz<\/strong> se reafirma como basti\u00f3n del aut\u00e9ntico <strong>obradorismo<\/strong>, y <strong>Roc\u00edo Nahle<\/strong> como <strong>operadora clave<\/strong> de esta nueva etapa de la <strong>transformaci\u00f3n<\/strong>. <strong>Sheinbaum<\/strong>, aparte de venir a rendir un informe, vino a mandar un mensaje clar\u00edsimo: la <strong>gobernadora<\/strong> no est\u00e1 sola, su gesti\u00f3n tiene <strong>sello presidencial<\/strong> y su <strong>liderazgo<\/strong>, <strong>aval nacional<\/strong>.<\/p>\n\n\n\n<p>\u00bfY la oposici\u00f3n? Simplemente, <strong>no existe<\/strong>. Entre pleitos internos, figuras desgastadas y partidos reducidos a meras franquicias electorales, nadie logra contrarrestar la imagen de fuerza que se proyect\u00f3 desde el <strong>Beto \u00c1vila<\/strong>. Y mientras <strong>MORENA<\/strong> exhibe unidad y m\u00fasculo pol\u00edtico, los adversarios aparecen desarmados, sin narrativa, sin cuadros competitivos y, peor a\u00fan, sin proyecto.<\/p>\n\n\n\n<p>En este contexto, la visita de <strong>Sheinbaum<\/strong> marca un <strong>parteaguas<\/strong>. <strong>Veracruz<\/strong> pas\u00f3 de ser vitrina, a los <strong>resultados<\/strong>. Y <strong>Roc\u00edo Nahle<\/strong>, m\u00e1s all\u00e1 de las cr\u00edticas de sus malquerientes, sale fortalecida, con un <strong>reconocimiento<\/strong> que la proyecta (una vez m\u00e1s) como <strong>figura de peso<\/strong> en la pol\u00edtica nacional.<\/p>\n\n\n\n<p>Lo ocurrido en el <strong>Beto \u00c1vila<\/strong> no fue un simple acto de rendici\u00f3n de cuentas. Fue la <strong>evidencia<\/strong> donde la <strong>presidenta<\/strong> y la <strong>gobernadora<\/strong> mostraron <strong>unidad, m\u00fasculo y direcci\u00f3n<\/strong>.<\/p>\n\n\n\n<p>En pol\u00edtica, siempre la forma es fondo, y el mensaje fue contundente: en <strong>Veracruz<\/strong> manda <strong>Roc\u00edo Nahle<\/strong>, con todo el <strong>respaldo presidencial<\/strong>, con una oposici\u00f3n que solo habla en redes, pero en territorio hoy por hoy, no existe.<\/p>\n\n\n\n<p>@<strong>IvanKalderon<\/strong><\/p>\n","protected":false},"excerpt":{"rendered":"<p>Iv\u00e1n Calder\u00f3nPerfilando Veracruz no solo fue el escenario de un informe presidencial, para nada. Este domingo, en el estadio Beto \u00c1vila, se escenific\u00f3 algo m\u00e1s profundo: la revalidaci\u00f3n pol\u00edtica de Roc\u00edo Nahle Garc\u00eda como una de las figuras m\u00e1s s\u00f3lidas de la 4T. Le explico. Frente a m\u00e1s de 30 mil personas, la presidenta Claudia [&hellip;]<\/p>\n","protected":false},"author":2,"featured_media":141388,"comment_status":"closed","ping_status":"closed","sticky":false,"template":"","format":"standard","meta":{"_jetpack_newsletter_access":"","_jetpack_dont_email_post_to_subs":false,"_jetpack_newsletter_tier_id":0,"_jetpack_memberships_contains_paywalled_content":false,"_jetpack_memberships_contains_paid_content":false,"footnotes":""},"categories":[70],"tags":[9627,45997,3578],"class_list":["post-152167","post","type-post","status-publish","format-standard","has-post-thumbnail","hentry","category-de-opinion","tag-claudia-sheinbaum","tag-informe-presidencial-veracruz","tag-rocio-nahle"],"jetpack_featured_media_url":"https:\/\/lospoliticosveracruz.com.mx\/wp-content\/uploads\/2025\/04\/Ivan-Calderon-Flores.jpg","jetpack_sharing_enabled":true,"jetpack_shortlink":"https:\/\/wp.me\/p4Qcd3-DAj","_links":{"self":[{"href":"https:\/\/lospoliticosveracruz.com.mx\/index.php?rest_route=\/wp\/v2\/posts\/152167","targetHints":{"allow":["GET"]}}],"collection":[{"href":"https:\/\/lospoliticosveracruz.com.mx\/index.php?rest_route=\/wp\/v2\/posts"}],"about":[{"href":"https:\/\/lospoliticosveracruz.com.mx\/index.php?rest_route=\/wp\/v2\/types\/post"}],"author":[{"embeddable":true,"href":"https:\/\/lospoliticosveracruz.com.mx\/index.php?rest_route=\/wp\/v2\/users\/2"}],"replies":[{"embeddable":true,"href":"https:\/\/lospoliticosveracruz.com.mx\/index.php?rest_route=%2Fwp%2Fv2%2Fcomments&post=152167"}],"version-history":[{"count":1,"href":"https:\/\/lospoliticosveracruz.com.mx\/index.php?rest_route=\/wp\/v2\/posts\/152167\/revisions"}],"predecessor-version":[{"id":152168,"href":"https:\/\/lospoliticosveracruz.com.mx\/index.php?rest_route=\/wp\/v2\/posts\/152167\/revisions\/152168"}],"wp:featuredmedia":[{"embeddable":true,"href":"https:\/\/lospoliticosveracruz.com.mx\/index.php?rest_route=\/wp\/v2\/media\/141388"}],"wp:attachment":[{"href":"https:\/\/lospoliticosveracruz.com.mx\/index.php?rest_route=%2Fwp%2Fv2%2Fmedia&parent=152167"}],"wp:term":[{"taxonomy":"category","embeddable":true,"href":"https:\/\/lospoliticosveracruz.com.mx\/index.php?rest_route=%2Fwp%2Fv2%2Fcategories&post=152167"},{"taxonomy":"post_tag","embeddable":true,"href":"https:\/\/lospoliticosveracruz.com.mx\/index.php?rest_route=%2Fwp%2Fv2%2Ftags&post=152167"}],"curies":[{"name":"wp","href":"https:\/\/api.w.org\/{rel}","templated":true}]}}