{"id":152169,"date":"2025-09-08T12:36:51","date_gmt":"2025-09-08T17:36:51","guid":{"rendered":"https:\/\/lospoliticosveracruz.com.mx\/?p=152169"},"modified":"2025-09-08T12:37:11","modified_gmt":"2025-09-08T17:37:11","slug":"da-veracruz-espaldarazo-a-sheinbaum","status":"publish","type":"post","link":"https:\/\/lospoliticosveracruz.com.mx\/?p=152169","title":{"rendered":"DA VERACRUZ ESPALDARAZO A SHEINBAUM!"},"content":{"rendered":"\n\n\n<p>El presidente del <strong>Comit\u00e9 Ejecutivo Estatal de Morena en Veracruz<\/strong>, <strong>Esteban Ram\u00edrez Zepeta<\/strong>, afirm\u00f3 que <strong>Veracruz<\/strong> y los <strong>veracruzanos<\/strong> reconocen el gran trabajo que realiza el gobierno que encabeza la <strong>presidenta Claudia Sheinbaum Pardo<\/strong>, \u201csobre todo en favor de los que menos tienen y de los m\u00e1s desfavorecidos del pa\u00eds\u201d, dijo.<\/p>\n\n\n\n<p>\u201cEl respaldo y el apoyo de las y los veracruzanos al gobierno federal que encabeza la <strong>presidenta Claudia Sheinbaum Pardo<\/strong> es una realidad, y en este gran evento que se realiz\u00f3 en <strong>Veracruz<\/strong> con motivo del <strong>Primer Informe<\/strong> de nuestra presidenta, qued\u00f3 m\u00e1s que demostrado\u201d, se\u00f1al\u00f3.<\/p>\n\n\n\n<p><strong>Esteban Ram\u00edrez Zepeta<\/strong> insisti\u00f3 en que el <strong>gobierno federal<\/strong> ha trabajado incansablemente y hay resultados en distintos rubros.<\/p>\n\n\n\n<p>\u201cPor eso es que m\u00e1s de 30 mil veracruzanos abarrotaron el <strong>estadio de b\u00e9isbol Beto \u00c1vila en Boca del R\u00edo<\/strong>, porque con ellos mostraron su respaldo y agradecimiento a la gran labor que realiza nuestra presidenta y su gobierno en muchas \u00e1reas y rubros, pero sobre todo a favor de los que menos tienen y tambi\u00e9n hay que decirlo a favor de <strong>Veracruz<\/strong> y de sus ciudadanos\u201d, indic\u00f3.<\/p>\n\n\n\n<p>El dirigente estatal morenista asegur\u00f3 que la presidenta reconoce el liderazgo de nuestra <strong>gobernadora Roc\u00edo Nahle Garc\u00eda<\/strong>, \u201cy fue muy palpable y notorio cuando lo dijo abiertamente en su discurso ante los miles de veracruzanos. No me queda duda de que en <strong>Veracruz<\/strong> hay gobierno y de que tenemos una gran gobernadora respaldada ampliamente por nuestra presidenta y su gobierno\u201d, concluy\u00f3.<\/p>\n","protected":false},"excerpt":{"rendered":"<p>El presidente del Comit\u00e9 Ejecutivo Estatal de Morena en Veracruz, Esteban Ram\u00edrez Zepeta, afirm\u00f3 que Veracruz y los veracruzanos reconocen el gran trabajo que realiza el gobierno que encabeza la presidenta Claudia Sheinbaum Pardo, \u201csobre todo en favor de los que menos tienen y de los m\u00e1s desfavorecidos del pa\u00eds\u201d, dijo. \u201cEl respaldo y el [&hellip;]<\/p>\n","protected":false},"author":2,"featured_media":152175,"comment_status":"closed","ping_status":"closed","sticky":false,"template":"","format":"standard","meta":{"_jetpack_newsletter_access":"","_jetpack_dont_email_post_to_subs":false,"_jetpack_newsletter_tier_id":0,"_jetpack_memberships_contains_paywalled_content":false,"_jetpack_memberships_contains_paid_content":false,"footnotes":""},"categories":[73],"tags":[45786,46001,46002,44641],"class_list":["post-152169","post","type-post","status-publish","format-standard","has-post-thumbnail","hentry","category-de-boleto","tag-claudia-sheinbaum-veracruz","tag-esteban-ramirez-morena-veracruz","tag-primer-informe-sheinbaum","tag-rocio-nahle-gobernadora"],"jetpack_featured_media_url":"https:\/\/lospoliticosveracruz.com.mx\/wp-content\/uploads\/2025\/09\/WhatsApp-Image-2025-09-08-at-11.29.48.jpeg","jetpack_sharing_enabled":true,"jetpack_shortlink":"https:\/\/wp.me\/p4Qcd3-DAl","_links":{"self":[{"href":"https:\/\/lospoliticosveracruz.com.mx\/index.php?rest_route=\/wp\/v2\/posts\/152169","targetHints":{"allow":["GET"]}}],"collection":[{"href":"https:\/\/lospoliticosveracruz.com.mx\/index.php?rest_route=\/wp\/v2\/posts"}],"about":[{"href":"https:\/\/lospoliticosveracruz.com.mx\/index.php?rest_route=\/wp\/v2\/types\/post"}],"author":[{"embeddable":true,"href":"https:\/\/lospoliticosveracruz.com.mx\/index.php?rest_route=\/wp\/v2\/users\/2"}],"replies":[{"embeddable":true,"href":"https:\/\/lospoliticosveracruz.com.mx\/index.php?rest_route=%2Fwp%2Fv2%2Fcomments&post=152169"}],"version-history":[{"count":1,"href":"https:\/\/lospoliticosveracruz.com.mx\/index.php?rest_route=\/wp\/v2\/posts\/152169\/revisions"}],"predecessor-version":[{"id":152176,"href":"https:\/\/lospoliticosveracruz.com.mx\/index.php?rest_route=\/wp\/v2\/posts\/152169\/revisions\/152176"}],"wp:featuredmedia":[{"embeddable":true,"href":"https:\/\/lospoliticosveracruz.com.mx\/index.php?rest_route=\/wp\/v2\/media\/152175"}],"wp:attachment":[{"href":"https:\/\/lospoliticosveracruz.com.mx\/index.php?rest_route=%2Fwp%2Fv2%2Fmedia&parent=152169"}],"wp:term":[{"taxonomy":"category","embeddable":true,"href":"https:\/\/lospoliticosveracruz.com.mx\/index.php?rest_route=%2Fwp%2Fv2%2Fcategories&post=152169"},{"taxonomy":"post_tag","embeddable":true,"href":"https:\/\/lospoliticosveracruz.com.mx\/index.php?rest_route=%2Fwp%2Fv2%2Ftags&post=152169"}],"curies":[{"name":"wp","href":"https:\/\/api.w.org\/{rel}","templated":true}]}}