{"id":152225,"date":"2025-09-09T06:21:33","date_gmt":"2025-09-09T11:21:33","guid":{"rendered":"https:\/\/lospoliticosveracruz.com.mx\/?p=152225"},"modified":"2025-09-09T06:21:52","modified_gmt":"2025-09-09T11:21:52","slug":"veracruz-el-abandono-empresarial","status":"publish","type":"post","link":"https:\/\/lospoliticosveracruz.com.mx\/?p=152225","title":{"rendered":"VERACRUZ, EL ABANDONO EMPRESARIAL"},"content":{"rendered":"\n<p><strong>Ricardo Chua<\/strong><\/p>\n\n\n\n<p><em>Sale y Vale<\/em><\/p>\n\n\n\n\n\n<p>El sector empresarial en Veracruz est\u00e1 m\u00e1s que preocupado.. Se siente desolado, sin apoyo e incertidumbre en sus inversiones en la entidad.. Muchos quieren migrar sus inversiones a otros estados del pa\u00eds o al extranjero.. Pero no a todos les da la econom\u00eda para hacerlo.. Est\u00e1n en un estado de indefensi\u00f3n porque las autoridades federales y estatales, no les garantizan que en el Estado, sus proyectos de inversi\u00f3n puedan avanzar sin problemas o peor a\u00fan, sin \u00abcobro de piso\u00bb por parte de los grupos fuera de la ley.. \u00abGarganta Profunda\u00bb se\u00f1ala que las reuniones que han sostenido con empresarios locales y nacionales.. Ven un panorama muy complicado para la entidad en materia de inversi\u00f3n p\u00fablica y privada..<\/p>\n\n\n\n<p>Lo m\u00e1s grave, menciona, es que no s\u00f3lo es el 2025, cuyo a\u00f1o lleva 9 meses transcurrido, sino que el problema de este panorama complicado en la entidad, se ver\u00e1 tambi\u00e9n reflejado en 2026.. Y lo que dicen estos empresarios for\u00e1neos y locales con presencia en Veracruz, es que finalmente, est\u00e1n DETENIENDO TODO TIPO DE INVERSIONES.. Ya que si este a\u00f1o lo dan por perdido, el otro que viene tiene una expectativa muy negativa.. Y as\u00ed no se puede avanzar en el desarrollo real para Veracruz.. No hay manera de hacerlo.. Sobre todo si la inversi\u00f3n p\u00fablica no se deja sentir en la entidad.. \u00bfQu\u00e9 se est\u00e1 haciendo con todo ese capital?.. Se preguntan..<\/p>\n\n\n\n<p>Adem\u00e1s de eso, ahora es el sector empresarial que opera en Veracruz, el que tiene que ver como hacer para resolver algo de este problema.. Pero ya se tiene muchos problemas acumulados y hay una inacci\u00f3n del gobierno del Estado y de la Secretar\u00eda de Desarrollo Econ\u00f3mico local, que ser\u00eda la encargada de fomentar ese desarrollo.. Pero no lo hay.. Sobre todo eso lo resiente el empresario que viaja constantemente de CDMX a Veracruz.. Ya que estos mismos se sienten inseguros, esto debido a que los clientes no est\u00e1n pagando, el gobierno estatal, pues, no invierte y eso detiene las acciones del empresariado..Es decir, no tienen certeza para la inversi\u00f3n privada en la entidad..<\/p>\n\n\n\n<p>Pero el problema se agrava, seg\u00fan \u00abGarganta Profunda\u00bb, porque los empresarios locales dicen que, por ejemplo, en la zona conurbada de Veracruz-Boca del R\u00edo, Xalapa, C\u00f3rdoba y Orizaba.. Se est\u00e1n presentando, como nunca antes, muchos m\u00e1s delitos del fuero com\u00fan, como son los asaltos a transe\u00fantes, comercios, empresas y no se diga el robo en carreteras.. Y ni las polic\u00edas estatales, municipales, ni las federales, pueden detener esta ola de inseguridad, que se siente en estas regiones.. Ya que el norte y sur del Estado, mejor ni hablar, ya que es imposible que exista la inversi\u00f3n por el tema de la violencia.. Que se ha recrudecido en los \u00faltimos meses\u2026<\/p>\n\n\n\n<p>Tambi\u00e9n algunos empresarios comentan que no hay sitios apropiados.. Que sean atractivos para colocar a sus empresas f\u00edsicamente.. Ya que muchos empresarios han visitado la Ciudad Industrial \u00abBruno Pagliai\u00bb, ya que se est\u00e1 hablando mucho de su reactivaci\u00f3n, pero coincidentemente ese fue uno de los temas por lo cual, no ven la manera de que puedan invertir m\u00e1s en el Estado.. Ya que se dieron una vuelta por la Ciudad Industrial y el panorama es de p\u00e1nico.. Encontraron calles destrozadas, oscuras, bodegas que est\u00e1n en venta y para poder recuperarlas, se requerir\u00eda de una gran inversi\u00f3n y como no hay dinero circulando, ser\u00e1 dif\u00edcil que se de..<\/p>\n\n\n\n<p>Por eso, \u00abGarganta Profunda\u00bb menciona que la percepci\u00f3n ciudadana y de los empresarios, que tienen inversiones en Veracruz, dicen que lo que hace falta es una estrategia clara, ya que hay una completa descoordinaci\u00f3n entre todos los niveles de gobierno.. Pero si a todo eso se suma que hay una presencia creciente de grupos delictivos, especialmente en el norte del estado, pues, no hay manera de que los empresarios quieran seguir arriesgando capitales en la entidad.. Por ello, mejor se van a otros estados y se llevan su inversi\u00f3n para otra regi\u00f3n del pa\u00eds.. Que les de certeza y garant\u00edas en su inversi\u00f3n, pero sobre todo que no sean rehenes de la delincuencia..<\/p>\n\n\n\n<p>Motivo por el cual, los empresarios piensan que a nivel nacional, ya estamos inmersos en una recesi\u00f3n econ\u00f3mica.. No hay inversi\u00f3n en infraestructura y la poca inversi\u00f3n que hay, va etiquetada a los amigos empresarios cercanos del gobernante o partido en el poder en turno \u00fanicamente.. Por eso, es que se ve un panorama muy dif\u00edcil.. Y se sabe que todo incide en la administraci\u00f3n p\u00fablica, sobre todo con poco margen de manejo pol\u00edtico.. Por ello, es que hacen falta operadores de alto nivel para aumentar la percepci\u00f3n positiva en la ciudadan\u00eda.. Ante lo cual, es que ven un panorama poco venturoso para Veracruz.. Al menos, de aqu\u00ed al 2027.. Todo est\u00e1 dif\u00edcil.. Pero es sumamente dif\u00edcil..<\/p>\n\n\n\n<p>\u00abGarganta Profunda\u00bb destaca que ni con los camiones nuevos chinos para el servicio del transporte p\u00fablico, que acaban de llegar, se puede decir que Veracruz est\u00e1 en v\u00edas de desarrollo.. Ya que, al final, son tecnolog\u00eda Euro 6 di\u00e9sel.. No ser\u00e1n ni el\u00e9ctricos e incluso tampoco h\u00edbridos.. Y son chinos, por lo que se puede esperar que la calidad de los autobuses sea pobre.. Lo raro es que esa tecnolog\u00eda la traen marcas europeas o \u00abgringas\u00bb, con mayor soporte en mantenimiento y refacciones.. Ser\u00e1n nuevos camiones y se ver\u00e1n muy agradables, pero tardar\u00e1n poco.. Es muy probable que est\u00e9n en malas condiciones, antes de terminar de pagarlos.. Y si no hay aumento de tarifas, por lo menos, a 12 pesos, los transportistas tendr\u00e1n graves problemas.. LO QUE SE VE, NO SE JUZGA<\/p>\n\n\n\n<p>REFLEXI\u00d3N.. Finalmente lo que en realidad lo que se ve.. Es que todo est\u00e1 muy \u00abdescompuesto\u00bb en la entidad veracruzana.. La inversi\u00f3n p\u00fablica por ende la privada se encuentra detenida.. No hay obra, no hay nada.. Por lo tanto, no hay circulante de dinero en las regiones productivas de Veracruz.. Lo cual provoca que haya crisis y recesi\u00f3n econ\u00f3mica en el Estado.. A pesar de que esto sea negado por los funcionarios p\u00fablicos, de todos los \u00e1mbitos de gobierno.. Si a eso se le suma, que la inseguridad va en ascenso en todas las zonas, pues, se llega a la conclusi\u00f3n que hay un gobierno rebasado.. Y por lo tanto, no hay nada de nada.. Se llevan 9 meses perdidos en este 2025.. AMEN..<\/p>\n","protected":false},"excerpt":{"rendered":"<p>Ricardo Chua Sale y Vale El sector empresarial en Veracruz est\u00e1 m\u00e1s que preocupado.. Se siente desolado, sin apoyo e incertidumbre en sus inversiones en la entidad.. Muchos quieren migrar sus inversiones a otros estados del pa\u00eds o al extranjero.. Pero no a todos les da la econom\u00eda para hacerlo.. Est\u00e1n en un estado de [&hellip;]<\/p>\n","protected":false},"author":2,"featured_media":141434,"comment_status":"closed","ping_status":"closed","sticky":false,"template":"","format":"standard","meta":{"_jetpack_newsletter_access":"","_jetpack_dont_email_post_to_subs":false,"_jetpack_newsletter_tier_id":0,"_jetpack_memberships_contains_paywalled_content":false,"_jetpack_memberships_contains_paid_content":false,"footnotes":""},"categories":[70],"tags":[196,11275,1026,195],"class_list":["post-152225","post","type-post","status-publish","format-standard","has-post-thumbnail","hentry","category-de-opinion","tag-inseguridad","tag-inversion","tag-morena","tag-veracruz"],"jetpack_featured_media_url":"https:\/\/lospoliticosveracruz.com.mx\/wp-content\/uploads\/2025\/04\/Chua-e1761364658706.jpg","jetpack_sharing_enabled":true,"jetpack_shortlink":"https:\/\/wp.me\/p4Qcd3-DBf","_links":{"self":[{"href":"https:\/\/lospoliticosveracruz.com.mx\/index.php?rest_route=\/wp\/v2\/posts\/152225","targetHints":{"allow":["GET"]}}],"collection":[{"href":"https:\/\/lospoliticosveracruz.com.mx\/index.php?rest_route=\/wp\/v2\/posts"}],"about":[{"href":"https:\/\/lospoliticosveracruz.com.mx\/index.php?rest_route=\/wp\/v2\/types\/post"}],"author":[{"embeddable":true,"href":"https:\/\/lospoliticosveracruz.com.mx\/index.php?rest_route=\/wp\/v2\/users\/2"}],"replies":[{"embeddable":true,"href":"https:\/\/lospoliticosveracruz.com.mx\/index.php?rest_route=%2Fwp%2Fv2%2Fcomments&post=152225"}],"version-history":[{"count":2,"href":"https:\/\/lospoliticosveracruz.com.mx\/index.php?rest_route=\/wp\/v2\/posts\/152225\/revisions"}],"predecessor-version":[{"id":152227,"href":"https:\/\/lospoliticosveracruz.com.mx\/index.php?rest_route=\/wp\/v2\/posts\/152225\/revisions\/152227"}],"wp:featuredmedia":[{"embeddable":true,"href":"https:\/\/lospoliticosveracruz.com.mx\/index.php?rest_route=\/wp\/v2\/media\/141434"}],"wp:attachment":[{"href":"https:\/\/lospoliticosveracruz.com.mx\/index.php?rest_route=%2Fwp%2Fv2%2Fmedia&parent=152225"}],"wp:term":[{"taxonomy":"category","embeddable":true,"href":"https:\/\/lospoliticosveracruz.com.mx\/index.php?rest_route=%2Fwp%2Fv2%2Fcategories&post=152225"},{"taxonomy":"post_tag","embeddable":true,"href":"https:\/\/lospoliticosveracruz.com.mx\/index.php?rest_route=%2Fwp%2Fv2%2Ftags&post=152225"}],"curies":[{"name":"wp","href":"https:\/\/api.w.org\/{rel}","templated":true}]}}