{"id":152232,"date":"2025-09-09T08:23:38","date_gmt":"2025-09-09T13:23:38","guid":{"rendered":"https:\/\/lospoliticosveracruz.com.mx\/?p=152232"},"modified":"2025-09-09T08:24:09","modified_gmt":"2025-09-09T13:24:09","slug":"el-cancer-infantil-no-espera","status":"publish","type":"post","link":"https:\/\/lospoliticosveracruz.com.mx\/?p=152232","title":{"rendered":"EL C\u00c1NCER INFANTIL NO ESPERA"},"content":{"rendered":"\n\n\n<p><br><strong>Elena C\u00f3rdova Molina<\/strong><\/p>\n\n\n\n<p><em>Legislando contigo<\/em><\/p>\n\n\n\n<p>Quienes hemos acompa\u00f1ado de cerca a un ser querido con c\u00e1ncer, sabemos que no hay palabra suficiente para describir lo que significa esa lucha. Es un dolor que se clava y deja cicatrices para siempre. Pero cuando ese dolor recae en una ni\u00f1a o un ni\u00f1o, no hay coraz\u00f3n que no se rompa.<\/p>\n\n\n\n<p>En Veracruz, como en todo M\u00e9xico, hay familias que cada d\u00eda despiertan con la incertidumbre de si ese tratamiento llegar\u00e1, si ese medicamento estar\u00e1 disponible, si el y tom\u00f3grafo del hospital estar\u00e1 funcionando para atender a su hijo. Mientras tanto, los d\u00edas pasan, y cada d\u00eda que pasa puede significar la diferencia entre la vida y la muerte.<\/p>\n\n\n\n<p>El c\u00e1ncer infantil no espera. No entiende de burocracia, de recortes ni de excusas. Por eso, hace casi 9 meses sub\u00ed a tribuna con una iniciativa que busca elevar a rango constitucional la atenci\u00f3n integral, inmediata y digna para ni\u00f1as, ni\u00f1os y adolescentes con c\u00e1ncer en Veracruz.<\/p>\n\n\n\n<p>Y sin embargo, hoy esa iniciativa sigue en la congeladora de la Comisi\u00f3n de Salud y Asistencia. Ah\u00ed est\u00e1 detenida, como si la vida de los ni\u00f1os pudiera ponerse en pausa, como si el dolor de sus padres y madres pudiera esperar a que alguien decida mover un expediente. Pero la enfermedad no espera, el sufrimiento no espera, la muerte no espera.<\/p>\n\n\n\n<p>No es posible que, mientras una familia se desvela buscando recursos para una quimioterapia, aqu\u00ed estemos detenidos en tr\u00e1mites. No es posible que, mientras un ni\u00f1o aguarda una cama de hospital, aqu\u00ed se posterguen las decisiones. \u00bfQu\u00e9 mensaje estamos mandando como Estado cuando dejamos que las iniciativas que salvan vidas duerman en un caj\u00f3n?<\/p>\n\n\n\n<p>Otros estados ya lo hicieron. Jalisco y Nuevo Le\u00f3n avanzaron en reconocer este derecho y garantizar recursos espec\u00edficos. \u00bfPor qu\u00e9 Veracruz tendr\u00eda que quedarse atr\u00e1s? Tenemos la capacidad, tenemos la gente solidaria y tenemos la obligaci\u00f3n moral. Lo \u00fanico que falta es la voluntad pol\u00edtica.<\/p>\n\n\n\n<p>No se trata de n\u00fameros, se trata de vidas. Se trata de que cada ni\u00f1a y ni\u00f1o tenga la oportunidad de correr, re\u00edr y aprender, en lugar de pasar su infancia entre hospitales. Se trata de que la pol\u00edtica sirva para lo m\u00e1s esencial: salvar vidas.<\/p>\n\n\n\n<p>Lo digo con claridad: ninguna batalla es m\u00e1s importante que la que se libra por la vida. Nuestra ni\u00f1ez no puede esperar m\u00e1s.<\/p>\n\n\n\n<p>Que quede claro: esta no es una causa de un partido, es una causa de amor, de dignidad y de justicia. Porque lo \u00fanico que piden esas ni\u00f1as y ni\u00f1os, lo \u00fanico, pero que lo significa todo, es vivir.<\/p>\n","protected":false},"excerpt":{"rendered":"<p>Elena C\u00f3rdova Molina Legislando contigo Quienes hemos acompa\u00f1ado de cerca a un ser querido con c\u00e1ncer, sabemos que no hay palabra suficiente para describir lo que significa esa lucha. Es un dolor que se clava y deja cicatrices para siempre. Pero cuando ese dolor recae en una ni\u00f1a o un ni\u00f1o, no hay coraz\u00f3n que [&hellip;]<\/p>\n","protected":false},"author":2,"featured_media":141382,"comment_status":"closed","ping_status":"closed","sticky":false,"template":"","format":"standard","meta":{"_jetpack_newsletter_access":"","_jetpack_dont_email_post_to_subs":false,"_jetpack_newsletter_tier_id":0,"_jetpack_memberships_contains_paywalled_content":false,"_jetpack_memberships_contains_paid_content":false,"footnotes":""},"categories":[70],"tags":[4707,4452,195],"class_list":["post-152232","post","type-post","status-publish","format-standard","has-post-thumbnail","hentry","category-de-opinion","tag-cancer-infantil","tag-elena-cordova","tag-veracruz"],"jetpack_featured_media_url":"https:\/\/lospoliticosveracruz.com.mx\/wp-content\/uploads\/2025\/04\/Elena-Cordova-Molina.jpg","jetpack_sharing_enabled":true,"jetpack_shortlink":"https:\/\/wp.me\/p4Qcd3-DBm","_links":{"self":[{"href":"https:\/\/lospoliticosveracruz.com.mx\/index.php?rest_route=\/wp\/v2\/posts\/152232","targetHints":{"allow":["GET"]}}],"collection":[{"href":"https:\/\/lospoliticosveracruz.com.mx\/index.php?rest_route=\/wp\/v2\/posts"}],"about":[{"href":"https:\/\/lospoliticosveracruz.com.mx\/index.php?rest_route=\/wp\/v2\/types\/post"}],"author":[{"embeddable":true,"href":"https:\/\/lospoliticosveracruz.com.mx\/index.php?rest_route=\/wp\/v2\/users\/2"}],"replies":[{"embeddable":true,"href":"https:\/\/lospoliticosveracruz.com.mx\/index.php?rest_route=%2Fwp%2Fv2%2Fcomments&post=152232"}],"version-history":[{"count":1,"href":"https:\/\/lospoliticosveracruz.com.mx\/index.php?rest_route=\/wp\/v2\/posts\/152232\/revisions"}],"predecessor-version":[{"id":152233,"href":"https:\/\/lospoliticosveracruz.com.mx\/index.php?rest_route=\/wp\/v2\/posts\/152232\/revisions\/152233"}],"wp:featuredmedia":[{"embeddable":true,"href":"https:\/\/lospoliticosveracruz.com.mx\/index.php?rest_route=\/wp\/v2\/media\/141382"}],"wp:attachment":[{"href":"https:\/\/lospoliticosveracruz.com.mx\/index.php?rest_route=%2Fwp%2Fv2%2Fmedia&parent=152232"}],"wp:term":[{"taxonomy":"category","embeddable":true,"href":"https:\/\/lospoliticosveracruz.com.mx\/index.php?rest_route=%2Fwp%2Fv2%2Fcategories&post=152232"},{"taxonomy":"post_tag","embeddable":true,"href":"https:\/\/lospoliticosveracruz.com.mx\/index.php?rest_route=%2Fwp%2Fv2%2Ftags&post=152232"}],"curies":[{"name":"wp","href":"https:\/\/api.w.org\/{rel}","templated":true}]}}